{"id":512828,"date":"2022-09-13T14:46:47","date_gmt":"2022-09-13T11:46:47","guid":{"rendered":"https:\/\/arantv.az\/?p=512828"},"modified":"2022-09-13T14:46:47","modified_gmt":"2022-09-13T11:46:47","slug":"erm%c9%99nistan-at%c9%99t-in-daimi-surasina-muraci%c9%99t-edib","status":"publish","type":"post","link":"https:\/\/arantv.az\/?p=512828","title":{"rendered":"Erm\u0259nistan AT\u018fT-in Daimi \u015euras\u0131na m\u00fcraci\u0259t edib"},"content":{"rendered":"<p>Erm\u0259nistan AT\u018fT-in Daimi \u015euras\u0131n\u0131n x\u00fcsusi iclas\u0131n\u0131n ke\u00e7irilm\u0259si t\u0259klifi il\u0259 \u00e7\u0131x\u0131\u015f edib.<\/p>\n<div class=\"AdviadNativeVideo\"><\/div>\n<p>Erm\u0259nistan Daimi \u015euradan Az\u0259rbaycan-Erm\u0259nistan s\u0259rh\u0259dind\u0259 ba\u015f ver\u0259n h\u0259rbi toqqu\u015fmalar\u0131 diqq\u0259td\u0259 saxlama\u011f\u0131 v\u0259 qurumdan m\u00fcvafiq b\u0259yanatla \u00e7\u0131x\u0131\u015f etm\u0259yi ist\u0259yir.<\/p>\n<p>Qeyd ed\u0259k ki, AT\u018fT-in Daimi \u015euras\u0131 m\u00fcnt\u0259z\u0259m olaraq siyasi m\u0259sl\u0259h\u0259tl\u0259\u015fm\u0259l\u0259r ke\u00e7irm\u0259k v\u0259 Nazirl\u0259r \u015euras\u0131n\u0131n iclaslar\u0131 aras\u0131nda AT\u018fT-in g\u00fcnd\u0259lik \u0259m\u0259liyyat f\u0259aliyy\u0259tin\u0259 r\u0259hb\u0259rlik etm\u0259k \u00fc\u00e7\u00fcn \u0259sas q\u0259rar q\u0259bul ed\u0259n orqand\u0131r.<\/p>\n<p>M\u0259nb\u0259: TASS<\/p>\n","protected":false},"excerpt":{"rendered":"<p>Erm\u0259nistan AT\u018fT-in Daimi \u015euras\u0131n\u0131n x\u00fcsusi iclas\u0131n\u0131n ke\u00e7irilm\u0259si t\u0259klifi il\u0259 \u00e7\u0131x\u0131\u015f edib. Erm\u0259nistan Daimi \u015euradan Az\u0259rbaycan-Erm\u0259nistan s\u0259rh\u0259dind\u0259 ba\u015f ver\u0259n h\u0259rbi toqqu\u015fmalar\u0131 diqq\u0259td\u0259 saxlama\u011f\u0131 v\u0259 qurumdan m\u00fcvafiq b\u0259yanatla \u00e7\u0131x\u0131\u015f etm\u0259yi ist\u0259yir. Qeyd ed\u0259k ki, AT\u018fT-in Daimi \u015euras\u0131 m\u00fcnt\u0259z\u0259m olaraq siyasi m\u0259sl\u0259h\u0259tl\u0259\u015fm\u0259l\u0259r ke\u00e7irm\u0259k v\u0259 Nazirl\u0259r \u015euras\u0131n\u0131n iclaslar\u0131 aras\u0131nda AT\u018fT-in g\u00fcnd\u0259lik \u0259m\u0259liyyat f\u0259aliyy\u0259tin\u0259 r\u0259hb\u0259rlik etm\u0259k \u00fc\u00e7\u00fcn \u0259sas q\u0259rar q\u0259bul ed\u0259n orqand\u0131r. M\u0259nb\u0259: TASS<\/p>\n","protected":false},"author":2,"featured_media":512829,"comment_status":"closed","ping_status":"closed","sticky":false,"template":"","format":"standard","meta":{"om_disable_all_campaigns":false,"_monsterinsights_skip_tracking":false,"_monsterinsights_sitenote_active":false,"_monsterinsights_sitenote_note":"","_monsterinsights_sitenote_category":0},"categories":[7],"tags":[],"aioseo_notices":[],"gutentor_comment":0,"rttpg_featured_image_url":{"full":["https:\/\/arantv.az\/wp-content\/uploads\/2022\/09\/FotoJet-2022-09-13T152616.331.jpg",620,413,false],"landscape":["https:\/\/arantv.az\/wp-content\/uploads\/2022\/09\/FotoJet-2022-09-13T152616.331.jpg",620,413,false],"portraits":["https:\/\/arantv.az\/wp-content\/uploads\/2022\/09\/FotoJet-2022-09-13T152616.331.jpg",620,413,false],"thumbnail":["https:\/\/arantv.az\/wp-content\/uploads\/2022\/09\/FotoJet-2022-09-13T152616.331-500x280.jpg",500,280,true],"medium":["https:\/\/arantv.az\/wp-content\/uploads\/2022\/09\/FotoJet-2022-09-13T152616.331-548x365.jpg",548,365,true],"large":["https:\/\/arantv.az\/wp-content\/uploads\/2022\/09\/FotoJet-2022-09-13T152616.331.jpg",620,413,false],"1536x1536":["https:\/\/arantv.az\/wp-content\/uploads\/2022\/09\/FotoJet-2022-09-13T152616.331.jpg",620,413,false],"2048x2048":["https:\/\/arantv.az\/wp-content\/uploads\/2022\/09\/FotoJet-2022-09-13T152616.331.jpg",620,413,false],"post-thumbnail":["https:\/\/arantv.az\/wp-content\/uploads\/2022\/09\/FotoJet-2022-09-13T152616.331-240x172.jpg",240,172,true],"advps-thumb-one":["https:\/\/arantv.az\/wp-content\/uploads\/2022\/09\/FotoJet-2022-09-13T152616.331.jpg",620,413,false]},"rttpg_author":{"display_name":"V\u00fcsal Rafiqo\u011flu","author_link":"https:\/\/arantv.az\/?author=2"},"rttpg_comment":0,"rttpg_category":"<a href=\"https:\/\/arantv.az\/?cat=7\" rel=\"category\">D\u00fcnya<\/a>","rttpg_excerpt":"Erm\u0259nistan AT\u018fT-in Daimi \u015euras\u0131n\u0131n x\u00fcsusi iclas\u0131n\u0131n ke\u00e7irilm\u0259si t\u0259klifi il\u0259 \u00e7\u0131x\u0131\u015f edib. Erm\u0259nistan Daimi \u015euradan Az\u0259rbaycan-Erm\u0259nistan s\u0259rh\u0259dind\u0259 ba\u015f ver\u0259n h\u0259rbi toqqu\u015fmalar\u0131 diqq\u0259td\u0259 saxlama\u011f\u0131 v\u0259 qurumdan m\u00fcvafiq b\u0259yanatla \u00e7\u0131x\u0131\u015f etm\u0259yi ist\u0259yir. Qeyd ed\u0259k ki, AT\u018fT-in Daimi \u015euras\u0131 m\u00fcnt\u0259z\u0259m olaraq siyasi m\u0259sl\u0259h\u0259tl\u0259\u015fm\u0259l\u0259r ke\u00e7irm\u0259k v\u0259 Nazirl\u0259r \u015euras\u0131n\u0131n iclaslar\u0131 aras\u0131nda AT\u018fT-in g\u00fcnd\u0259lik \u0259m\u0259liyyat f\u0259aliyy\u0259tin\u0259 r\u0259hb\u0259rlik etm\u0259k \u00fc\u00e7\u00fcn \u0259sas q\u0259rar q\u0259bul&hellip;","_links":{"self":[{"href":"https:\/\/arantv.az\/index.php?rest_route=\/wp\/v2\/posts\/512828"}],"collection":[{"href":"https:\/\/arantv.az\/index.php?rest_route=\/wp\/v2\/posts"}],"about":[{"href":"https:\/\/arantv.az\/index.php?rest_route=\/wp\/v2\/types\/post"}],"author":[{"embeddable":true,"href":"https:\/\/arantv.az\/index.php?rest_route=\/wp\/v2\/users\/2"}],"replies":[{"embeddable":true,"href":"https:\/\/arantv.az\/index.php?rest_route=%2Fwp%2Fv2%2Fcomments&post=512828"}],"version-history":[{"count":0,"href":"https:\/\/arantv.az\/index.php?rest_route=\/wp\/v2\/posts\/512828\/revisions"}],"wp:featuredmedia":[{"embeddable":true,"href":"https:\/\/arantv.az\/index.php?rest_route=\/wp\/v2\/media\/512829"}],"wp:attachment":[{"href":"https:\/\/arantv.az\/index.php?rest_route=%2Fwp%2Fv2%2Fmedia&parent=512828"}],"wp:term":[{"taxonomy":"category","embeddable":true,"href":"https:\/\/arantv.az\/index.php?rest_route=%2Fwp%2Fv2%2Fcategories&post=512828"},{"taxonomy":"post_tag","embeddable":true,"href":"https:\/\/arantv.az\/index.php?rest_route=%2Fwp%2Fv2%2Ftags&post=512828"}],"curies":[{"name":"wp","href":"https:\/\/api.w.org\/{rel}","templated":true}]}}