{"id":51356,"date":"2019-04-18T13:31:07","date_gmt":"2019-04-18T10:31:07","guid":{"rendered":"http:\/\/arantv.az\/?p=51356"},"modified":"2019-04-18T13:31:07","modified_gmt":"2019-04-18T10:31:07","slug":"xorvatiyali-nazir-bakiya-s%c9%99f%c9%99r-ed%c9%99c%c9%99k","status":"publish","type":"post","link":"https:\/\/arantv.az\/?p=51356","title":{"rendered":"Xorvatiyal\u0131 nazir Bak\u0131ya s\u0259f\u0259r ed\u0259c\u0259k"},"content":{"rendered":"<p><strong>Aprelin 29-da Xorvatiyan\u0131n Ba\u015f nazirinin m\u00fcavini, xarici v\u0259 Avropa \u0259laq\u0259l\u0259ri nazirinin Bak\u0131ya r\u0259smi s\u0259f\u0259ri planla\u015fd\u0131r\u0131l\u0131r.<\/strong><\/p>\n<p><strong>ARANTV.AZ<\/strong> bildirir ki, Xorvatiyan\u0131n Az\u0259rbaycandak\u0131 s\u0259firliyind\u0259n\u00a0<a href=\"http:\/\/az.trend.az\/\" target=\"_blank\" rel=\"noopener\">Trend<\/a>-\u0259 veril\u0259n m\u0259lumata g\u00f6r\u0259, nazir Az\u0259rbaycan\u0131n iqtisadiyyat naziri \u015eahin Mustafayevl\u0259 birg\u0259 Xorvatiya-Az\u0259rbaycan biznes forumunda i\u015ftirak ed\u0259c\u0259k.<\/p>\n<p>Daha sonra xorvatiyal\u0131 nazir Xorvatiyan\u0131n Bak\u0131dak\u0131 \u0259firliyinin a\u00e7\u0131l\u0131\u015f m\u0259rasimin\u0259 qat\u0131lacaq.<\/p>\n","protected":false},"excerpt":{"rendered":"<p>Aprelin 29-da Xorvatiyan\u0131n Ba\u015f nazirinin m\u00fcavini, xarici v\u0259 Avropa \u0259laq\u0259l\u0259ri nazirinin Bak\u0131ya r\u0259smi s\u0259f\u0259ri planla\u015fd\u0131r\u0131l\u0131r. ARANTV.AZ bildirir ki, Xorvatiyan\u0131n Az\u0259rbaycandak\u0131 s\u0259firliyind\u0259n\u00a0Trend-\u0259 veril\u0259n m\u0259lumata g\u00f6r\u0259, nazir Az\u0259rbaycan\u0131n iqtisadiyyat naziri \u015eahin Mustafayevl\u0259 birg\u0259 Xorvatiya-Az\u0259rbaycan biznes forumunda i\u015ftirak ed\u0259c\u0259k. Daha sonra xorvatiyal\u0131 nazir Xorvatiyan\u0131n Bak\u0131dak\u0131 \u0259firliyinin a\u00e7\u0131l\u0131\u015f m\u0259rasimin\u0259 qat\u0131lacaq.<\/p>\n","protected":false},"author":2,"featured_media":51357,"comment_status":"closed","ping_status":"closed","sticky":false,"template":"","format":"standard","meta":{"om_disable_all_campaigns":false,"_monsterinsights_skip_tracking":false,"_monsterinsights_sitenote_active":false,"_monsterinsights_sitenote_note":"","_monsterinsights_sitenote_category":0},"categories":[4],"tags":[],"aioseo_notices":[],"gutentor_comment":0,"rttpg_featured_image_url":{"full":["https:\/\/arantv.az\/wp-content\/uploads\/2019\/04\/747868.jpg",800,600,false],"landscape":["https:\/\/arantv.az\/wp-content\/uploads\/2019\/04\/747868.jpg",800,600,false],"portraits":["https:\/\/arantv.az\/wp-content\/uploads\/2019\/04\/747868.jpg",800,600,false],"thumbnail":["https:\/\/arantv.az\/wp-content\/uploads\/2019\/04\/747868-150x150.jpg",150,150,true],"medium":["https:\/\/arantv.az\/wp-content\/uploads\/2019\/04\/747868-300x225.jpg",300,225,true],"large":["https:\/\/arantv.az\/wp-content\/uploads\/2019\/04\/747868.jpg",640,480,false],"1536x1536":["https:\/\/arantv.az\/wp-content\/uploads\/2019\/04\/747868.jpg",800,600,false],"2048x2048":["https:\/\/arantv.az\/wp-content\/uploads\/2019\/04\/747868.jpg",800,600,false],"post-thumbnail":["https:\/\/arantv.az\/wp-content\/uploads\/2019\/04\/747868-240x172.jpg",240,172,true],"advps-thumb-one":["https:\/\/arantv.az\/wp-content\/uploads\/2019\/04\/747868.jpg",800,600,false]},"rttpg_author":{"display_name":"V\u00fcsal Rafiqo\u011flu","author_link":"https:\/\/arantv.az\/?author=2"},"rttpg_comment":0,"rttpg_category":"<a href=\"https:\/\/arantv.az\/?cat=4\" rel=\"category\">Siyas\u0259t<\/a>","rttpg_excerpt":"Aprelin 29-da Xorvatiyan\u0131n Ba\u015f nazirinin m\u00fcavini, xarici v\u0259 Avropa \u0259laq\u0259l\u0259ri nazirinin Bak\u0131ya r\u0259smi s\u0259f\u0259ri planla\u015fd\u0131r\u0131l\u0131r. ARANTV.AZ bildirir ki, Xorvatiyan\u0131n Az\u0259rbaycandak\u0131 s\u0259firliyind\u0259n\u00a0Trend-\u0259 veril\u0259n m\u0259lumata g\u00f6r\u0259, nazir Az\u0259rbaycan\u0131n iqtisadiyyat naziri \u015eahin Mustafayevl\u0259 birg\u0259 Xorvatiya-Az\u0259rbaycan biznes forumunda i\u015ftirak ed\u0259c\u0259k. Daha sonra xorvatiyal\u0131 nazir Xorvatiyan\u0131n Bak\u0131dak\u0131 \u0259firliyinin a\u00e7\u0131l\u0131\u015f m\u0259rasimin\u0259 qat\u0131lacaq.","_links":{"self":[{"href":"https:\/\/arantv.az\/index.php?rest_route=\/wp\/v2\/posts\/51356"}],"collection":[{"href":"https:\/\/arantv.az\/index.php?rest_route=\/wp\/v2\/posts"}],"about":[{"href":"https:\/\/arantv.az\/index.php?rest_route=\/wp\/v2\/types\/post"}],"author":[{"embeddable":true,"href":"https:\/\/arantv.az\/index.php?rest_route=\/wp\/v2\/users\/2"}],"replies":[{"embeddable":true,"href":"https:\/\/arantv.az\/index.php?rest_route=%2Fwp%2Fv2%2Fcomments&post=51356"}],"version-history":[{"count":0,"href":"https:\/\/arantv.az\/index.php?rest_route=\/wp\/v2\/posts\/51356\/revisions"}],"wp:featuredmedia":[{"embeddable":true,"href":"https:\/\/arantv.az\/index.php?rest_route=\/wp\/v2\/media\/51357"}],"wp:attachment":[{"href":"https:\/\/arantv.az\/index.php?rest_route=%2Fwp%2Fv2%2Fmedia&parent=51356"}],"wp:term":[{"taxonomy":"category","embeddable":true,"href":"https:\/\/arantv.az\/index.php?rest_route=%2Fwp%2Fv2%2Fcategories&post=51356"},{"taxonomy":"post_tag","embeddable":true,"href":"https:\/\/arantv.az\/index.php?rest_route=%2Fwp%2Fv2%2Ftags&post=51356"}],"curies":[{"name":"wp","href":"https:\/\/api.w.org\/{rel}","templated":true}]}}