{"id":51367,"date":"2019-04-18T14:29:41","date_gmt":"2019-04-18T11:29:41","guid":{"rendered":"http:\/\/arantv.az\/?p=51367"},"modified":"2019-04-18T14:29:41","modified_gmt":"2019-04-18T11:29:41","slug":"t%c9%99zyiq%c9%99-m%c9%99ruz-qalan-usaqlar-ucun-qaynar-x%c9%99tt-yaradilir","status":"publish","type":"post","link":"https:\/\/arantv.az\/?p=51367","title":{"rendered":"T\u0259zyiq\u0259 m\u0259ruz qalan u\u015faqlar \u00fc\u00e7\u00fcn qaynar x\u0259tt yarad\u0131l\u0131r"},"content":{"rendered":"<p>M\u0259i\u015f\u0259t z\u0259minind\u0259 zorak\u0131l\u0131q, x\u00fcsus\u0259n m\u0259n\u0259vi-psixoloji t\u0259zyiq hallar\u0131na m\u0259ruz qalan\u00a0u\u015faqlara yard\u0131m m\u0259qs\u0259dil\u0259 Qaynar x\u0259tt yarad\u0131l\u0131r.<\/p>\n<p><b>ARANTV.AZ\u00a0<\/b> x\u0259b\u0259r verir ki, bu bar\u0259d\u0259\u00a0\u018fm\u0259k v\u0259 \u018fhalinin Sosial M\u00fcdafi\u0259si Nazirliyind\u0259\u00a0(\u018f\u018fSMN) ke\u00e7iril\u0259n t\u0259dbir zaman\u0131\u00a0nazir m\u00fcavini Anar K\u0259rimov m\u0259lumat verib.<\/p>\n<p>Bildirilib ki,\u00a0m\u0259n\u0259vi-psixoloji t\u0259zyiql\u0259r\u0259 m\u0259ruz qalan u\u015faqlara proaktiv y\u00f6n\u00fcml\u00fc d\u0259st\u0259yin t\u0259min edilm\u0259si \u00fc\u00e7\u00fcn ayr\u0131ca bir Qaynar x\u0259ttin yarad\u0131lmas\u0131 n\u0259z\u0259rd\u0259 tutulur.<\/p>\n<div id=\"AdviadNativeVideo0\" class=\"AdviadNativeVideo\"><\/div>\n<p>O vur\u011fulay\u0131b ki, yarad\u0131lmas\u0131 n\u0259z\u0259rd\u0259 tutulan Qaynar x\u0259tt\u00a0zorak\u0131l\u0131q, m\u0259n\u0259vi-psixoloji t\u0259zyiq hallar\u0131 il\u0259 \u00fczl\u0259\u015f\u0259n u\u015faqlar\u0131n operativ \u015f\u0259kild\u0259 d\u0259st\u0259k t\u0259dbirl\u0259ri il\u0259 \u0259hat\u0259 olunmas\u0131na xidm\u0259t ed\u0259c\u0259k.<\/p>\n<p>Xat\u0131rladaq ki, bir ne\u00e7\u0259 g\u00fcn \u0259vv\u0259l t\u0259hsil naziri Ceyhun Bayramov Bak\u0131 \u015f\u0259h\u0259rinin 162 n\u00f6mr\u0259li tam orta m\u0259kt\u0259binin \u015fagirdi Elina Hac\u0131yevan\u0131n intihar etm\u0259si il\u0259 ba\u011fl\u0131 ke\u00e7irdiyi m\u0259tbuat konfrans\u0131nda\u00a0\u00a0t\u0259hsil idar\u0259etm\u0259 orqanlar\u0131nda bu m\u00f6vzu il\u0259 ba\u011fl\u0131 Qaynar x\u0259ttin yarad\u0131laca\u011f\u0131 bar\u0259d\u0259 tap\u015f\u0131r\u0131q verdiyini demi\u015fdi.oxu.az<\/p>\n","protected":false},"excerpt":{"rendered":"<p>M\u0259i\u015f\u0259t z\u0259minind\u0259 zorak\u0131l\u0131q, x\u00fcsus\u0259n m\u0259n\u0259vi-psixoloji t\u0259zyiq hallar\u0131na m\u0259ruz qalan\u00a0u\u015faqlara yard\u0131m m\u0259qs\u0259dil\u0259 Qaynar x\u0259tt yarad\u0131l\u0131r. ARANTV.AZ\u00a0 x\u0259b\u0259r verir ki, bu bar\u0259d\u0259\u00a0\u018fm\u0259k v\u0259 \u018fhalinin Sosial M\u00fcdafi\u0259si Nazirliyind\u0259\u00a0(\u018f\u018fSMN) ke\u00e7iril\u0259n t\u0259dbir zaman\u0131\u00a0nazir m\u00fcavini Anar K\u0259rimov m\u0259lumat verib. Bildirilib ki,\u00a0m\u0259n\u0259vi-psixoloji t\u0259zyiql\u0259r\u0259 m\u0259ruz qalan u\u015faqlara proaktiv y\u00f6n\u00fcml\u00fc d\u0259st\u0259yin t\u0259min edilm\u0259si \u00fc\u00e7\u00fcn ayr\u0131ca bir Qaynar x\u0259ttin yarad\u0131lmas\u0131 n\u0259z\u0259rd\u0259 tutulur. O vur\u011fulay\u0131b ki, yarad\u0131lmas\u0131 n\u0259z\u0259rd\u0259 tutulan Qaynar x\u0259tt\u00a0zorak\u0131l\u0131q, m\u0259n\u0259vi-psixoloji t\u0259zyiq hallar\u0131 il\u0259 \u00fczl\u0259\u015f\u0259n u\u015faqlar\u0131n operativ \u015f\u0259kild\u0259 d\u0259st\u0259k t\u0259dbirl\u0259ri il\u0259 \u0259hat\u0259 olunmas\u0131na xidm\u0259t ed\u0259c\u0259k. Xat\u0131rladaq ki, bir ne\u00e7\u0259 g\u00fcn \u0259vv\u0259l t\u0259hsil naziri Ceyhun Bayramov Bak\u0131 \u015f\u0259h\u0259rinin 162 n\u00f6mr\u0259li tam&hellip;<\/p>\n","protected":false},"author":2,"featured_media":51368,"comment_status":"closed","ping_status":"closed","sticky":false,"template":"","format":"standard","meta":{"om_disable_all_campaigns":false,"_monsterinsights_skip_tracking":false,"_monsterinsights_sitenote_active":false,"_monsterinsights_sitenote_note":"","_monsterinsights_sitenote_category":0},"categories":[1],"tags":[],"aioseo_notices":[],"gutentor_comment":0,"rttpg_featured_image_url":{"full":["https:\/\/arantv.az\/wp-content\/uploads\/2019\/04\/child-call-911.jpg",620,326,false],"landscape":["https:\/\/arantv.az\/wp-content\/uploads\/2019\/04\/child-call-911.jpg",620,326,false],"portraits":["https:\/\/arantv.az\/wp-content\/uploads\/2019\/04\/child-call-911.jpg",620,326,false],"thumbnail":["https:\/\/arantv.az\/wp-content\/uploads\/2019\/04\/child-call-911-150x150.jpg",150,150,true],"medium":["https:\/\/arantv.az\/wp-content\/uploads\/2019\/04\/child-call-911-300x158.jpg",300,158,true],"large":["https:\/\/arantv.az\/wp-content\/uploads\/2019\/04\/child-call-911.jpg",620,326,false],"1536x1536":["https:\/\/arantv.az\/wp-content\/uploads\/2019\/04\/child-call-911.jpg",620,326,false],"2048x2048":["https:\/\/arantv.az\/wp-content\/uploads\/2019\/04\/child-call-911.jpg",620,326,false],"post-thumbnail":["https:\/\/arantv.az\/wp-content\/uploads\/2019\/04\/child-call-911-240x172.jpg",240,172,true],"advps-thumb-one":["https:\/\/arantv.az\/wp-content\/uploads\/2019\/04\/child-call-911.jpg",620,326,false]},"rttpg_author":{"display_name":"V\u00fcsal Rafiqo\u011flu","author_link":"https:\/\/arantv.az\/?author=2"},"rttpg_comment":0,"rttpg_category":"<a href=\"https:\/\/arantv.az\/?cat=1\" rel=\"category\">C\u0259miyy\u0259t<\/a>","rttpg_excerpt":"M\u0259i\u015f\u0259t z\u0259minind\u0259 zorak\u0131l\u0131q, x\u00fcsus\u0259n m\u0259n\u0259vi-psixoloji t\u0259zyiq hallar\u0131na m\u0259ruz qalan\u00a0u\u015faqlara yard\u0131m m\u0259qs\u0259dil\u0259 Qaynar x\u0259tt yarad\u0131l\u0131r. ARANTV.AZ\u00a0 x\u0259b\u0259r verir ki, bu bar\u0259d\u0259\u00a0\u018fm\u0259k v\u0259 \u018fhalinin Sosial M\u00fcdafi\u0259si Nazirliyind\u0259\u00a0(\u018f\u018fSMN) ke\u00e7iril\u0259n t\u0259dbir zaman\u0131\u00a0nazir m\u00fcavini Anar K\u0259rimov m\u0259lumat verib. Bildirilib ki,\u00a0m\u0259n\u0259vi-psixoloji t\u0259zyiql\u0259r\u0259 m\u0259ruz qalan u\u015faqlara proaktiv y\u00f6n\u00fcml\u00fc d\u0259st\u0259yin t\u0259min edilm\u0259si \u00fc\u00e7\u00fcn ayr\u0131ca bir Qaynar x\u0259ttin yarad\u0131lmas\u0131 n\u0259z\u0259rd\u0259 tutulur. O vur\u011fulay\u0131b ki,&hellip;","_links":{"self":[{"href":"https:\/\/arantv.az\/index.php?rest_route=\/wp\/v2\/posts\/51367"}],"collection":[{"href":"https:\/\/arantv.az\/index.php?rest_route=\/wp\/v2\/posts"}],"about":[{"href":"https:\/\/arantv.az\/index.php?rest_route=\/wp\/v2\/types\/post"}],"author":[{"embeddable":true,"href":"https:\/\/arantv.az\/index.php?rest_route=\/wp\/v2\/users\/2"}],"replies":[{"embeddable":true,"href":"https:\/\/arantv.az\/index.php?rest_route=%2Fwp%2Fv2%2Fcomments&post=51367"}],"version-history":[{"count":0,"href":"https:\/\/arantv.az\/index.php?rest_route=\/wp\/v2\/posts\/51367\/revisions"}],"wp:featuredmedia":[{"embeddable":true,"href":"https:\/\/arantv.az\/index.php?rest_route=\/wp\/v2\/media\/51368"}],"wp:attachment":[{"href":"https:\/\/arantv.az\/index.php?rest_route=%2Fwp%2Fv2%2Fmedia&parent=51367"}],"wp:term":[{"taxonomy":"category","embeddable":true,"href":"https:\/\/arantv.az\/index.php?rest_route=%2Fwp%2Fv2%2Fcategories&post=51367"},{"taxonomy":"post_tag","embeddable":true,"href":"https:\/\/arantv.az\/index.php?rest_route=%2Fwp%2Fv2%2Ftags&post=51367"}],"curies":[{"name":"wp","href":"https:\/\/api.w.org\/{rel}","templated":true}]}}