{"id":51371,"date":"2019-04-18T14:31:07","date_gmt":"2019-04-18T11:31:07","guid":{"rendered":"http:\/\/arantv.az\/?p=51371"},"modified":"2019-04-18T14:31:07","modified_gmt":"2019-04-18T11:31:07","slug":"ilham-%c9%99liyev-maas-v%c9%99-pensiyalar-bundan-sonra-da-qaldirilacaq","status":"publish","type":"post","link":"https:\/\/arantv.az\/?p=51371","title":{"rendered":"\u0130lham \u018fliyev: Maa\u015f v\u0259 pensiyalar bundan sonra da qald\u0131r\u0131lacaq"},"content":{"rendered":"<p>Az\u0259rbaycanda problemi kreditl\u0259r m\u0259s\u0259l\u0259si el\u0259 s\u0259viyy\u0259d\u0259 h\u0259ll olundu ki, bunun d\u00fcnyada b\u0259nz\u0259ri yoxdur. Bir \u00e7ox \u00f6lk\u0259l\u0259rd\u0259 bu problem m\u00f6vcuddur.<\/p>\n<p>Bu fikirl\u0259ri prezident \u0130lham \u018fliyev Bak\u0131n\u0131n Suraxan\u0131 rayonunun Qara\u00e7uxur q\u0259s\u0259b\u0259sind\u0259 \u0259sasl\u0131 \u015f\u0259kild\u0259 yenid\u0259n qurulan Neft\u00e7il\u0259r park\u0131nda sakinl\u0259rl\u0259\u00a0<a href=\"https:\/\/oxu.az\/politics\/308181\" target=\"_blank\" rel=\"noopener\">g\u00f6r\u00fc\u015f\u00fc<\/a>nd\u0259 deyib.<\/p>\n<p>O bildirib ki, Az\u0259rbaycanda maa\u015f v\u0259 pensiyalar bundan sonra da qald\u0131r\u0131lacaq:<\/p>\n<div id=\"AdviadNativeVideo0\" class=\"AdviadNativeVideo\"><\/div>\n<p>\u201cAncaq biz \u00e7ox ciddi q\u0259rar q\u0259bul etdik. V\u0259t\u0259nda\u015flar\u0131n maraqlar\u0131n\u0131 maksimum n\u0259z\u0259r\u0259 alan q\u0259rar oldu. Y\u00fcz minl\u0259rl\u0259 insan bu f\u0259rmandan faydalanacaq. Minimum \u0259m\u0259khaqq\u0131 v\u0259 pensiyan\u0131n t\u0259xmin\u0259n 40 faiz qald\u0131r\u0131lmas\u0131 da \u00f6n\u0259mli add\u0131md\u0131r. Ancaq onu da dem\u0259liy\u0259m ki, bu art\u0131m b\u00f6y\u00fck olsa da, bizi qane ed\u0259 bilm\u0259z. \u00c7\u00fcnki bizd\u0259 maa\u015f v\u0259 pensiyalar bundan sonra da qald\u0131r\u0131lacaq.<\/p>\n<p>M\u00fcvafiq g\u00f6st\u0259ri\u015fl\u0259r verildi. \u0130ndi h\u00f6kum\u0259td\u0259 i\u015fl\u0259r apar\u0131l\u0131r. Bizim indi maliyy\u0259 imkanlar\u0131m\u0131z art\u0131b. \u00c7\u00fcnki \u00f6lk\u0259mizd\u0259 apar\u0131lan ciddi iqtisadi islahatlar biz\u0259 \u0259lav\u0259 g\u0259lirl\u0259r g\u0259tirdi. Bu ilin \u0259vv\u0259lind\u0259n kifay\u0259t q\u0259d\u0259r b\u00f6y\u00fck m\u0259bl\u0259\u011f b\u00fcdc\u0259y\u0259 daxil olub v\u0259 m\u0259nim g\u00f6st\u0259ri\u015fiml\u0259 \u0259lav\u0259 y\u0131\u011f\u0131lan b\u00fcdc\u0259 g\u0259lirl\u0259ri ilk n\u00f6vb\u0259d\u0259 v\u0259t\u0259nda\u015flar\u0131n sosial m\u00fcdafi\u0259sin\u0259, o c\u00fcml\u0259d\u0259n, maa\u015flar v\u0259 pensiyalar\u0131n qald\u0131r\u0131lmas\u0131na istiqam\u0259tl\u0259ndirilm\u0259lidir.<\/p>\n<p>Bu q\u0259rar\u0131n mart ay\u0131nda q\u0259bul olunmas\u0131na baxmayaraq, aprelin \u0259vv\u0259lind\u0259n sosial m\u00fcavin\u0259tl\u0259rin art\u0131m\u0131 q\u00fcvv\u0259y\u0259 mindi. Sosial m\u00fcavin\u0259tl\u0259r orta hesabla iki d\u0259f\u0259 art\u0131r\u0131ld\u0131. Bu proqram 600 min\u0259 yax\u0131n insan\u0131 \u0259hat\u0259 edib. Bu istiqam\u0259td\u0259 i\u015fl\u0259r davam etdiril\u0259c\u0259k\u201d, &#8211; prezident \u0259lav\u0259 edib.<\/p>\n","protected":false},"excerpt":{"rendered":"<p>Az\u0259rbaycanda problemi kreditl\u0259r m\u0259s\u0259l\u0259si el\u0259 s\u0259viyy\u0259d\u0259 h\u0259ll olundu ki, bunun d\u00fcnyada b\u0259nz\u0259ri yoxdur. Bir \u00e7ox \u00f6lk\u0259l\u0259rd\u0259 bu problem m\u00f6vcuddur. Bu fikirl\u0259ri prezident \u0130lham \u018fliyev Bak\u0131n\u0131n Suraxan\u0131 rayonunun Qara\u00e7uxur q\u0259s\u0259b\u0259sind\u0259 \u0259sasl\u0131 \u015f\u0259kild\u0259 yenid\u0259n qurulan Neft\u00e7il\u0259r park\u0131nda sakinl\u0259rl\u0259\u00a0g\u00f6r\u00fc\u015f\u00fcnd\u0259 deyib. O bildirib ki, Az\u0259rbaycanda maa\u015f v\u0259 pensiyalar bundan sonra da qald\u0131r\u0131lacaq: \u201cAncaq biz \u00e7ox ciddi q\u0259rar q\u0259bul etdik. V\u0259t\u0259nda\u015flar\u0131n maraqlar\u0131n\u0131 maksimum n\u0259z\u0259r\u0259 alan q\u0259rar oldu. Y\u00fcz minl\u0259rl\u0259 insan bu f\u0259rmandan faydalanacaq. Minimum \u0259m\u0259khaqq\u0131 v\u0259 pensiyan\u0131n t\u0259xmin\u0259n 40 faiz qald\u0131r\u0131lmas\u0131 da \u00f6n\u0259mli add\u0131md\u0131r. Ancaq onu da dem\u0259liy\u0259m ki, bu art\u0131m b\u00f6y\u00fck olsa da, bizi&hellip;<\/p>\n","protected":false},"author":2,"featured_media":51372,"comment_status":"closed","ping_status":"closed","sticky":false,"template":"","format":"standard","meta":{"om_disable_all_campaigns":false,"_monsterinsights_skip_tracking":false,"_monsterinsights_sitenote_active":false,"_monsterinsights_sitenote_note":"","_monsterinsights_sitenote_category":0},"categories":[4],"tags":[],"aioseo_notices":[],"gutentor_comment":0,"rttpg_featured_image_url":{"full":["https:\/\/arantv.az\/wp-content\/uploads\/2019\/04\/prez-1.jpg",590,422,false],"landscape":["https:\/\/arantv.az\/wp-content\/uploads\/2019\/04\/prez-1.jpg",590,422,false],"portraits":["https:\/\/arantv.az\/wp-content\/uploads\/2019\/04\/prez-1.jpg",590,422,false],"thumbnail":["https:\/\/arantv.az\/wp-content\/uploads\/2019\/04\/prez-1-150x150.jpg",150,150,true],"medium":["https:\/\/arantv.az\/wp-content\/uploads\/2019\/04\/prez-1-300x215.jpg",300,215,true],"large":["https:\/\/arantv.az\/wp-content\/uploads\/2019\/04\/prez-1.jpg",590,422,false],"1536x1536":["https:\/\/arantv.az\/wp-content\/uploads\/2019\/04\/prez-1.jpg",590,422,false],"2048x2048":["https:\/\/arantv.az\/wp-content\/uploads\/2019\/04\/prez-1.jpg",590,422,false],"post-thumbnail":["https:\/\/arantv.az\/wp-content\/uploads\/2019\/04\/prez-1-240x172.jpg",240,172,true],"advps-thumb-one":["https:\/\/arantv.az\/wp-content\/uploads\/2019\/04\/prez-1.jpg",590,422,false]},"rttpg_author":{"display_name":"V\u00fcsal Rafiqo\u011flu","author_link":"https:\/\/arantv.az\/?author=2"},"rttpg_comment":0,"rttpg_category":"<a href=\"https:\/\/arantv.az\/?cat=4\" rel=\"category\">Siyas\u0259t<\/a>","rttpg_excerpt":"Az\u0259rbaycanda problemi kreditl\u0259r m\u0259s\u0259l\u0259si el\u0259 s\u0259viyy\u0259d\u0259 h\u0259ll olundu ki, bunun d\u00fcnyada b\u0259nz\u0259ri yoxdur. Bir \u00e7ox \u00f6lk\u0259l\u0259rd\u0259 bu problem m\u00f6vcuddur. Bu fikirl\u0259ri prezident \u0130lham \u018fliyev Bak\u0131n\u0131n Suraxan\u0131 rayonunun Qara\u00e7uxur q\u0259s\u0259b\u0259sind\u0259 \u0259sasl\u0131 \u015f\u0259kild\u0259 yenid\u0259n qurulan Neft\u00e7il\u0259r park\u0131nda sakinl\u0259rl\u0259\u00a0g\u00f6r\u00fc\u015f\u00fcnd\u0259 deyib. O bildirib ki, Az\u0259rbaycanda maa\u015f v\u0259 pensiyalar bundan sonra da qald\u0131r\u0131lacaq: \u201cAncaq biz \u00e7ox ciddi q\u0259rar q\u0259bul etdik.&hellip;","_links":{"self":[{"href":"https:\/\/arantv.az\/index.php?rest_route=\/wp\/v2\/posts\/51371"}],"collection":[{"href":"https:\/\/arantv.az\/index.php?rest_route=\/wp\/v2\/posts"}],"about":[{"href":"https:\/\/arantv.az\/index.php?rest_route=\/wp\/v2\/types\/post"}],"author":[{"embeddable":true,"href":"https:\/\/arantv.az\/index.php?rest_route=\/wp\/v2\/users\/2"}],"replies":[{"embeddable":true,"href":"https:\/\/arantv.az\/index.php?rest_route=%2Fwp%2Fv2%2Fcomments&post=51371"}],"version-history":[{"count":0,"href":"https:\/\/arantv.az\/index.php?rest_route=\/wp\/v2\/posts\/51371\/revisions"}],"wp:featuredmedia":[{"embeddable":true,"href":"https:\/\/arantv.az\/index.php?rest_route=\/wp\/v2\/media\/51372"}],"wp:attachment":[{"href":"https:\/\/arantv.az\/index.php?rest_route=%2Fwp%2Fv2%2Fmedia&parent=51371"}],"wp:term":[{"taxonomy":"category","embeddable":true,"href":"https:\/\/arantv.az\/index.php?rest_route=%2Fwp%2Fv2%2Fcategories&post=51371"},{"taxonomy":"post_tag","embeddable":true,"href":"https:\/\/arantv.az\/index.php?rest_route=%2Fwp%2Fv2%2Ftags&post=51371"}],"curies":[{"name":"wp","href":"https:\/\/api.w.org\/{rel}","templated":true}]}}