{"id":51380,"date":"2019-04-18T14:36:38","date_gmt":"2019-04-18T11:36:38","guid":{"rendered":"http:\/\/arantv.az\/?p=51380"},"modified":"2019-04-18T14:36:38","modified_gmt":"2019-04-18T11:36:38","slug":"yeni-t%c9%99sis-olunan-t%c9%99qaudl%c9%99r-niy%c9%99-verilmir","status":"publish","type":"post","link":"https:\/\/arantv.az\/?p=51380","title":{"rendered":"Yeni t\u0259sis olunan t\u0259qa\u00fcdl\u0259r niy\u0259 verilmir?"},"content":{"rendered":"<p>\u018fm\u0259k pensiyas\u0131 alan birinci qrup \u0259lilliyi olan \u015f\u0259xsl\u0259r\u0259 v\u0259 m\u00fcharib\u0259 veteranlar\u0131na pensiyalar\u0131n verilm\u0259si aprel ay\u0131n\u0131n sonundan ba\u015flanacaq.<\/p>\n<p><b>ARANTV.AZ\u00a0<\/b> x\u0259b\u0259r verir ki, bu bar\u0259d\u0259 oxu.az-a \u018fm\u0259k v\u0259 \u018fhalinin Sosial M\u00fcdafi\u0259si Nazirliyinin m\u0259tbuat xidm\u0259tinin r\u0259hb\u0259ri Fazil Tal\u0131bl\u0131 m\u0259lumat verib.<\/p>\n<p>O bildirib ki, yeni t\u0259sis olunmu\u015f t\u0259qa\u00fcdl\u0259rin h\u0259l\u0259lik verilm\u0259m\u0259si il\u0259 ba\u011fl\u0131 narahatl\u0131\u011fa \u0259sas yoxdur:<\/p>\n<div id=\"AdviadNativeVideo0\" class=\"AdviadNativeVideo\"><\/div>\n<p>\u201cBildiyiniz kimi, \u0259m\u0259k pensiyas\u0131 alan birinci qrup \u0259lilliyi olan \u015f\u0259xsl\u0259r, habel\u0259 onlara, sa\u011flaml\u0131q imkanlar\u0131 m\u0259hdud u\u015faqlara qulluq ed\u0259nl\u0259r v\u0259 m\u00fcharib\u0259 veteranlar\u0131 (o c\u00fcml\u0259d\u0259n, \u0259m\u0259k pensiyas\u0131 alanlar) \u00fc\u00e7\u00fcn aprelin 1-d\u0259n Prezidentin ayl\u0131q t\u0259qa\u00fcd\u00fc t\u0259sis edilib.<\/p>\n<p>Aprel ay\u0131 \u00fczr\u0259 pensiyalar\u0131n \u00f6d\u0259ni\u015fin\u0259 ba\u015flan\u0131lsa da, \u0259m\u0259k pensiyas\u0131 alan birinci qrup \u0259lilliyi olan \u015f\u0259xsl\u0259r\u0259 v\u0259 m\u00fcharib\u0259 veteranlar\u0131na pensiyalarla birg\u0259 yeni t\u0259sis olunmu\u015f t\u0259qa\u00fcdl\u0259rin h\u0259l\u0259lik verilm\u0259m\u0259si il\u0259 ba\u011fl\u0131 narahatl\u0131\u011fa \u0259sas yoxdur. Qeyd olunan t\u0259qa\u00fcdl\u0259r yeni t\u0259sis olunduqlar\u0131 \u00fc\u00e7\u00fcn bu istiqam\u0259td\u0259 texniki prosedurlar\u0131n h\u0259yata ke\u00e7irilm\u0259si \u00fc\u00e7\u00fcn m\u00fc\u0259yy\u0259n vaxt t\u0259l\u0259b olunur.<\/p>\n<p>Ona g\u00f6r\u0259 d\u0259 v\u0259t\u0259nda\u015flar\u0131n diqq\u0259tin\u0259 \u00e7atd\u0131r\u0131r\u0131q ki, onlar yeni t\u0259sis olunmu\u015f t\u0259qa\u00fcdl\u0259rini el\u0259 aprel ay\u0131ndan alacaqlar. Y\u0259ni \u0259m\u0259k pensiyas\u0131 alan birinci qrup \u0259lilliyi olan \u015f\u0259xsl\u0259r, habel\u0259 onlara, sa\u011flaml\u0131q imkanlar\u0131 m\u0259hdud u\u015faqlara qulluq ed\u0259nl\u0259r v\u0259 m\u00fcharib\u0259 veteranlar\u0131 (o c\u00fcml\u0259d\u0259n, \u0259m\u0259k pensiyas\u0131 alanlar) \u00fc\u00e7\u00fcn yeni t\u0259yin olunmu\u015f ayl\u0131q t\u0259qa\u00fcdl\u0259rin el\u0259 aprel ay\u0131ndan hesablanmaqla bu ay\u0131n sonunda verilm\u0259si t\u0259min olunacaq\u201d.big.az<\/p>\n","protected":false},"excerpt":{"rendered":"<p>\u018fm\u0259k pensiyas\u0131 alan birinci qrup \u0259lilliyi olan \u015f\u0259xsl\u0259r\u0259 v\u0259 m\u00fcharib\u0259 veteranlar\u0131na pensiyalar\u0131n verilm\u0259si aprel ay\u0131n\u0131n sonundan ba\u015flanacaq. ARANTV.AZ\u00a0 x\u0259b\u0259r verir ki, bu bar\u0259d\u0259 oxu.az-a \u018fm\u0259k v\u0259 \u018fhalinin Sosial M\u00fcdafi\u0259si Nazirliyinin m\u0259tbuat xidm\u0259tinin r\u0259hb\u0259ri Fazil Tal\u0131bl\u0131 m\u0259lumat verib. O bildirib ki, yeni t\u0259sis olunmu\u015f t\u0259qa\u00fcdl\u0259rin h\u0259l\u0259lik verilm\u0259m\u0259si il\u0259 ba\u011fl\u0131 narahatl\u0131\u011fa \u0259sas yoxdur: \u201cBildiyiniz kimi, \u0259m\u0259k pensiyas\u0131 alan birinci qrup \u0259lilliyi olan \u015f\u0259xsl\u0259r, habel\u0259 onlara, sa\u011flaml\u0131q imkanlar\u0131 m\u0259hdud u\u015faqlara qulluq ed\u0259nl\u0259r v\u0259 m\u00fcharib\u0259 veteranlar\u0131 (o c\u00fcml\u0259d\u0259n, \u0259m\u0259k pensiyas\u0131 alanlar) \u00fc\u00e7\u00fcn aprelin 1-d\u0259n Prezidentin ayl\u0131q t\u0259qa\u00fcd\u00fc t\u0259sis edilib. Aprel ay\u0131 \u00fczr\u0259 pensiyalar\u0131n \u00f6d\u0259ni\u015fin\u0259&hellip;<\/p>\n","protected":false},"author":2,"featured_media":51381,"comment_status":"closed","ping_status":"closed","sticky":false,"template":"","format":"standard","meta":{"om_disable_all_campaigns":false,"_monsterinsights_skip_tracking":false,"_monsterinsights_sitenote_active":false,"_monsterinsights_sitenote_note":"","_monsterinsights_sitenote_category":0},"categories":[1],"tags":[],"aioseo_notices":[],"gutentor_comment":0,"rttpg_featured_image_url":{"full":["https:\/\/arantv.az\/wp-content\/uploads\/2019\/04\/sosiall_91555585929.jpg",620,396,false],"landscape":["https:\/\/arantv.az\/wp-content\/uploads\/2019\/04\/sosiall_91555585929.jpg",620,396,false],"portraits":["https:\/\/arantv.az\/wp-content\/uploads\/2019\/04\/sosiall_91555585929.jpg",620,396,false],"thumbnail":["https:\/\/arantv.az\/wp-content\/uploads\/2019\/04\/sosiall_91555585929-150x150.jpg",150,150,true],"medium":["https:\/\/arantv.az\/wp-content\/uploads\/2019\/04\/sosiall_91555585929-300x192.jpg",300,192,true],"large":["https:\/\/arantv.az\/wp-content\/uploads\/2019\/04\/sosiall_91555585929.jpg",620,396,false],"1536x1536":["https:\/\/arantv.az\/wp-content\/uploads\/2019\/04\/sosiall_91555585929.jpg",620,396,false],"2048x2048":["https:\/\/arantv.az\/wp-content\/uploads\/2019\/04\/sosiall_91555585929.jpg",620,396,false],"post-thumbnail":["https:\/\/arantv.az\/wp-content\/uploads\/2019\/04\/sosiall_91555585929-240x172.jpg",240,172,true],"advps-thumb-one":["https:\/\/arantv.az\/wp-content\/uploads\/2019\/04\/sosiall_91555585929.jpg",620,396,false]},"rttpg_author":{"display_name":"V\u00fcsal Rafiqo\u011flu","author_link":"https:\/\/arantv.az\/?author=2"},"rttpg_comment":0,"rttpg_category":"<a href=\"https:\/\/arantv.az\/?cat=1\" rel=\"category\">C\u0259miyy\u0259t<\/a>","rttpg_excerpt":"\u018fm\u0259k pensiyas\u0131 alan birinci qrup \u0259lilliyi olan \u015f\u0259xsl\u0259r\u0259 v\u0259 m\u00fcharib\u0259 veteranlar\u0131na pensiyalar\u0131n verilm\u0259si aprel ay\u0131n\u0131n sonundan ba\u015flanacaq. ARANTV.AZ\u00a0 x\u0259b\u0259r verir ki, bu bar\u0259d\u0259 oxu.az-a \u018fm\u0259k v\u0259 \u018fhalinin Sosial M\u00fcdafi\u0259si Nazirliyinin m\u0259tbuat xidm\u0259tinin r\u0259hb\u0259ri Fazil Tal\u0131bl\u0131 m\u0259lumat verib. O bildirib ki, yeni t\u0259sis olunmu\u015f t\u0259qa\u00fcdl\u0259rin h\u0259l\u0259lik verilm\u0259m\u0259si il\u0259 ba\u011fl\u0131 narahatl\u0131\u011fa \u0259sas yoxdur: \u201cBildiyiniz kimi, \u0259m\u0259k pensiyas\u0131&hellip;","_links":{"self":[{"href":"https:\/\/arantv.az\/index.php?rest_route=\/wp\/v2\/posts\/51380"}],"collection":[{"href":"https:\/\/arantv.az\/index.php?rest_route=\/wp\/v2\/posts"}],"about":[{"href":"https:\/\/arantv.az\/index.php?rest_route=\/wp\/v2\/types\/post"}],"author":[{"embeddable":true,"href":"https:\/\/arantv.az\/index.php?rest_route=\/wp\/v2\/users\/2"}],"replies":[{"embeddable":true,"href":"https:\/\/arantv.az\/index.php?rest_route=%2Fwp%2Fv2%2Fcomments&post=51380"}],"version-history":[{"count":0,"href":"https:\/\/arantv.az\/index.php?rest_route=\/wp\/v2\/posts\/51380\/revisions"}],"wp:featuredmedia":[{"embeddable":true,"href":"https:\/\/arantv.az\/index.php?rest_route=\/wp\/v2\/media\/51381"}],"wp:attachment":[{"href":"https:\/\/arantv.az\/index.php?rest_route=%2Fwp%2Fv2%2Fmedia&parent=51380"}],"wp:term":[{"taxonomy":"category","embeddable":true,"href":"https:\/\/arantv.az\/index.php?rest_route=%2Fwp%2Fv2%2Fcategories&post=51380"},{"taxonomy":"post_tag","embeddable":true,"href":"https:\/\/arantv.az\/index.php?rest_route=%2Fwp%2Fv2%2Ftags&post=51380"}],"curies":[{"name":"wp","href":"https:\/\/api.w.org\/{rel}","templated":true}]}}