{"id":51386,"date":"2019-04-18T14:49:06","date_gmt":"2019-04-18T11:49:06","guid":{"rendered":"http:\/\/arantv.az\/?p=51386"},"modified":"2019-04-18T14:49:06","modified_gmt":"2019-04-18T11:49:06","slug":"milli-m%c9%99clisin-deputatlari-ukraynada-prezident-seckil%c9%99rini-izl%c9%99y%c9%99c%c9%99kl%c9%99r","status":"publish","type":"post","link":"https:\/\/arantv.az\/?p=51386","title":{"rendered":"Milli M\u0259clisin deputatlar\u0131 Ukraynada prezident se\u00e7kil\u0259rini izl\u0259y\u0259c\u0259kl\u0259r"},"content":{"rendered":"<p><strong>Milli M\u0259clisin deputatlar\u0131 Naqif H\u0259mz\u0259yev v\u0259 R\u00fcf\u0259t Quliyev Ukraynada ke\u00e7iril\u0259c\u0259k prezident se\u00e7kil\u0259rinin 2-ci m\u0259rh\u0259l\u0259sini izl\u0259m\u0259k \u00fc\u00e7\u00fcn aprelin 19-da Kiyev \u015f\u0259h\u0259rin\u0259 s\u0259f\u0259r\u0259 ged\u0259c\u0259kl\u0259r.<\/strong><\/p>\n<p><strong>ARANTV.AZ<\/strong>\u00a0\u00a0<a href=\"http:\/\/az.trend.az\/\" target=\"_blank\" rel=\"noopener\"><span style=\"color: #000000;\">Trend<\/span><\/a>-\u0259 istinad\u0259n bildirir ki,\u00a0Naqif H\u0259mz\u0259yev Avropa \u015euras\u0131 Parlament Assambleyas\u0131n\u0131n m\u00fc\u015fahid\u0259 missiyas\u0131n\u0131n t\u0259rkibind\u0259 proses\u0259 qat\u0131lacaq. Az\u0259rbaycan-Ukrayna parlamentl\u0259raras\u0131 \u0259laq\u0259l\u0259r \u00fczr\u0259 i\u015f\u00e7i qrupunun r\u0259hb\u0259ri R\u00fcf\u0259t Quliyev is\u0259 Milli M\u0259clisin x\u0259tti il\u0259 prosesi m\u00fc\u015fahid\u0259 ed\u0259c\u0259k.<\/p>\n<p>Mill\u0259t v\u0259kill\u0259ri bir s\u0131ra se\u00e7ki m\u0259nt\u0259q\u0259l\u0259rind\u0259 olacaq, se\u00e7kinin gedi\u015fini v\u0259 se\u00e7icil\u0259rin f\u0259all\u0131\u011f\u0131n\u0131 izl\u0259y\u0259c\u0259kl\u0259r.<\/p>\n<p>S\u0259f\u0259r aprelin 22-d\u0259 ba\u015fa \u00e7atacaq.<\/p>\n","protected":false},"excerpt":{"rendered":"<p>Milli M\u0259clisin deputatlar\u0131 Naqif H\u0259mz\u0259yev v\u0259 R\u00fcf\u0259t Quliyev Ukraynada ke\u00e7iril\u0259c\u0259k prezident se\u00e7kil\u0259rinin 2-ci m\u0259rh\u0259l\u0259sini izl\u0259m\u0259k \u00fc\u00e7\u00fcn aprelin 19-da Kiyev \u015f\u0259h\u0259rin\u0259 s\u0259f\u0259r\u0259 ged\u0259c\u0259kl\u0259r. ARANTV.AZ\u00a0\u00a0Trend-\u0259 istinad\u0259n bildirir ki,\u00a0Naqif H\u0259mz\u0259yev Avropa \u015euras\u0131 Parlament Assambleyas\u0131n\u0131n m\u00fc\u015fahid\u0259 missiyas\u0131n\u0131n t\u0259rkibind\u0259 proses\u0259 qat\u0131lacaq. Az\u0259rbaycan-Ukrayna parlamentl\u0259raras\u0131 \u0259laq\u0259l\u0259r \u00fczr\u0259 i\u015f\u00e7i qrupunun r\u0259hb\u0259ri R\u00fcf\u0259t Quliyev is\u0259 Milli M\u0259clisin x\u0259tti il\u0259 prosesi m\u00fc\u015fahid\u0259 ed\u0259c\u0259k. Mill\u0259t v\u0259kill\u0259ri bir s\u0131ra se\u00e7ki m\u0259nt\u0259q\u0259l\u0259rind\u0259 olacaq, se\u00e7kinin gedi\u015fini v\u0259 se\u00e7icil\u0259rin f\u0259all\u0131\u011f\u0131n\u0131 izl\u0259y\u0259c\u0259kl\u0259r. S\u0259f\u0259r aprelin 22-d\u0259 ba\u015fa \u00e7atacaq.<\/p>\n","protected":false},"author":2,"featured_media":51387,"comment_status":"closed","ping_status":"closed","sticky":false,"template":"","format":"standard","meta":{"om_disable_all_campaigns":false,"_monsterinsights_skip_tracking":false,"_monsterinsights_sitenote_active":false,"_monsterinsights_sitenote_note":"","_monsterinsights_sitenote_category":0},"categories":[4],"tags":[],"aioseo_notices":[],"gutentor_comment":0,"rttpg_featured_image_url":{"full":["https:\/\/arantv.az\/wp-content\/uploads\/2019\/04\/milli_meclis_0001-4.jpg",482,361,false],"landscape":["https:\/\/arantv.az\/wp-content\/uploads\/2019\/04\/milli_meclis_0001-4.jpg",482,361,false],"portraits":["https:\/\/arantv.az\/wp-content\/uploads\/2019\/04\/milli_meclis_0001-4.jpg",482,361,false],"thumbnail":["https:\/\/arantv.az\/wp-content\/uploads\/2019\/04\/milli_meclis_0001-4-150x150.jpg",150,150,true],"medium":["https:\/\/arantv.az\/wp-content\/uploads\/2019\/04\/milli_meclis_0001-4-300x225.jpg",300,225,true],"large":["https:\/\/arantv.az\/wp-content\/uploads\/2019\/04\/milli_meclis_0001-4.jpg",482,361,false],"1536x1536":["https:\/\/arantv.az\/wp-content\/uploads\/2019\/04\/milli_meclis_0001-4.jpg",482,361,false],"2048x2048":["https:\/\/arantv.az\/wp-content\/uploads\/2019\/04\/milli_meclis_0001-4.jpg",482,361,false],"post-thumbnail":["https:\/\/arantv.az\/wp-content\/uploads\/2019\/04\/milli_meclis_0001-4-240x172.jpg",240,172,true],"advps-thumb-one":["https:\/\/arantv.az\/wp-content\/uploads\/2019\/04\/milli_meclis_0001-4.jpg",482,361,false]},"rttpg_author":{"display_name":"V\u00fcsal Rafiqo\u011flu","author_link":"https:\/\/arantv.az\/?author=2"},"rttpg_comment":0,"rttpg_category":"<a href=\"https:\/\/arantv.az\/?cat=4\" rel=\"category\">Siyas\u0259t<\/a>","rttpg_excerpt":"Milli M\u0259clisin deputatlar\u0131 Naqif H\u0259mz\u0259yev v\u0259 R\u00fcf\u0259t Quliyev Ukraynada ke\u00e7iril\u0259c\u0259k prezident se\u00e7kil\u0259rinin 2-ci m\u0259rh\u0259l\u0259sini izl\u0259m\u0259k \u00fc\u00e7\u00fcn aprelin 19-da Kiyev \u015f\u0259h\u0259rin\u0259 s\u0259f\u0259r\u0259 ged\u0259c\u0259kl\u0259r. ARANTV.AZ\u00a0\u00a0Trend-\u0259 istinad\u0259n bildirir ki,\u00a0Naqif H\u0259mz\u0259yev Avropa \u015euras\u0131 Parlament Assambleyas\u0131n\u0131n m\u00fc\u015fahid\u0259 missiyas\u0131n\u0131n t\u0259rkibind\u0259 proses\u0259 qat\u0131lacaq. Az\u0259rbaycan-Ukrayna parlamentl\u0259raras\u0131 \u0259laq\u0259l\u0259r \u00fczr\u0259 i\u015f\u00e7i qrupunun r\u0259hb\u0259ri R\u00fcf\u0259t Quliyev is\u0259 Milli M\u0259clisin x\u0259tti il\u0259 prosesi m\u00fc\u015fahid\u0259 ed\u0259c\u0259k. Mill\u0259t v\u0259kill\u0259ri&hellip;","_links":{"self":[{"href":"https:\/\/arantv.az\/index.php?rest_route=\/wp\/v2\/posts\/51386"}],"collection":[{"href":"https:\/\/arantv.az\/index.php?rest_route=\/wp\/v2\/posts"}],"about":[{"href":"https:\/\/arantv.az\/index.php?rest_route=\/wp\/v2\/types\/post"}],"author":[{"embeddable":true,"href":"https:\/\/arantv.az\/index.php?rest_route=\/wp\/v2\/users\/2"}],"replies":[{"embeddable":true,"href":"https:\/\/arantv.az\/index.php?rest_route=%2Fwp%2Fv2%2Fcomments&post=51386"}],"version-history":[{"count":0,"href":"https:\/\/arantv.az\/index.php?rest_route=\/wp\/v2\/posts\/51386\/revisions"}],"wp:featuredmedia":[{"embeddable":true,"href":"https:\/\/arantv.az\/index.php?rest_route=\/wp\/v2\/media\/51387"}],"wp:attachment":[{"href":"https:\/\/arantv.az\/index.php?rest_route=%2Fwp%2Fv2%2Fmedia&parent=51386"}],"wp:term":[{"taxonomy":"category","embeddable":true,"href":"https:\/\/arantv.az\/index.php?rest_route=%2Fwp%2Fv2%2Fcategories&post=51386"},{"taxonomy":"post_tag","embeddable":true,"href":"https:\/\/arantv.az\/index.php?rest_route=%2Fwp%2Fv2%2Ftags&post=51386"}],"curies":[{"name":"wp","href":"https:\/\/api.w.org\/{rel}","templated":true}]}}