{"id":51389,"date":"2019-04-18T14:51:35","date_gmt":"2019-04-18T11:51:35","guid":{"rendered":"http:\/\/arantv.az\/?p=51389"},"modified":"2019-04-18T14:51:35","modified_gmt":"2019-04-18T11:51:35","slug":"masinistin-meyiti-tapilib","status":"publish","type":"post","link":"https:\/\/arantv.az\/?p=51389","title":{"rendered":"Ma\u015finistin meyiti tap\u0131l\u0131b"},"content":{"rendered":"<p><strong>\u0130mi\u015fli rayonunda ki\u015finin meyiti evind\u0259 tap\u0131l\u0131b.<\/strong><\/p>\n<p><strong>ARANTV.AZ\u00a0<\/strong> qafqazinfo-ya istinad\u0259n x\u0259b\u0259r verir ki,\u00a0\u0130mi\u015fli Lokomotiv Deposunda ma\u015finits i\u015fl\u0259y\u0259n 1963-c\u00fc il t\u0259v\u0259ll\u00fcdl\u00fc Rzayev Alim M\u0259mm\u0259d o\u011flunun meyiti a\u015fkarlan\u0131b.<\/p>\n<p>Onu i\u015f yolda\u015f\u0131 d\u00f6\u015f\u0259m\u0259nin \u00fcz\u0259rind\u0259 tap\u0131b. Meyitin xarici m\u00fcayin\u0259si zaman\u0131 x\u0259sar\u0259t a\u015fkar edilm\u0259yib. M\u0259hk\u0259m\u0259-tibb ekspertizas\u0131 t\u0259yin edilib. \u0130mi\u015fli rayon prokurorlu\u011funda ara\u015fd\u0131rma apar\u0131l\u0131r.<\/p>\n","protected":false},"excerpt":{"rendered":"<p>\u0130mi\u015fli rayonunda ki\u015finin meyiti evind\u0259 tap\u0131l\u0131b. ARANTV.AZ\u00a0 qafqazinfo-ya istinad\u0259n x\u0259b\u0259r verir ki,\u00a0\u0130mi\u015fli Lokomotiv Deposunda ma\u015finits i\u015fl\u0259y\u0259n 1963-c\u00fc il t\u0259v\u0259ll\u00fcdl\u00fc Rzayev Alim M\u0259mm\u0259d o\u011flunun meyiti a\u015fkarlan\u0131b. Onu i\u015f yolda\u015f\u0131 d\u00f6\u015f\u0259m\u0259nin \u00fcz\u0259rind\u0259 tap\u0131b. Meyitin xarici m\u00fcayin\u0259si zaman\u0131 x\u0259sar\u0259t a\u015fkar edilm\u0259yib. M\u0259hk\u0259m\u0259-tibb ekspertizas\u0131 t\u0259yin edilib. \u0130mi\u015fli rayon prokurorlu\u011funda ara\u015fd\u0131rma apar\u0131l\u0131r.<\/p>\n","protected":false},"author":2,"featured_media":51390,"comment_status":"closed","ping_status":"closed","sticky":false,"template":"","format":"standard","meta":{"om_disable_all_campaigns":false,"_monsterinsights_skip_tracking":false,"_monsterinsights_sitenote_active":false,"_monsterinsights_sitenote_note":"","_monsterinsights_sitenote_category":0},"categories":[5],"tags":[],"aioseo_notices":[],"gutentor_comment":0,"rttpg_featured_image_url":{"full":["https:\/\/arantv.az\/wp-content\/uploads\/2019\/04\/meyid_0236.jpg",800,600,false],"landscape":["https:\/\/arantv.az\/wp-content\/uploads\/2019\/04\/meyid_0236.jpg",800,600,false],"portraits":["https:\/\/arantv.az\/wp-content\/uploads\/2019\/04\/meyid_0236.jpg",800,600,false],"thumbnail":["https:\/\/arantv.az\/wp-content\/uploads\/2019\/04\/meyid_0236-150x150.jpg",150,150,true],"medium":["https:\/\/arantv.az\/wp-content\/uploads\/2019\/04\/meyid_0236-300x225.jpg",300,225,true],"large":["https:\/\/arantv.az\/wp-content\/uploads\/2019\/04\/meyid_0236.jpg",640,480,false],"1536x1536":["https:\/\/arantv.az\/wp-content\/uploads\/2019\/04\/meyid_0236.jpg",800,600,false],"2048x2048":["https:\/\/arantv.az\/wp-content\/uploads\/2019\/04\/meyid_0236.jpg",800,600,false],"post-thumbnail":["https:\/\/arantv.az\/wp-content\/uploads\/2019\/04\/meyid_0236-240x172.jpg",240,172,true],"advps-thumb-one":["https:\/\/arantv.az\/wp-content\/uploads\/2019\/04\/meyid_0236.jpg",800,600,false]},"rttpg_author":{"display_name":"V\u00fcsal Rafiqo\u011flu","author_link":"https:\/\/arantv.az\/?author=2"},"rttpg_comment":0,"rttpg_category":"<a href=\"https:\/\/arantv.az\/?cat=5\" rel=\"category\">Hadis\u0259<\/a>","rttpg_excerpt":"\u0130mi\u015fli rayonunda ki\u015finin meyiti evind\u0259 tap\u0131l\u0131b. ARANTV.AZ\u00a0 qafqazinfo-ya istinad\u0259n x\u0259b\u0259r verir ki,\u00a0\u0130mi\u015fli Lokomotiv Deposunda ma\u015finits i\u015fl\u0259y\u0259n 1963-c\u00fc il t\u0259v\u0259ll\u00fcdl\u00fc Rzayev Alim M\u0259mm\u0259d o\u011flunun meyiti a\u015fkarlan\u0131b. Onu i\u015f yolda\u015f\u0131 d\u00f6\u015f\u0259m\u0259nin \u00fcz\u0259rind\u0259 tap\u0131b. Meyitin xarici m\u00fcayin\u0259si zaman\u0131 x\u0259sar\u0259t a\u015fkar edilm\u0259yib. M\u0259hk\u0259m\u0259-tibb ekspertizas\u0131 t\u0259yin edilib. \u0130mi\u015fli rayon prokurorlu\u011funda ara\u015fd\u0131rma apar\u0131l\u0131r.","_links":{"self":[{"href":"https:\/\/arantv.az\/index.php?rest_route=\/wp\/v2\/posts\/51389"}],"collection":[{"href":"https:\/\/arantv.az\/index.php?rest_route=\/wp\/v2\/posts"}],"about":[{"href":"https:\/\/arantv.az\/index.php?rest_route=\/wp\/v2\/types\/post"}],"author":[{"embeddable":true,"href":"https:\/\/arantv.az\/index.php?rest_route=\/wp\/v2\/users\/2"}],"replies":[{"embeddable":true,"href":"https:\/\/arantv.az\/index.php?rest_route=%2Fwp%2Fv2%2Fcomments&post=51389"}],"version-history":[{"count":0,"href":"https:\/\/arantv.az\/index.php?rest_route=\/wp\/v2\/posts\/51389\/revisions"}],"wp:featuredmedia":[{"embeddable":true,"href":"https:\/\/arantv.az\/index.php?rest_route=\/wp\/v2\/media\/51390"}],"wp:attachment":[{"href":"https:\/\/arantv.az\/index.php?rest_route=%2Fwp%2Fv2%2Fmedia&parent=51389"}],"wp:term":[{"taxonomy":"category","embeddable":true,"href":"https:\/\/arantv.az\/index.php?rest_route=%2Fwp%2Fv2%2Fcategories&post=51389"},{"taxonomy":"post_tag","embeddable":true,"href":"https:\/\/arantv.az\/index.php?rest_route=%2Fwp%2Fv2%2Ftags&post=51389"}],"curies":[{"name":"wp","href":"https:\/\/api.w.org\/{rel}","templated":true}]}}