{"id":51396,"date":"2019-04-18T14:57:17","date_gmt":"2019-04-18T11:57:17","guid":{"rendered":"http:\/\/arantv.az\/?p=51396"},"modified":"2019-04-18T14:57:17","modified_gmt":"2019-04-18T11:57:17","slug":"siy%c9%99z%c9%99nd%c9%99-minik-v%c9%99-yuk-masinlari-toqqusdu-ol%c9%99n-v%c9%99-x%c9%99sar%c9%99t-alan-var","status":"publish","type":"post","link":"https:\/\/arantv.az\/?p=51396","title":{"rendered":"Siy\u0259z\u0259nd\u0259 minik v\u0259 y\u00fck ma\u015f\u0131nlar\u0131 toqqu\u015fdu &#8211; \u00d6l\u0259n v\u0259 x\u0259sar\u0259t alan var"},"content":{"rendered":"<p><strong>Siy\u0259z\u0259n rayonunun Zarat k\u0259ndi \u0259razisind\u0259 yol-n\u0259qliyyat hadis\u0259si ba\u015f verib.<\/strong><\/p>\n<p><strong>ARANTV.AZ<\/strong>\u00a0 x\u0259b\u0259r verir ki, Daxili \u0130\u015fl\u0259r Nazirliyi M\u0259tbuat xidm\u0259tind\u0259n\u00a0<a href=\"http:\/\/trend\/\" target=\"_blank\" rel=\"noopener\">Trend<\/a>-\u0259 veril\u0259n m\u0259lumata g\u00f6r\u0259, aprelin 17-d\u0259 saat 19 rad\u0259l\u0259rind\u0259 Siy\u0259z\u0259n rayonunun Zarat k\u0259ndi \u0259razisind\u0259 Sumqay\u0131t \u015f\u0259h\u0259r sakini F.Quliyevin idar\u0259 etdiyi &#8220;K\u0130A&#8221; markal\u0131 minik v\u0259 Ab\u015feron rayon sakini A.\u0130mam\u0259liyevin idar\u0259 etdiyi &#8220;Ford&#8221; markal\u0131 y\u00fck avtomobill\u0259ri toqqu\u015fub.<\/p>\n<p>N\u0259tic\u0259d\u0259 F.Quliyevin s\u0259rni\u015fini, X\u0131z\u0131 rayon sakini Natiq \u0130lyasov hadis\u0259 yerind\u0259 \u00f6l\u00fcb, s\u00fcr\u00fcc\u00fc is\u0259 x\u0259st\u0259xanaya yerl\u0259\u015fdirilib.<\/p>\n<p>Ba\u015f \u0130stintaq v\u0259 T\u0259hqiqat \u0130dar\u0259si t\u0259r\u0259find\u0259n ara\u015fd\u0131rma apar\u0131l\u0131r.<\/p>\n","protected":false},"excerpt":{"rendered":"<p>Siy\u0259z\u0259n rayonunun Zarat k\u0259ndi \u0259razisind\u0259 yol-n\u0259qliyyat hadis\u0259si ba\u015f verib. ARANTV.AZ\u00a0 x\u0259b\u0259r verir ki, Daxili \u0130\u015fl\u0259r Nazirliyi M\u0259tbuat xidm\u0259tind\u0259n\u00a0Trend-\u0259 veril\u0259n m\u0259lumata g\u00f6r\u0259, aprelin 17-d\u0259 saat 19 rad\u0259l\u0259rind\u0259 Siy\u0259z\u0259n rayonunun Zarat k\u0259ndi \u0259razisind\u0259 Sumqay\u0131t \u015f\u0259h\u0259r sakini F.Quliyevin idar\u0259 etdiyi &#8220;K\u0130A&#8221; markal\u0131 minik v\u0259 Ab\u015feron rayon sakini A.\u0130mam\u0259liyevin idar\u0259 etdiyi &#8220;Ford&#8221; markal\u0131 y\u00fck avtomobill\u0259ri toqqu\u015fub. N\u0259tic\u0259d\u0259 F.Quliyevin s\u0259rni\u015fini, X\u0131z\u0131 rayon sakini Natiq \u0130lyasov hadis\u0259 yerind\u0259 \u00f6l\u00fcb, s\u00fcr\u00fcc\u00fc is\u0259 x\u0259st\u0259xanaya yerl\u0259\u015fdirilib. Ba\u015f \u0130stintaq v\u0259 T\u0259hqiqat \u0130dar\u0259si t\u0259r\u0259find\u0259n ara\u015fd\u0131rma apar\u0131l\u0131r.<\/p>\n","protected":false},"author":2,"featured_media":51397,"comment_status":"closed","ping_status":"closed","sticky":false,"template":"","format":"standard","meta":{"om_disable_all_campaigns":false,"_monsterinsights_skip_tracking":false,"_monsterinsights_sitenote_active":false,"_monsterinsights_sitenote_note":"","_monsterinsights_sitenote_category":0},"categories":[5],"tags":[],"aioseo_notices":[],"gutentor_comment":0,"rttpg_featured_image_url":{"full":["https:\/\/arantv.az\/wp-content\/uploads\/2019\/04\/qeza_0148-2.jpg",800,600,false],"landscape":["https:\/\/arantv.az\/wp-content\/uploads\/2019\/04\/qeza_0148-2.jpg",800,600,false],"portraits":["https:\/\/arantv.az\/wp-content\/uploads\/2019\/04\/qeza_0148-2.jpg",800,600,false],"thumbnail":["https:\/\/arantv.az\/wp-content\/uploads\/2019\/04\/qeza_0148-2-150x150.jpg",150,150,true],"medium":["https:\/\/arantv.az\/wp-content\/uploads\/2019\/04\/qeza_0148-2-300x225.jpg",300,225,true],"large":["https:\/\/arantv.az\/wp-content\/uploads\/2019\/04\/qeza_0148-2.jpg",640,480,false],"1536x1536":["https:\/\/arantv.az\/wp-content\/uploads\/2019\/04\/qeza_0148-2.jpg",800,600,false],"2048x2048":["https:\/\/arantv.az\/wp-content\/uploads\/2019\/04\/qeza_0148-2.jpg",800,600,false],"post-thumbnail":["https:\/\/arantv.az\/wp-content\/uploads\/2019\/04\/qeza_0148-2-240x172.jpg",240,172,true],"advps-thumb-one":["https:\/\/arantv.az\/wp-content\/uploads\/2019\/04\/qeza_0148-2.jpg",800,600,false]},"rttpg_author":{"display_name":"V\u00fcsal Rafiqo\u011flu","author_link":"https:\/\/arantv.az\/?author=2"},"rttpg_comment":0,"rttpg_category":"<a href=\"https:\/\/arantv.az\/?cat=5\" rel=\"category\">Hadis\u0259<\/a>","rttpg_excerpt":"Siy\u0259z\u0259n rayonunun Zarat k\u0259ndi \u0259razisind\u0259 yol-n\u0259qliyyat hadis\u0259si ba\u015f verib. ARANTV.AZ\u00a0 x\u0259b\u0259r verir ki, Daxili \u0130\u015fl\u0259r Nazirliyi M\u0259tbuat xidm\u0259tind\u0259n\u00a0Trend-\u0259 veril\u0259n m\u0259lumata g\u00f6r\u0259, aprelin 17-d\u0259 saat 19 rad\u0259l\u0259rind\u0259 Siy\u0259z\u0259n rayonunun Zarat k\u0259ndi \u0259razisind\u0259 Sumqay\u0131t \u015f\u0259h\u0259r sakini F.Quliyevin idar\u0259 etdiyi &#8220;K\u0130A&#8221; markal\u0131 minik v\u0259 Ab\u015feron rayon sakini A.\u0130mam\u0259liyevin idar\u0259 etdiyi &#8220;Ford&#8221; markal\u0131 y\u00fck avtomobill\u0259ri toqqu\u015fub. N\u0259tic\u0259d\u0259 F.Quliyevin s\u0259rni\u015fini,&hellip;","_links":{"self":[{"href":"https:\/\/arantv.az\/index.php?rest_route=\/wp\/v2\/posts\/51396"}],"collection":[{"href":"https:\/\/arantv.az\/index.php?rest_route=\/wp\/v2\/posts"}],"about":[{"href":"https:\/\/arantv.az\/index.php?rest_route=\/wp\/v2\/types\/post"}],"author":[{"embeddable":true,"href":"https:\/\/arantv.az\/index.php?rest_route=\/wp\/v2\/users\/2"}],"replies":[{"embeddable":true,"href":"https:\/\/arantv.az\/index.php?rest_route=%2Fwp%2Fv2%2Fcomments&post=51396"}],"version-history":[{"count":0,"href":"https:\/\/arantv.az\/index.php?rest_route=\/wp\/v2\/posts\/51396\/revisions"}],"wp:featuredmedia":[{"embeddable":true,"href":"https:\/\/arantv.az\/index.php?rest_route=\/wp\/v2\/media\/51397"}],"wp:attachment":[{"href":"https:\/\/arantv.az\/index.php?rest_route=%2Fwp%2Fv2%2Fmedia&parent=51396"}],"wp:term":[{"taxonomy":"category","embeddable":true,"href":"https:\/\/arantv.az\/index.php?rest_route=%2Fwp%2Fv2%2Fcategories&post=51396"},{"taxonomy":"post_tag","embeddable":true,"href":"https:\/\/arantv.az\/index.php?rest_route=%2Fwp%2Fv2%2Ftags&post=51396"}],"curies":[{"name":"wp","href":"https:\/\/api.w.org\/{rel}","templated":true}]}}