{"id":51414,"date":"2019-04-18T15:38:07","date_gmt":"2019-04-18T12:38:07","guid":{"rendered":"http:\/\/arantv.az\/?p=51414"},"modified":"2019-04-18T15:38:07","modified_gmt":"2019-04-18T12:38:07","slug":"ramazan-ayi-n%c9%99-vaxt-baslayir-d%c9%99qiq-tarix","status":"publish","type":"post","link":"https:\/\/arantv.az\/?p=51414","title":{"rendered":"Ramazan ay\u0131 n\u0259 vaxt ba\u015flay\u0131r? &#8211; D\u018fQ\u0130Q TAR\u0130X"},"content":{"rendered":"<p>Ramazan ay\u0131n\u0131n ilk g\u00fcn\u00fc may ay\u0131n\u0131n 6-na t\u0259sad\u00fcf edir.<\/p>\n<p><b>ARANTV.AZ<\/b>-\u0131n x\u0259b\u0259rin\u0259 g\u00f6r\u0259, bu bar\u0259d\u0259 Qafqaz M\u00fcs\u0259lmanlar\u0131 \u0130dar\u0259si (QM\u0130) T\u0259\u015fkilat \u015f\u00f6b\u0259sinin m\u00fcdiri \u018flirza Qafarov ONA-ya m\u0259lumat verib.<\/p>\n<div id=\"AdviadNativeVideo0\" class=\"AdviadNativeVideo\"><\/div>\n<p>O bildirib ki, may ay\u0131n\u0131n 5-i ax\u015fam\u0131 niyy\u0259t ax\u015fam\u0131, 6-s\u0131 Ramazan ay\u0131n\u0131n birinci g\u00fcn\u00fcd\u00fcr: &#8220;Ramazan t\u0259qvimin\u0259 \u0259sas\u0259n, may\u0131n 6-s\u0131 Bak\u0131da imsak saat 03:57-d\u0259, iftar is\u0259 saat 19:56-d\u0131r. Y\u0259qin ki, yax\u0131n g\u00fcnl\u0259rd\u0259 Qafqaz M\u00fcs\u0259lmanlar\u0131 \u0130dar\u0259sinin Qaz\u0131lar \u015euras\u0131 bununla ba\u011fl\u0131 f\u0259tvas\u0131n\u0131 elan ed\u0259c\u0259k&#8221;.<\/p>\n<p>Qeyd ed\u0259k ki, Ramazan t\u0259qvimi \u015eamax\u0131 Astrofizika R\u0259s\u0259dxanas\u0131 v\u0259 QM\u0130 t\u0259r\u0259find\u0259n birlikd\u0259 haz\u0131rlan\u0131r. \u018fm\u0259k v\u0259 \u018fhalinin Sosial M\u00fcdafi\u0259si Nazirliyinin Kollegiyas\u0131n\u0131n 25 dekabr 2018-ci il tarixli 12 n\u00f6mr\u0259li q\u0259rar\u0131 il\u0259 t\u0259sdiq edil\u0259n 2019-cu ilin i\u015f vaxt\u0131 normas\u0131 v\u0259 istehsalat t\u0259qvimind\u0259 5-6 iyun tarixl\u0259ri Ramazan bayram\u0131 kimi g\u00f6st\u0259rilib.<\/p>\n","protected":false},"excerpt":{"rendered":"<p>Ramazan ay\u0131n\u0131n ilk g\u00fcn\u00fc may ay\u0131n\u0131n 6-na t\u0259sad\u00fcf edir. ARANTV.AZ-\u0131n x\u0259b\u0259rin\u0259 g\u00f6r\u0259, bu bar\u0259d\u0259 Qafqaz M\u00fcs\u0259lmanlar\u0131 \u0130dar\u0259si (QM\u0130) T\u0259\u015fkilat \u015f\u00f6b\u0259sinin m\u00fcdiri \u018flirza Qafarov ONA-ya m\u0259lumat verib. O bildirib ki, may ay\u0131n\u0131n 5-i ax\u015fam\u0131 niyy\u0259t ax\u015fam\u0131, 6-s\u0131 Ramazan ay\u0131n\u0131n birinci g\u00fcn\u00fcd\u00fcr: &#8220;Ramazan t\u0259qvimin\u0259 \u0259sas\u0259n, may\u0131n 6-s\u0131 Bak\u0131da imsak saat 03:57-d\u0259, iftar is\u0259 saat 19:56-d\u0131r. Y\u0259qin ki, yax\u0131n g\u00fcnl\u0259rd\u0259 Qafqaz M\u00fcs\u0259lmanlar\u0131 \u0130dar\u0259sinin Qaz\u0131lar \u015euras\u0131 bununla ba\u011fl\u0131 f\u0259tvas\u0131n\u0131 elan ed\u0259c\u0259k&#8221;. Qeyd ed\u0259k ki, Ramazan t\u0259qvimi \u015eamax\u0131 Astrofizika R\u0259s\u0259dxanas\u0131 v\u0259 QM\u0130 t\u0259r\u0259find\u0259n birlikd\u0259 haz\u0131rlan\u0131r. \u018fm\u0259k v\u0259 \u018fhalinin Sosial M\u00fcdafi\u0259si Nazirliyinin Kollegiyas\u0131n\u0131n 25 dekabr 2018-ci&hellip;<\/p>\n","protected":false},"author":2,"featured_media":51415,"comment_status":"closed","ping_status":"closed","sticky":false,"template":"","format":"standard","meta":{"om_disable_all_campaigns":false,"_monsterinsights_skip_tracking":false,"_monsterinsights_sitenote_active":false,"_monsterinsights_sitenote_note":"","_monsterinsights_sitenote_category":0},"categories":[1],"tags":[],"aioseo_notices":[],"gutentor_comment":0,"rttpg_featured_image_url":{"full":["https:\/\/arantv.az\/wp-content\/uploads\/2019\/04\/1555575260_1.jpg",549,309,false],"landscape":["https:\/\/arantv.az\/wp-content\/uploads\/2019\/04\/1555575260_1.jpg",549,309,false],"portraits":["https:\/\/arantv.az\/wp-content\/uploads\/2019\/04\/1555575260_1.jpg",549,309,false],"thumbnail":["https:\/\/arantv.az\/wp-content\/uploads\/2019\/04\/1555575260_1-150x150.jpg",150,150,true],"medium":["https:\/\/arantv.az\/wp-content\/uploads\/2019\/04\/1555575260_1-300x169.jpg",300,169,true],"large":["https:\/\/arantv.az\/wp-content\/uploads\/2019\/04\/1555575260_1.jpg",549,309,false],"1536x1536":["https:\/\/arantv.az\/wp-content\/uploads\/2019\/04\/1555575260_1.jpg",549,309,false],"2048x2048":["https:\/\/arantv.az\/wp-content\/uploads\/2019\/04\/1555575260_1.jpg",549,309,false],"post-thumbnail":["https:\/\/arantv.az\/wp-content\/uploads\/2019\/04\/1555575260_1-240x172.jpg",240,172,true],"advps-thumb-one":["https:\/\/arantv.az\/wp-content\/uploads\/2019\/04\/1555575260_1.jpg",549,309,false]},"rttpg_author":{"display_name":"V\u00fcsal Rafiqo\u011flu","author_link":"https:\/\/arantv.az\/?author=2"},"rttpg_comment":0,"rttpg_category":"<a href=\"https:\/\/arantv.az\/?cat=1\" rel=\"category\">C\u0259miyy\u0259t<\/a>","rttpg_excerpt":"Ramazan ay\u0131n\u0131n ilk g\u00fcn\u00fc may ay\u0131n\u0131n 6-na t\u0259sad\u00fcf edir. ARANTV.AZ-\u0131n x\u0259b\u0259rin\u0259 g\u00f6r\u0259, bu bar\u0259d\u0259 Qafqaz M\u00fcs\u0259lmanlar\u0131 \u0130dar\u0259si (QM\u0130) T\u0259\u015fkilat \u015f\u00f6b\u0259sinin m\u00fcdiri \u018flirza Qafarov ONA-ya m\u0259lumat verib. O bildirib ki, may ay\u0131n\u0131n 5-i ax\u015fam\u0131 niyy\u0259t ax\u015fam\u0131, 6-s\u0131 Ramazan ay\u0131n\u0131n birinci g\u00fcn\u00fcd\u00fcr: &#8220;Ramazan t\u0259qvimin\u0259 \u0259sas\u0259n, may\u0131n 6-s\u0131 Bak\u0131da imsak saat 03:57-d\u0259, iftar is\u0259 saat 19:56-d\u0131r. Y\u0259qin ki,&hellip;","_links":{"self":[{"href":"https:\/\/arantv.az\/index.php?rest_route=\/wp\/v2\/posts\/51414"}],"collection":[{"href":"https:\/\/arantv.az\/index.php?rest_route=\/wp\/v2\/posts"}],"about":[{"href":"https:\/\/arantv.az\/index.php?rest_route=\/wp\/v2\/types\/post"}],"author":[{"embeddable":true,"href":"https:\/\/arantv.az\/index.php?rest_route=\/wp\/v2\/users\/2"}],"replies":[{"embeddable":true,"href":"https:\/\/arantv.az\/index.php?rest_route=%2Fwp%2Fv2%2Fcomments&post=51414"}],"version-history":[{"count":0,"href":"https:\/\/arantv.az\/index.php?rest_route=\/wp\/v2\/posts\/51414\/revisions"}],"wp:featuredmedia":[{"embeddable":true,"href":"https:\/\/arantv.az\/index.php?rest_route=\/wp\/v2\/media\/51415"}],"wp:attachment":[{"href":"https:\/\/arantv.az\/index.php?rest_route=%2Fwp%2Fv2%2Fmedia&parent=51414"}],"wp:term":[{"taxonomy":"category","embeddable":true,"href":"https:\/\/arantv.az\/index.php?rest_route=%2Fwp%2Fv2%2Fcategories&post=51414"},{"taxonomy":"post_tag","embeddable":true,"href":"https:\/\/arantv.az\/index.php?rest_route=%2Fwp%2Fv2%2Ftags&post=51414"}],"curies":[{"name":"wp","href":"https:\/\/api.w.org\/{rel}","templated":true}]}}