{"id":51455,"date":"2019-04-19T08:58:10","date_gmt":"2019-04-19T05:58:10","guid":{"rendered":"http:\/\/arantv.az\/?p=51455"},"modified":"2019-04-19T08:58:10","modified_gmt":"2019-04-19T05:58:10","slug":"gomruk-%c9%99m%c9%99kdasi-v%c9%99-kamran-babazad%c9%99-idman-klubunun-prezidenti-avropa-cempionu-oldu","status":"publish","type":"post","link":"https:\/\/arantv.az\/?p=51455","title":{"rendered":"G\u00d6MR\u00dcK \u018fM\u018fKDA\u015e\u0130  V\u018f  KAMRAN BABAZAD\u018f \u0130DMAN KLUBUNUN PREZ\u0130DENT\u0130 AVROPA CEMP\u0130ONU OLDU"},"content":{"rendered":"<p>12-14 Aprel 2019 cu il Montaneqronun Bar \u015f\u0259h\u0259rind\u0259 Karatenin SKDUN N\u00f6v\u00fc uzr\u0259 9 cu Avropa Cempionati ke\u00e7irilmi\u015fdi. 21-39 ya\u015f (-68kq)c\u0259ki d\u0259r\u0259c\u0259sind\u0259 Kamran Babazad\u0259 idman klubunun prezidenti, G\u00f6mruk \u0259m\u0259kda\u015f\u0131 B\u0259galiyev T\u0259briz Qalib olmu\u015fdur. R\u0259qibl\u0259ri Serbiya, Macar\u0131stan, Rusiya idmanc\u0131lar\u0131 olmu\u015fdur. Finalda is\u0259 Bolqariya \u0130manc\u0131s\u0131n\u0131 (2-1) hesab\u0131 i\u00e7\u0259 m\u0259\u011flub ed\u0259r\u0259k 3-c\u00fc d\u0259f\u0259 Avropa Cemp\u0131onu oIlmu\u015fdur. T\u0259briz h\u0259m\u00e7inin KONTAKT KARATE FEDERAS\u0130YAS\u0130 y\u0131qma komandas\u0131n\u0131n \u00fczv\u00fcd\u00fcr.Xalq\u0131m\u0131z s\u0259ninl\u0259 f\u0259xr edir v\u0259 uqurlar dil\u0259yir Az\u0259rbaycan bayraq\u0131n\u0131 \u0259n yuks\u0259k zirv\u0259d\u0259 dalqaland\u0131ran v\u0259t\u0259nimin igid o\u011flu. Mail\u0259 Kamran<\/p>\n<p><img loading=\"lazy\" class=\"alignnone size-medium wp-image-51456\" src=\"https:\/\/arantv.az\/wp-content\/uploads\/2019\/04\/57393065_575734929603216_1828355165451714560_n-300x300.jpg\" alt=\"\" width=\"300\" height=\"300\" \/><img loading=\"lazy\" class=\"alignnone size-medium wp-image-51458\" src=\"https:\/\/arantv.az\/wp-content\/uploads\/2019\/04\/57191802_641229722984526_5791983631694036992_n-1-300x300.jpg\" alt=\"\" width=\"300\" height=\"300\" \/><img loading=\"lazy\" class=\"alignnone size-medium wp-image-51462\" src=\"https:\/\/arantv.az\/wp-content\/uploads\/2019\/04\/57205941_848486088849468_2858853523548798976_n-300x300.jpg\" alt=\"\" width=\"300\" height=\"300\" \/><\/p>\n<p><img loading=\"lazy\" class=\"alignnone size-medium wp-image-51459\" src=\"https:\/\/arantv.az\/wp-content\/uploads\/2019\/04\/57533031_290770955199734_5646238331730657280_n-300x300.jpg\" alt=\"\" width=\"300\" height=\"300\" \/><img loading=\"lazy\" class=\"alignnone size-medium wp-image-51460\" src=\"https:\/\/arantv.az\/wp-content\/uploads\/2019\/04\/57289404_928111780853444_131687863413637120_n-200x300.jpg\" alt=\"\" width=\"200\" height=\"300\" \/><img loading=\"lazy\" class=\"alignnone size-medium wp-image-51461\" src=\"https:\/\/arantv.az\/wp-content\/uploads\/2019\/04\/57486492_888596551493725_7985331173863718912_n-200x300.jpg\" alt=\"\" width=\"200\" height=\"300\" \/><\/p>\n","protected":false},"excerpt":{"rendered":"<p>12-14 Aprel 2019 cu il Montaneqronun Bar \u015f\u0259h\u0259rind\u0259 Karatenin SKDUN N\u00f6v\u00fc uzr\u0259 9 cu Avropa Cempionati ke\u00e7irilmi\u015fdi. 21-39 ya\u015f (-68kq)c\u0259ki d\u0259r\u0259c\u0259sind\u0259 Kamran Babazad\u0259 idman klubunun prezidenti, G\u00f6mruk \u0259m\u0259kda\u015f\u0131 B\u0259galiyev T\u0259briz Qalib olmu\u015fdur. R\u0259qibl\u0259ri Serbiya, Macar\u0131stan, Rusiya idmanc\u0131lar\u0131 olmu\u015fdur. Finalda is\u0259 Bolqariya \u0130manc\u0131s\u0131n\u0131 (2-1) hesab\u0131 i\u00e7\u0259 m\u0259\u011flub ed\u0259r\u0259k 3-c\u00fc d\u0259f\u0259 Avropa Cemp\u0131onu oIlmu\u015fdur. T\u0259briz h\u0259m\u00e7inin KONTAKT KARATE FEDERAS\u0130YAS\u0130 y\u0131qma komandas\u0131n\u0131n \u00fczv\u00fcd\u00fcr.Xalq\u0131m\u0131z s\u0259ninl\u0259 f\u0259xr edir v\u0259 uqurlar dil\u0259yir Az\u0259rbaycan bayraq\u0131n\u0131 \u0259n yuks\u0259k zirv\u0259d\u0259 dalqaland\u0131ran v\u0259t\u0259nimin igid o\u011flu. Mail\u0259 Kamran<\/p>\n","protected":false},"author":2,"featured_media":51457,"comment_status":"closed","ping_status":"closed","sticky":false,"template":"","format":"standard","meta":{"om_disable_all_campaigns":false,"_monsterinsights_skip_tracking":false,"_monsterinsights_sitenote_active":false,"_monsterinsights_sitenote_note":"","_monsterinsights_sitenote_category":0},"categories":[6],"tags":[],"aioseo_notices":[],"gutentor_comment":0,"rttpg_featured_image_url":{"full":["https:\/\/arantv.az\/wp-content\/uploads\/2019\/04\/57191802_641229722984526_5791983631694036992_n.jpg",960,960,false],"landscape":["https:\/\/arantv.az\/wp-content\/uploads\/2019\/04\/57191802_641229722984526_5791983631694036992_n.jpg",960,960,false],"portraits":["https:\/\/arantv.az\/wp-content\/uploads\/2019\/04\/57191802_641229722984526_5791983631694036992_n.jpg",960,960,false],"thumbnail":["https:\/\/arantv.az\/wp-content\/uploads\/2019\/04\/57191802_641229722984526_5791983631694036992_n-150x150.jpg",150,150,true],"medium":["https:\/\/arantv.az\/wp-content\/uploads\/2019\/04\/57191802_641229722984526_5791983631694036992_n-300x300.jpg",300,300,true],"large":["https:\/\/arantv.az\/wp-content\/uploads\/2019\/04\/57191802_641229722984526_5791983631694036992_n.jpg",640,640,false],"1536x1536":["https:\/\/arantv.az\/wp-content\/uploads\/2019\/04\/57191802_641229722984526_5791983631694036992_n.jpg",960,960,false],"2048x2048":["https:\/\/arantv.az\/wp-content\/uploads\/2019\/04\/57191802_641229722984526_5791983631694036992_n.jpg",960,960,false],"post-thumbnail":["https:\/\/arantv.az\/wp-content\/uploads\/2019\/04\/57191802_641229722984526_5791983631694036992_n-240x172.jpg",240,172,true],"advps-thumb-one":["https:\/\/arantv.az\/wp-content\/uploads\/2019\/04\/57191802_641229722984526_5791983631694036992_n-960x620.jpg",960,620,true]},"rttpg_author":{"display_name":"V\u00fcsal Rafiqo\u011flu","author_link":"https:\/\/arantv.az\/?author=2"},"rttpg_comment":0,"rttpg_category":"<a href=\"https:\/\/arantv.az\/?cat=6\" rel=\"category\">\u0130dman<\/a>","rttpg_excerpt":"12-14 Aprel 2019 cu il Montaneqronun Bar \u015f\u0259h\u0259rind\u0259 Karatenin SKDUN N\u00f6v\u00fc uzr\u0259 9 cu Avropa Cempionati ke\u00e7irilmi\u015fdi. 21-39 ya\u015f (-68kq)c\u0259ki d\u0259r\u0259c\u0259sind\u0259 Kamran Babazad\u0259 idman klubunun prezidenti, G\u00f6mruk \u0259m\u0259kda\u015f\u0131 B\u0259galiyev T\u0259briz Qalib olmu\u015fdur. R\u0259qibl\u0259ri Serbiya, Macar\u0131stan, Rusiya idmanc\u0131lar\u0131 olmu\u015fdur. Finalda is\u0259 Bolqariya \u0130manc\u0131s\u0131n\u0131 (2-1) hesab\u0131 i\u00e7\u0259 m\u0259\u011flub ed\u0259r\u0259k 3-c\u00fc d\u0259f\u0259 Avropa Cemp\u0131onu oIlmu\u015fdur. T\u0259briz h\u0259m\u00e7inin KONTAKT&hellip;","_links":{"self":[{"href":"https:\/\/arantv.az\/index.php?rest_route=\/wp\/v2\/posts\/51455"}],"collection":[{"href":"https:\/\/arantv.az\/index.php?rest_route=\/wp\/v2\/posts"}],"about":[{"href":"https:\/\/arantv.az\/index.php?rest_route=\/wp\/v2\/types\/post"}],"author":[{"embeddable":true,"href":"https:\/\/arantv.az\/index.php?rest_route=\/wp\/v2\/users\/2"}],"replies":[{"embeddable":true,"href":"https:\/\/arantv.az\/index.php?rest_route=%2Fwp%2Fv2%2Fcomments&post=51455"}],"version-history":[{"count":0,"href":"https:\/\/arantv.az\/index.php?rest_route=\/wp\/v2\/posts\/51455\/revisions"}],"wp:featuredmedia":[{"embeddable":true,"href":"https:\/\/arantv.az\/index.php?rest_route=\/wp\/v2\/media\/51457"}],"wp:attachment":[{"href":"https:\/\/arantv.az\/index.php?rest_route=%2Fwp%2Fv2%2Fmedia&parent=51455"}],"wp:term":[{"taxonomy":"category","embeddable":true,"href":"https:\/\/arantv.az\/index.php?rest_route=%2Fwp%2Fv2%2Fcategories&post=51455"},{"taxonomy":"post_tag","embeddable":true,"href":"https:\/\/arantv.az\/index.php?rest_route=%2Fwp%2Fv2%2Ftags&post=51455"}],"curies":[{"name":"wp","href":"https:\/\/api.w.org\/{rel}","templated":true}]}}