{"id":51519,"date":"2019-04-19T09:53:32","date_gmt":"2019-04-19T06:53:32","guid":{"rendered":"http:\/\/arantv.az\/?p=51519"},"modified":"2019-04-19T09:53:32","modified_gmt":"2019-04-19T06:53:32","slug":"bakinin-bas-plani-n%c9%99-vaxt-hazir-olacaq","status":"publish","type":"post","link":"https:\/\/arantv.az\/?p=51519","title":{"rendered":"Bak\u0131n\u0131n Ba\u015f plan\u0131 n\u0259 vaxt haz\u0131r olacaq?"},"content":{"rendered":"<p><strong>Az\u0259rbaycan D\u00f6vl\u0259t \u015e\u0259h\u0259rsalma v\u0259 Arxitektura Komit\u0259si Bak\u0131 \u015f\u0259h\u0259rinin Ba\u015f plan\u0131n\u0131n haz\u0131rlanmas\u0131n\u0131n ikinci m\u0259rh\u0259l\u0259sin\u0259 bu ilin may\u0131nda ba\u015flayacaq.<\/strong><\/p>\n<p><b>ARANTV.AZ\u00a0<\/b>x\u0259b\u0259r verir ki, bunu Trend-\u0259 Komit\u0259nin beyn\u0259lxalq \u0259laq\u0259l\u0259r v\u0259 informasiya texnologiyalar\u0131 departamentinin direktoru R\u00fcf\u0259t Mahmud deyib.<\/p>\n<p>O qeyd edib ki, bu proses n\u00f6vb\u0259ti 18 ay\u0131 \u0259hat\u0259 ed\u0259c\u0259k:<\/p>\n<p>&#8220;Biz bu m\u00fcdd\u0259t \u0259rzind\u0259 \u015f\u0259h\u0259rin Ba\u015f plan\u0131n\u0131 tam haz\u0131rlama\u011f\u0131 n\u0259z\u0259rd\u0259 tutmu\u015fuq ki, paytaxt\u0131n inki\u015faf konsepsiyas\u0131 \u00e7\u0259r\u00e7iv\u0259sind\u0259 m\u00fc\u0259yy\u0259n olunan tap\u015f\u0131r\u0131qlar\u0131n realla\u015fd\u0131r\u0131lmas\u0131na ba\u015flayaq&#8221;.<\/p>\n<p>Qeyd ed\u0259k ki, Bak\u0131 \u015f\u0259h\u0259rinin Ba\u015f plan\u0131n\u0131 Almaniyan\u0131n AS+P \u015firk\u0259ti haz\u0131rlayacaq. Bu \u015firk\u0259t 2018-ci ilin sonunda ke\u00e7irilmi\u015f tenderin qalibi olub.<\/p>\n<p>Ba\u015f plan\u0131n 2020-ci ilin sonunad\u0259k tam haz\u0131rlan\u0131b h\u00f6kum\u0259t\u0259 t\u0259qdim olunmas\u0131 g\u00f6zl\u0259nilir. Qanunvericiliy\u0259 \u0259sas\u0259n, Ba\u015f plan \u015f\u0259h\u0259r daxilind\u0259 m\u00f6vcud olan \u0259razil\u0259rd\u0259n istifad\u0259 normalar\u0131n\u0131 m\u00fc\u0259yy\u0259nl\u0259\u015fdirir v\u0259 n\u00f6vb\u0259ti 20 il \u0259rzind\u0259 b\u00fct\u00fcn strukturlar\u0131n bu m\u00fcdd\u0259alara \u0259m\u0259l etm\u0259sini n\u0259z\u0259rd\u0259 tutur.<\/p>\n","protected":false},"excerpt":{"rendered":"<p>Az\u0259rbaycan D\u00f6vl\u0259t \u015e\u0259h\u0259rsalma v\u0259 Arxitektura Komit\u0259si Bak\u0131 \u015f\u0259h\u0259rinin Ba\u015f plan\u0131n\u0131n haz\u0131rlanmas\u0131n\u0131n ikinci m\u0259rh\u0259l\u0259sin\u0259 bu ilin may\u0131nda ba\u015flayacaq. ARANTV.AZ\u00a0x\u0259b\u0259r verir ki, bunu Trend-\u0259 Komit\u0259nin beyn\u0259lxalq \u0259laq\u0259l\u0259r v\u0259 informasiya texnologiyalar\u0131 departamentinin direktoru R\u00fcf\u0259t Mahmud deyib. O qeyd edib ki, bu proses n\u00f6vb\u0259ti 18 ay\u0131 \u0259hat\u0259 ed\u0259c\u0259k: &#8220;Biz bu m\u00fcdd\u0259t \u0259rzind\u0259 \u015f\u0259h\u0259rin Ba\u015f plan\u0131n\u0131 tam haz\u0131rlama\u011f\u0131 n\u0259z\u0259rd\u0259 tutmu\u015fuq ki, paytaxt\u0131n inki\u015faf konsepsiyas\u0131 \u00e7\u0259r\u00e7iv\u0259sind\u0259 m\u00fc\u0259yy\u0259n olunan tap\u015f\u0131r\u0131qlar\u0131n realla\u015fd\u0131r\u0131lmas\u0131na ba\u015flayaq&#8221;. Qeyd ed\u0259k ki, Bak\u0131 \u015f\u0259h\u0259rinin Ba\u015f plan\u0131n\u0131 Almaniyan\u0131n AS+P \u015firk\u0259ti haz\u0131rlayacaq. Bu \u015firk\u0259t 2018-ci ilin sonunda ke\u00e7irilmi\u015f tenderin qalibi olub. Ba\u015f plan\u0131n 2020-ci ilin sonunad\u0259k&hellip;<\/p>\n","protected":false},"author":2,"featured_media":51520,"comment_status":"closed","ping_status":"closed","sticky":false,"template":"","format":"standard","meta":{"om_disable_all_campaigns":false,"_monsterinsights_skip_tracking":false,"_monsterinsights_sitenote_active":false,"_monsterinsights_sitenote_note":"","_monsterinsights_sitenote_category":0},"categories":[1],"tags":[],"aioseo_notices":[],"gutentor_comment":0,"rttpg_featured_image_url":{"full":["https:\/\/arantv.az\/wp-content\/uploads\/2019\/04\/baki_esas_544.jpg",800,450,false],"landscape":["https:\/\/arantv.az\/wp-content\/uploads\/2019\/04\/baki_esas_544.jpg",800,450,false],"portraits":["https:\/\/arantv.az\/wp-content\/uploads\/2019\/04\/baki_esas_544.jpg",800,450,false],"thumbnail":["https:\/\/arantv.az\/wp-content\/uploads\/2019\/04\/baki_esas_544-150x150.jpg",150,150,true],"medium":["https:\/\/arantv.az\/wp-content\/uploads\/2019\/04\/baki_esas_544-300x169.jpg",300,169,true],"large":["https:\/\/arantv.az\/wp-content\/uploads\/2019\/04\/baki_esas_544.jpg",640,360,false],"1536x1536":["https:\/\/arantv.az\/wp-content\/uploads\/2019\/04\/baki_esas_544.jpg",800,450,false],"2048x2048":["https:\/\/arantv.az\/wp-content\/uploads\/2019\/04\/baki_esas_544.jpg",800,450,false],"post-thumbnail":["https:\/\/arantv.az\/wp-content\/uploads\/2019\/04\/baki_esas_544-240x172.jpg",240,172,true],"advps-thumb-one":["https:\/\/arantv.az\/wp-content\/uploads\/2019\/04\/baki_esas_544.jpg",800,450,false]},"rttpg_author":{"display_name":"V\u00fcsal Rafiqo\u011flu","author_link":"https:\/\/arantv.az\/?author=2"},"rttpg_comment":0,"rttpg_category":"<a href=\"https:\/\/arantv.az\/?cat=1\" rel=\"category\">C\u0259miyy\u0259t<\/a>","rttpg_excerpt":"Az\u0259rbaycan D\u00f6vl\u0259t \u015e\u0259h\u0259rsalma v\u0259 Arxitektura Komit\u0259si Bak\u0131 \u015f\u0259h\u0259rinin Ba\u015f plan\u0131n\u0131n haz\u0131rlanmas\u0131n\u0131n ikinci m\u0259rh\u0259l\u0259sin\u0259 bu ilin may\u0131nda ba\u015flayacaq. ARANTV.AZ\u00a0x\u0259b\u0259r verir ki, bunu Trend-\u0259 Komit\u0259nin beyn\u0259lxalq \u0259laq\u0259l\u0259r v\u0259 informasiya texnologiyalar\u0131 departamentinin direktoru R\u00fcf\u0259t Mahmud deyib. O qeyd edib ki, bu proses n\u00f6vb\u0259ti 18 ay\u0131 \u0259hat\u0259 ed\u0259c\u0259k: &#8220;Biz bu m\u00fcdd\u0259t \u0259rzind\u0259 \u015f\u0259h\u0259rin Ba\u015f plan\u0131n\u0131 tam haz\u0131rlama\u011f\u0131 n\u0259z\u0259rd\u0259 tutmu\u015fuq&hellip;","_links":{"self":[{"href":"https:\/\/arantv.az\/index.php?rest_route=\/wp\/v2\/posts\/51519"}],"collection":[{"href":"https:\/\/arantv.az\/index.php?rest_route=\/wp\/v2\/posts"}],"about":[{"href":"https:\/\/arantv.az\/index.php?rest_route=\/wp\/v2\/types\/post"}],"author":[{"embeddable":true,"href":"https:\/\/arantv.az\/index.php?rest_route=\/wp\/v2\/users\/2"}],"replies":[{"embeddable":true,"href":"https:\/\/arantv.az\/index.php?rest_route=%2Fwp%2Fv2%2Fcomments&post=51519"}],"version-history":[{"count":0,"href":"https:\/\/arantv.az\/index.php?rest_route=\/wp\/v2\/posts\/51519\/revisions"}],"wp:featuredmedia":[{"embeddable":true,"href":"https:\/\/arantv.az\/index.php?rest_route=\/wp\/v2\/media\/51520"}],"wp:attachment":[{"href":"https:\/\/arantv.az\/index.php?rest_route=%2Fwp%2Fv2%2Fmedia&parent=51519"}],"wp:term":[{"taxonomy":"category","embeddable":true,"href":"https:\/\/arantv.az\/index.php?rest_route=%2Fwp%2Fv2%2Fcategories&post=51519"},{"taxonomy":"post_tag","embeddable":true,"href":"https:\/\/arantv.az\/index.php?rest_route=%2Fwp%2Fv2%2Ftags&post=51519"}],"curies":[{"name":"wp","href":"https:\/\/api.w.org\/{rel}","templated":true}]}}