{"id":51538,"date":"2019-04-19T10:17:03","date_gmt":"2019-04-19T07:17:03","guid":{"rendered":"http:\/\/arantv.az\/?p=51538"},"modified":"2019-04-19T10:17:03","modified_gmt":"2019-04-19T07:17:03","slug":"samir-nuriyev-abutalibovun-kadrini-v%c9%99zif%c9%99sind%c9%99n-cixardi","status":"publish","type":"post","link":"https:\/\/arantv.az\/?p=51538","title":{"rendered":"Samir Nuriyev Abutal\u0131bovun kadr\u0131n\u0131 v\u0259zif\u0259sind\u0259n \u00c7IXARDI"},"content":{"rendered":"<p>D\u00f6vl\u0259t \u015e\u0259h\u0259rsalma v\u0259 Arxitektura Komit\u0259sinin s\u0259dri Samir Nuriyev r\u0259isin v\u0259zif\u0259sini ki\u00e7ildib.<\/p>\n<p><b>ARANTV.AZ\u00a0<\/b>bildirir ki, Unikal.org-un \u0259ld\u0259 etdiyi m\u0259lumata g\u00f6r\u0259, Samir Nuriyevin \u0259mri il\u0259, Akif Abdullayev D\u00f6vl\u0259t \u015e\u0259h\u0259rsalma v\u0259 Arxitektura Komit\u0259si yan\u0131nda Bak\u0131 \u015e\u0259h\u0259r Memarl\u0131q v\u0259 \u015e\u0259h\u0259rsalma Ba\u015f \u0130dar\u0259sinin r\u0259isi v\u0259zif\u0259sind\u0259n azad olunaraq, idar\u0259 r\u0259isinin birinci m\u00fcavini v\u0259zif\u0259sin\u0259 t\u0259yin edilib. \u0130dar\u0259nin r\u0259is v\u0259zif\u0259sinin icras\u0131 is\u0259 Anar Quliyev\u0259 tap\u015f\u0131r\u0131l\u0131b.<\/p>\n<div id=\"AdviadNativeVideo0\" class=\"AdviadNativeVideo\"><\/div>\n<p>X\u0259b\u0259ri D\u00f6vl\u0259t \u015e\u0259h\u0259rsalma v\u0259 Arxitektura Komit\u0259si yan\u0131nda Bak\u0131 \u015e\u0259h\u0259r Memarl\u0131q v\u0259 \u015e\u0259h\u0259rsalma Ba\u015f \u0130dar\u0259sind\u0259n Unikal.org-a t\u0259sdiql\u0259yibl\u0259r.<\/p>\n<p>Qeyd ed\u0259k ki, bir m\u00fcdd\u0259t \u00f6nc\u0259 \u015e\u0259h\u0259r \u0130cra Hakimiyy\u0259ti Ba\u015f\u00e7\u0131s\u0131 Aparat\u0131n\u0131n Memarl\u0131q v\u0259 \u015e\u0259h\u0259rsalma Ba\u015f \u0130dar\u0259si prezident \u0130lham \u018fliyevin f\u0259rman\u0131 il\u0259 D\u00f6vl\u0259t \u015e\u0259h\u0259rsalma v\u0259 Arxitektura Komit\u0259sinin balans\u0131na daxil edilib. Hac\u0131bala Abutal\u0131bovun meriyaya r\u0259hb\u0259rlik etdiyi ill\u0259rd\u0259 Akif Abdullayev uzun m\u00fcdd\u0259t Bak\u0131 \u015e\u0259h\u0259r \u0130cra Hakimiyy\u0259ti Ba\u015f\u00e7\u0131s\u0131 Aparat\u0131n\u0131n Memarl\u0131q v\u0259 \u015e\u0259h\u0259rsalma Ba\u015f \u0130dar\u0259sinin r\u0259is \u0259v\u0259zi v\u0259 r\u0259isi olub.<\/p>\n","protected":false},"excerpt":{"rendered":"<p>D\u00f6vl\u0259t \u015e\u0259h\u0259rsalma v\u0259 Arxitektura Komit\u0259sinin s\u0259dri Samir Nuriyev r\u0259isin v\u0259zif\u0259sini ki\u00e7ildib. ARANTV.AZ\u00a0bildirir ki, Unikal.org-un \u0259ld\u0259 etdiyi m\u0259lumata g\u00f6r\u0259, Samir Nuriyevin \u0259mri il\u0259, Akif Abdullayev D\u00f6vl\u0259t \u015e\u0259h\u0259rsalma v\u0259 Arxitektura Komit\u0259si yan\u0131nda Bak\u0131 \u015e\u0259h\u0259r Memarl\u0131q v\u0259 \u015e\u0259h\u0259rsalma Ba\u015f \u0130dar\u0259sinin r\u0259isi v\u0259zif\u0259sind\u0259n azad olunaraq, idar\u0259 r\u0259isinin birinci m\u00fcavini v\u0259zif\u0259sin\u0259 t\u0259yin edilib. \u0130dar\u0259nin r\u0259is v\u0259zif\u0259sinin icras\u0131 is\u0259 Anar Quliyev\u0259 tap\u015f\u0131r\u0131l\u0131b. X\u0259b\u0259ri D\u00f6vl\u0259t \u015e\u0259h\u0259rsalma v\u0259 Arxitektura Komit\u0259si yan\u0131nda Bak\u0131 \u015e\u0259h\u0259r Memarl\u0131q v\u0259 \u015e\u0259h\u0259rsalma Ba\u015f \u0130dar\u0259sind\u0259n Unikal.org-a t\u0259sdiql\u0259yibl\u0259r. Qeyd ed\u0259k ki, bir m\u00fcdd\u0259t \u00f6nc\u0259 \u015e\u0259h\u0259r \u0130cra Hakimiyy\u0259ti Ba\u015f\u00e7\u0131s\u0131 Aparat\u0131n\u0131n Memarl\u0131q v\u0259 \u015e\u0259h\u0259rsalma Ba\u015f \u0130dar\u0259si prezident \u0130lham&hellip;<\/p>\n","protected":false},"author":2,"featured_media":51539,"comment_status":"closed","ping_status":"closed","sticky":false,"template":"","format":"standard","meta":{"om_disable_all_campaigns":false,"_monsterinsights_skip_tracking":false,"_monsterinsights_sitenote_active":false,"_monsterinsights_sitenote_note":"","_monsterinsights_sitenote_category":0},"categories":[1],"tags":[],"aioseo_notices":[],"gutentor_comment":0,"rttpg_featured_image_url":{"full":["https:\/\/arantv.az\/wp-content\/uploads\/2019\/04\/u889.jpg",550,369,false],"landscape":["https:\/\/arantv.az\/wp-content\/uploads\/2019\/04\/u889.jpg",550,369,false],"portraits":["https:\/\/arantv.az\/wp-content\/uploads\/2019\/04\/u889.jpg",550,369,false],"thumbnail":["https:\/\/arantv.az\/wp-content\/uploads\/2019\/04\/u889-150x150.jpg",150,150,true],"medium":["https:\/\/arantv.az\/wp-content\/uploads\/2019\/04\/u889-300x201.jpg",300,201,true],"large":["https:\/\/arantv.az\/wp-content\/uploads\/2019\/04\/u889.jpg",550,369,false],"1536x1536":["https:\/\/arantv.az\/wp-content\/uploads\/2019\/04\/u889.jpg",550,369,false],"2048x2048":["https:\/\/arantv.az\/wp-content\/uploads\/2019\/04\/u889.jpg",550,369,false],"post-thumbnail":["https:\/\/arantv.az\/wp-content\/uploads\/2019\/04\/u889-240x172.jpg",240,172,true],"advps-thumb-one":["https:\/\/arantv.az\/wp-content\/uploads\/2019\/04\/u889.jpg",550,369,false]},"rttpg_author":{"display_name":"V\u00fcsal Rafiqo\u011flu","author_link":"https:\/\/arantv.az\/?author=2"},"rttpg_comment":0,"rttpg_category":"<a href=\"https:\/\/arantv.az\/?cat=1\" rel=\"category\">C\u0259miyy\u0259t<\/a>","rttpg_excerpt":"D\u00f6vl\u0259t \u015e\u0259h\u0259rsalma v\u0259 Arxitektura Komit\u0259sinin s\u0259dri Samir Nuriyev r\u0259isin v\u0259zif\u0259sini ki\u00e7ildib. ARANTV.AZ\u00a0bildirir ki, Unikal.org-un \u0259ld\u0259 etdiyi m\u0259lumata g\u00f6r\u0259, Samir Nuriyevin \u0259mri il\u0259, Akif Abdullayev D\u00f6vl\u0259t \u015e\u0259h\u0259rsalma v\u0259 Arxitektura Komit\u0259si yan\u0131nda Bak\u0131 \u015e\u0259h\u0259r Memarl\u0131q v\u0259 \u015e\u0259h\u0259rsalma Ba\u015f \u0130dar\u0259sinin r\u0259isi v\u0259zif\u0259sind\u0259n azad olunaraq, idar\u0259 r\u0259isinin birinci m\u00fcavini v\u0259zif\u0259sin\u0259 t\u0259yin edilib. \u0130dar\u0259nin r\u0259is v\u0259zif\u0259sinin icras\u0131 is\u0259 Anar Quliyev\u0259&hellip;","_links":{"self":[{"href":"https:\/\/arantv.az\/index.php?rest_route=\/wp\/v2\/posts\/51538"}],"collection":[{"href":"https:\/\/arantv.az\/index.php?rest_route=\/wp\/v2\/posts"}],"about":[{"href":"https:\/\/arantv.az\/index.php?rest_route=\/wp\/v2\/types\/post"}],"author":[{"embeddable":true,"href":"https:\/\/arantv.az\/index.php?rest_route=\/wp\/v2\/users\/2"}],"replies":[{"embeddable":true,"href":"https:\/\/arantv.az\/index.php?rest_route=%2Fwp%2Fv2%2Fcomments&post=51538"}],"version-history":[{"count":0,"href":"https:\/\/arantv.az\/index.php?rest_route=\/wp\/v2\/posts\/51538\/revisions"}],"wp:featuredmedia":[{"embeddable":true,"href":"https:\/\/arantv.az\/index.php?rest_route=\/wp\/v2\/media\/51539"}],"wp:attachment":[{"href":"https:\/\/arantv.az\/index.php?rest_route=%2Fwp%2Fv2%2Fmedia&parent=51538"}],"wp:term":[{"taxonomy":"category","embeddable":true,"href":"https:\/\/arantv.az\/index.php?rest_route=%2Fwp%2Fv2%2Fcategories&post=51538"},{"taxonomy":"post_tag","embeddable":true,"href":"https:\/\/arantv.az\/index.php?rest_route=%2Fwp%2Fv2%2Ftags&post=51538"}],"curies":[{"name":"wp","href":"https:\/\/api.w.org\/{rel}","templated":true}]}}