{"id":51541,"date":"2019-04-19T10:25:57","date_gmt":"2019-04-19T07:25:57","guid":{"rendered":"http:\/\/arantv.az\/?p=51541"},"modified":"2019-04-19T10:25:57","modified_gmt":"2019-04-19T07:25:57","slug":"az%c9%99rbaycanli-cinsunas-alimin-r%c9%99yi-cin-m%c9%99tbuatinda","status":"publish","type":"post","link":"https:\/\/arantv.az\/?p=51541","title":{"rendered":"Az\u0259rbaycanl\u0131 \u00e7in\u015f\u00fcnas alimin r\u0259yi \u00c7in m\u0259tbuat\u0131nda"},"content":{"rendered":"<p><strong>\u201cSinxua\u201d informasiya agentliyi \u201cBir k\u0259m\u0259r-bir yol\u201d \u0130kinci beyn\u0259lxalq \u0259m\u0259kda\u015fl\u0131q sammitinin a\u00e7\u0131l\u0131\u015f\u0131ndan \u0259vv\u0259l,az\u0259rbaycanl\u0131 \u00e7in\u015f\u00fcnas alim, Az\u0259rbaycan Dill\u0259r Universitetind\u0259 Konfutsi \u0130nstitutunun direktoru Rafiq Abbasovun\u201c\u201cBir k\u0259m\u0259r bir yol\u201d layih\u0259si daha da s\u0131x regional \u0259m\u0259kda\u015fl\u0131\u011fa t\u00f6hf\u0259 verir\u201d adl\u0131 analitik material\u0131 yay\u0131mlay\u0131b. \u00a0<\/strong><\/p>\n<p><b>ARANTV.AZ\u00a0<\/b>x\u0259b\u0259r verir ki, R. Abbasov qeyd edib ki, \u201cBir k\u0259m\u0259r-bir yol\u201d \u0130kinci beyn\u0259lxalq \u0259m\u0259kda\u015fl\u0131q sammitinin ke\u00e7irilm\u0259si, \u015f\u00fcbh\u0259siz, Avrasiya n\u0259qliyyat x\u0259ttind\u0259 yerl\u0259\u015f\u0259n d\u00f6vl\u0259tl\u0259r aras\u0131nda \u0259m\u0259kda\u015fl\u0131\u011f\u0131n inki\u015faf\u0131nda yeni m\u0259rh\u0259l\u0259 olacaq, Avrasiya kontinentinin iqtisadi inki\u015faf\u0131n\u0131n \u00c7in modeli perspektivl\u0259rinin daha geni\u015f formatda m\u00fczakir\u0259sin\u0259 imkan yaradacaq: \u201c\u018fmin\u0259m ki, sammitd\u0259 Avrasiya iqtisadi inki\u015faf d\u0259hlizl\u0259rin\u0259 inteqrasiya siyas\u0259ti aparan d\u00f6vl\u0259tl\u0259r aras\u0131nda yeni ikit\u0259r\u0259fli memorandum imzalanacaq , bu da kontinentin siyasi v\u0259 iqtisadi land\u015faft\u0131n\u0131 d\u0259yi\u015f\u0259c\u0259k, Avrasiyaya s\u00fclh, stabillik v\u0259 rifah g\u0259tir\u0259c\u0259k. \u00c7XR S\u0259dri Si Cinpin qeyd edir ki, \u00c7in b\u00fct\u00fcn d\u00f6vl\u0259tl\u0259rl\u0259 \u201cBir k\u0259m\u0259r-bir yol\u201d \u00a0t\u0259\u015f\u0259bb\u00fcs\u00fc \u00e7\u0259r\u00e7iv\u0259sind\u0259 \u0259m\u0259kda\u015fl\u0131\u011fa haz\u0131rd\u0131r v\u0259 bu, \u0259m\u0259kda\u015fl\u0131q istiqam\u0259tind\u0259 a\u00e7\u0131q platformad\u0131r. \u00a0Bu t\u0259\u015f\u0259bb\u00fcs \u00c7XR-in S\u0259dri Si Cinpin \u00a0t\u0259r\u0259find\u0259n ir\u0259li s\u00fcr\u00fcl\u00fcb, \u00a0XXI \u0259srd\u0259 insanlar aras\u0131nda qar\u015f\u0131l\u0131ql\u0131 anla\u015fman\u0131n d\u0259rinl\u0259\u015fm\u0259si istiqam\u0259tind\u0259 tarixi t\u0259cr\u00fcb\u0259d\u0259n b\u0259hr\u0259l\u0259nm\u0259kl\u0259 enerji, n\u0259qliyyat, s\u0259naye, h\u0259m\u00e7inin humanitar \u0259m\u0259kda\u015fl\u0131q sah\u0259sind\u0259 inteqrasiyan\u0131n inki\u015faf\u0131 istiqam\u0259tind\u0259 yeni yana\u015fmad\u0131r.<\/p>\n<p>Hesab edir\u0259m ki, \u201cBir k\u0259m\u0259r-bir yol\u201d \u0259m\u0259kda\u015fl\u0131\u011f\u0131n\u0131n \u0130kinci beyn\u0259lxalq sammiti Avrasiyada beyn\u0259lxalq normalara uy\u011fun \u015f\u0259kild\u0259 b\u0259rab\u0259rh\u00fcquqluluq, milli \u00a0m\u00fcst\u0259qilliy\u0259 h\u00f6rm\u0259t \u0259sas\u0131nda n\u0259qliyyat-ticar\u0259t strukturunun yarad\u0131lmas\u0131 v\u0259 daha da inki\u015faf etdirilm\u0259si il\u0259 \u0259laq\u0259dar tamamil\u0259 yeni prioritetl\u0259ri \u00a0m\u00fc\u0259yy\u0259n ed\u0259c\u0259k. Haz\u0131rda \u00c7inin qar\u015f\u0131s\u0131nda \u00f6lk\u0259nin 2050-ci il\u0259 q\u0259d\u0259r z\u0259ngin, g\u00fccl\u00fc, demokratik, harmonik, sivil modern sosialist d\u00f6vl\u0259tin\u0259 \u00e7evrilm\u0259si, \u00c7inin d\u00fcnya iqtisadiyyat\u0131nda liderlik m\u00f6vqeyinin qorunub saxlanmas\u0131 kimi n\u0259h\u0259ng probleml\u0259rin m\u00f6vcud oldu\u011fu bir m\u0259qamda \u00c7inin m\u00fcasir innovasiya iqtisadiyyat\u0131n\u0131n yarad\u0131lmas\u0131nda m\u00fch\u00fcm vasit\u0259, d\u00f6vl\u0259t siyas\u0259tind\u0259 d\u00fcnyaya a\u015fkarl\u0131\u011f\u0131n h\u0259yata ke\u00e7irilm\u0259si il\u0259 \u0259laq\u0259dar \u00a0Tarixi \u0130p\u0259k yolu layih\u0259sinin b\u0259rpas\u0131 kimi qlobal layih\u0259nin yerin\u0259 yetirilm\u0259sinin \u0259h\u0259miyy\u0259ti bar\u0259d\u0259 dan\u0131\u015fmaq bir q\u0259d\u0259r \u00e7\u0259tindir. M\u00fcvafiq olaraq \u201cBir k\u0259m\u0259r-bir yol\u201d t\u0259\u015f\u0259bb\u00fcs\u00fc \u00e7\u0259r\u00e7iv\u0259sind\u0259 beyn\u0259lxalq \u0259m\u0259kda\u015fl\u0131\u011f\u0131n inki\u015faf\u0131 \u00c7in \u00fc\u00e7\u00fcn n\u0259inki siyasi koordinasyan\u0131n , infrastrukturun qar\u015f\u0131l\u0131ql\u0131 \u0259laq\u0259si, \u00a0h\u0259m\u00e7inin \u00fczv \u00f6lk\u0259l\u0259r aras\u0131nda fasil\u0259siz ticar\u0259tin t\u0259min olunmas\u0131 sah\u0259sind\u0259 m\u00fch\u00fcm \u0259h\u0259miyy\u0259t\u0259 malikdir, h\u0259m d\u0259 a\u015fkarl\u0131q siyas\u0259tinin geni\u015fl\u0259nm\u0259si v\u0259 reqional t\u0259r\u0259fda\u015flarla m\u00fcnasib\u0259tl\u0259rin inki\u015faf\u0131 istiqam\u0259tind\u0259 \u00a0m\u00fch\u00fcm rol oynam\u0131\u015fd\u0131r. \u201cBir k\u0259m\u0259r-bir yol\u201d t\u0259\u015f\u0259bb\u00fcs\u00fcn\u00fcn h\u0259yata ke\u00e7irilm\u0259si il\u0259 \u00c7XR-in h\u0259m siyasi, h\u0259m d\u0259 sosial-iqtisadi inki\u015faf\u0131 il\u0259 \u0259laq\u0259dar n\u0259tic\u0259l\u0259r hiss olunmaqdad\u0131r. \u00c7inin iqtisadi inki\u015faf\u0131n\u0131n yeni modelinin qurulmas\u0131, iqtisadiyyat\u0131n idar\u0259 olunmas\u0131nda intensiv metodlara ke\u00e7id \u015f\u0259raitind\u0259 \u00c7in \u015firk\u0259tl\u0259rinin \u00f6lk\u0259 xaricind\u0259 investisiya yat\u0131r\u0131mlar\u0131 \u0259h\u0259miyy\u0259tli d\u0259r\u0259c\u0259d\u0259 artm\u0131\u015fd\u0131r, \u00c7in m\u0259hsullar\u0131n\u0131n ixrac\u0131 v\u0259 \u00a0mineral xammal\u0131n idxal\u0131 il\u0259 ba\u011fl\u0131 yeni bazarlara \u00e7\u0131x\u0131\u015f \u00a0m\u00fcmk\u00fcn olmu\u015fdur, xarici ticar\u0259t istiqam\u0259tind\u0259 daha balansla\u015fd\u0131r\u0131lm\u0131\u015f siyas\u0259t\u0259 ke\u00e7m\u0259k m\u00fcmk\u00fcn olmu\u015fdur, regional \u00a0valyuta-maliyy\u0259 sah\u0259sind\u0259 inteqrasiya inki\u015faf etdirilmi\u015fdir, maliyy\u0259 \u0259m\u0259liyyatlar\u0131nda yuan\u0131n rolu art\u0131b, izafi istehsal g\u00fcc\u00fc, t\u0259krar emal il\u0259 ba\u011fl\u0131 probleml\u0259r h\u0259llini tapma\u011fa ba\u015flay\u0131b. \u00a0Bundan ba\u015fqa yeni n\u0259qliyyat-iqtisadi d\u0259hlizl\u0259rin in\u015fas\u0131 hesab\u0131na \u00c7inin d\u0259niz k\u0259nar\u0131 v\u0259 daxili b\u00f6lg\u0259l\u0259rinin \u00a0sosial-iqtisadi inki\u015faf\u0131n\u0131n differensiasiyas\u0131n\u0131n s\u0259viyy\u0259si a\u015fa\u011f\u0131 d\u00fc\u015fm\u0259y\u0259 ba\u015flay\u0131b, yeni x\u00fcsusi iqtisadi zonalar yarad\u0131l\u0131b. \u201cBir k\u0259m\u0259r-bir yol\u201d t\u0259\u015f\u0259bb\u00fcs\u00fcn\u00fcn h\u0259yata ke\u00e7irilm\u0259sinin n\u0259tic\u0259l\u0259ri, h\u0259m d\u0259 \u00c7inin \u201c m\u00fclayim q\u00fcvv\u0259\u201d strategiyas\u0131 humanitar sah\u0259d\u0259 \u0259m\u0259kda\u015fl\u0131\u011f\u0131n geni\u015fl\u0259nm\u0259sin\u0259 s\u0259b\u0259b olmu\u015fdur, t\u0259r\u0259fda\u015f \u00f6lk\u0259l\u0259r aras\u0131nda ictimai-siyasi dialoq artm\u0131\u015fd\u0131r, Konfutsi \u0130nstitutlar \u015f\u0259b\u0259k\u0259si il\u0259 \u0259laq\u0259l\u0259r geni\u015fl\u0259ib. M\u0259s\u0259l\u0259n, Az\u0259rbaycan-\u00c7in m\u0259d\u0259niyy\u0259tl\u0259raras\u0131 dialoq proqram\u0131n\u0131 h\u0259yata ke\u00e7irm\u0259k istiqam\u0259tind\u0259 Az\u0259rbaycan Dill\u0259r Universitetinin \u00a0rektoru, akademik Kamal Abdullan\u0131n r\u0259hb\u0259rliyi alt\u0131nda \u0130p\u0259k Yolu t\u0259dqiqatlar\u0131 \u00fczr\u0259 ixtisasla\u015fm\u0131\u015f Konfutsi \u0130nstitutu yarad\u0131lm\u0131\u015fd\u0131r. R.Abbasov x\u00fcsusil\u0259 vur\u011fulay\u0131b ki, Az\u0259rbaycan Respublikas\u0131 Avrasiyan\u0131n m\u0259rk\u0259zind\u0259 \u00a0unikal geostrateji m\u00f6vqey\u0259 malikdir, \u00f6lk\u0259miz geni\u015f infrastruktur imkanlar\u0131 v\u0259 z\u0259ngin neft v\u0259 qaz yataqlar\u0131n\u0131n m\u00f6vcud olmas\u0131 il\u0259 \u0259laq\u0259dar \u201c\u0130p\u0259k yolu iqtisadi zola\u011f\u0131\u201d kimi qlobal layih\u0259nin h\u0259yata ke\u00e7irilm\u0259sind\u0259 m\u00fch\u00fcm regional \u00a0m\u0259rk\u0259z hesab olunur. Eyni zamanda \u00a0Az\u0259rbaycan\u0131n \u00a0\u201c\u0130p\u0259k yolu iqtisadi zola\u011f\u0131\u201d \u00a0layih\u0259sinin h\u0259yata ke\u00e7irilm\u0259sind\u0259 f\u0259al i\u015ftirak\u0131 s\u0259naye istehsal\u0131 sah\u0259sind\u0259 , neft v\u0259 qaz sektorunda, y\u00fcks\u0259k texnologiyalar\u0131n inki\u015faf\u0131nda, infrastruktur v\u0259 dig\u0259r sah\u0259l\u0259rd\u0259 Az\u0259rbaycan-\u00c7in \u0259m\u0259kda\u015fl\u0131\u011f\u0131n\u0131 daha da geni\u015fl\u0259ndirm\u0259y\u0259 imkan yaradacaqd\u0131r ki, bununla da \u00f6lk\u0259miz \u00c7inin m\u00fch\u00fcm strateji t\u0259r\u0259fda\u015f\u0131na \u00e7evril\u0259c\u0259kdir. 1998-ci ild\u0259 Az\u0259rbaycan prezidenti Heyd\u0259r \u018fliyevin t\u0259\u015f\u0259bb\u00fcs\u00fc il\u0259 t\u0259\u015fkil olunmu\u015f Beyn\u0259lxalq \u201cTRASEKA \u2013 Tarixi ip\u0259k yolunun B\u0259rpas\u0131\u201d konfrans\u0131n\u0131n ke\u00e7irilm\u0259si Az\u0259rbaycan\u0131n transavrasiya n\u0259qliyyat layih\u0259l\u0259rind\u0259 i\u015ftirak\u0131nda m\u00fch\u00fcm m\u0259rh\u0259l\u0259 olub.<\/p>\n<p>Konfransda \u00e7\u0131x\u0131\u015f ed\u0259n \u00dcmummilli lider H.\u018fliyev x\u00fcsusi olaraq qeyd etmi\u015fdir ki, tarixi \u0130p\u0259k Yolunun b\u0259rpas\u0131 il\u0259 ba\u011fl\u0131 m\u0259s\u0259l\u0259l\u0259rin m\u00fczakir\u0259si, konfrans\u0131n n\u0259tic\u0259l\u0259ri v\u0259 yekunu Avrasiya m\u0259kan\u0131nda \u00a0milli v\u0259 regional n\u0259qliyyat strukturlar\u0131n\u0131n, beyn\u0259lxalq iqtisadi \u0259m\u0259kda\u015fl\u0131\u011f\u0131n , s\u00fclh\u00fcn, stabilliyin v\u0259 t\u0259r\u0259qqinin m\u00f6hk\u0259ml\u0259nm\u0259si m\u00fch\u00fcm \u0259h\u0259miyy\u0259t k\u0259sb ed\u0259c\u0259kdir. Az\u0259rbaycan\u0131n \u201cBir k\u0259m\u0259r, bir yol\u201d proqram\u0131n\u0131n h\u0259yata ke\u00e7irilm\u0259sind\u0259 f\u0259al i\u015ftirak\u0131, h\u0259r \u015feyd\u0259n \u0259vv\u0259l, 2015-ci ilin dekabr ay\u0131nda \u00a0Az\u0259rbaycan prezidenti c\u0259nab \u0130lham \u018fliyevin \u00c7in Respublikas\u0131na tarixi s\u0259f\u0259ri il\u0259 \u0259laq\u0259dard\u0131r. S\u0259f\u0259r zaman\u0131 \u00c7in Xalq Respublikas\u0131n\u0131n S\u0259dri il\u0259 \u201c\u0130p\u0259k yolu iqtisadi zola\u011f\u0131\u201d n\u0131n yarad\u0131lmas\u0131n\u0131n daha da geni\u015fl\u0259ndirilm\u0259si bar\u0259d\u0259 qar\u015f\u0131l\u0131ql\u0131 anla\u015fma istiqam\u0259tind\u0259 \u00a0birg\u0259 Memorandum imzalanm\u0131\u015fd\u0131r. Bununla da iki \u00f6lk\u0259 aras\u0131nda \u00a0g\u0259l\u0259c\u0259k \u0259m\u0259kda\u015fl\u0131\u011f\u0131n m\u00f6hk\u0259m b\u00fcn\u00f6vr\u0259si qoyulmu\u015fdur. 2019-cu ild\u0259 Davosda \u201cBir k\u0259m\u0259r, bir yol\u201d t\u0259\u015f\u0259bb\u00fcs\u00fcn\u00fcn inki\u015faf\u0131: \u00c7inin trilyon dollara bax\u0131\u015f\u0131\u201d m\u00f6vzusunda ke\u00e7irilmi\u015f sesiyada i\u015ftirak ed\u0259n Az\u0259rbaycan Respublikas\u0131n\u0131n Prezidenti \u0130lham \u018fliyev diskussiyalar zaman\u0131 qeyd etmi\u015fdir ki, Az\u0259rbaycan \u00c7in d\u00f6vl\u0259ti t\u0259r\u0259find\u0259n ir\u0259li s\u00fcr\u00fclm\u00fc\u015f \u201cBir k\u0259m\u0259r, bir yol\u201d t\u0259\u015f\u0259bb\u00fcs\u00fcn\u00fc d\u0259st\u0259kl\u0259yir, \u00e7\u00fcnki bununla \u0259laq\u0259dar \u015e\u0259rqd\u0259 v\u0259 Q\u0259rbd\u0259, h\u0259m\u00e7inin \u00a0C\u0259nubda v\u0259 \u015eimalda yerl\u0259\u015f\u0259n, kontinentl\u0259ri birl\u0259\u015fdir\u0259n qon\u015fu \u00f6lk\u0259l\u0259rin \u00a0d\u0259 tranzit d\u00f6vl\u0259tl\u0259r z\u0259ncirin\u0259 qo\u015fulmas\u0131 imkanlar\u0131 yaran\u0131r, bu da h\u0259min \u00f6lk\u0259l\u0259rin g\u0259l\u0259c\u0259yini proqnozla\u015fd\u0131rma\u011fa imkan verir. Davosda olark\u0259n \u00c7inin CGTN \u00a0telekanal\u0131na m\u00fcsahib\u0259 ver\u0259n Prezident \u0130lham \u018fliyev \u00a0qeyd etmi\u015fdir ki, Az\u0259rbaycan\u0131n proqram\u0131n h\u0259yata ke\u00e7irilm\u0259sind\u0259 i\u015ftirak\u0131n\u0131n geni\u015fl\u0259ndirilm\u0259sinin m\u00fch\u00fcm aspekti n\u0259qliyyat infrastrukturlar\u0131n\u0131n v\u0259 ticar\u0259t d\u0259hlizl\u0259rinin yarad\u0131lmas\u0131d\u0131r, inklyuziv regional \u0259m\u0259kda\u015fl\u0131\u011f\u0131n inki\u015faf\u0131 h\u0259m d\u0259 \u00a0d\u00f6vl\u0259tl\u0259raras\u0131 dinc m\u00fcnasib\u0259tl\u0259rin v\u0259 iqtisadi \u0259m\u0259kda\u015fl\u0131\u011f\u0131n yarad\u0131lmas\u0131d\u0131r. Onu da qeyd etm\u0259k laz\u0131md\u0131r ki, geni\u015f miqyasl\u0131 n\u0259qliyyat infrastrukturlar\u0131n\u0131n in\u015fas\u0131, regionlararas\u0131 ticar\u0259t d\u0259hlizl\u0259rinin inki\u015faf etdirilm\u0259sinin inki\u015faf\u0131 v\u0259 h\u0259rt\u0259r\u0259fli yard\u0131m ilk n\u00f6vb\u0259d\u0259 Az\u0259rbaycanda m\u00f6vcud davaml\u0131 siyas\u0259t v\u0259 makro iqtisadi stabillikl\u0259 \u015f\u0259rtl\u0259nir. El\u0259c\u0259 d\u0259 Az\u0259rbaycan neft v\u0259 qaz\u0131n ixrac\u0131 s\u0259nayesi istiqam\u0259tind\u0259 inki\u015faf etmi\u015f \u00f6lk\u0259dir v\u0259 \u00a0xarici \u015firk\u0259tl\u0259r \u00fc\u00e7\u00fcn m\u00fcnbit v\u0259 liberal investisiya m\u00fchitin\u0259 malikdir. B\u00f6y\u00fck \u0130p\u0259k Yolu layih\u0259sinin n\u0259qliyyat-iqtisadi \u0259laq\u0259l\u0259rinin b\u0259rpas\u0131 perspektivl\u0259ri 2018-ci ild\u0259 ba\u015f tutmu\u015f Bak\u0131 forumunda \u201c\u00c7inin xarici siyas\u0259tini nec\u0259 anlamal\u0131?!\u201d b\u00f6lm\u0259sinin i\u015ftirak\u00e7\u0131lar\u0131n\u0131n \u00e7\u0131x\u0131\u015flar\u0131nda da \u00f6z \u0259ksini tap\u0131b.<\/p>\n<p>Burada qeyd edilib ki, beyn\u0259lxalq \u0259m\u0259kda\u015fl\u0131\u011f\u0131n x\u00fcsusi modeli kimi \u201cBir k\u0259m\u0259r, bir yol\u201d t\u0259\u015f\u0259bb\u00fcs\u00fcn\u00fcn h\u0259yata ke\u00e7irilm\u0259si v\u0259 m\u00f6vcud ikit\u0259r\u0259fli v\u0259 \u00e7oxt\u0259r\u0259fli mexanizml\u0259rin, h\u0259m\u00e7inin \u00c7inin i\u015ftirak\u0131 il\u0259 qar\u015f\u0131l\u0131ql\u0131 t\u0259sir strukturlar\u0131n m\u00f6hk\u0259ml\u0259ndirilm\u0259si \u00a0\u00f6lk\u0259nin xarici siyas\u0259t f\u0259aliyy\u0259tind\u0259 m\u00fch\u00fcm prioritetl\u0259rd\u0259n biridir, s\u00fclh v\u0259 davaml\u0131 inki\u015faf \u00a0c\u0259lb olunmu\u015f \u00f6lk\u0259l\u0259rin iqtisadi dir\u00e7\u0259li\u015fi, m\u00fcxt\u0259lif sivilizasiyalar aras\u0131nda m\u0259d\u0259niyy\u0259t sah\u0259sind\u0259 \u0259laq\u0259 v\u0259 m\u00fcbadil\u0259 istiqam\u0259tind\u0259 t\u0259klif olunmu\u015f modelidir. Bununla yana\u015f\u0131, Az\u0259rbaycan\u0131n geopolitik m\u00f6vqeyi v\u0259 d\u00fcnyan\u0131n m\u00fcxt\u0259lif istiqam\u0259tl\u0259rin\u0259 ged\u0259n ticar\u0259t yollar\u0131n\u0131n \u00a0k\u0259si\u015fm\u0259sind\u0259 yerl\u0259\u015fm\u0259si \u00f6lk\u0259mizin B\u00f6y\u00fck \u0130p\u0259k Yolunun b\u0259rpas\u0131 \u00e7\u0259r\u00e7iv\u0259sind\u0259 h\u0259yata ke\u00e7iril\u0259n v\u0259 Avropa-Qafqaz-Asiya n\u0259qliyyat d\u0259hlizinin yarad\u0131lmas\u0131na hesablanm\u0131\u015f \u00a0TRASEKA proqram\u0131n\u0131n m\u00fch\u00fcm i\u015ftirak\u00e7\u0131s\u0131na \u00e7evrilm\u0259sin\u0259 s\u0259b\u0259b olmu\u015fdur. Avrasiya n\u0259qliyyat strukturunun diversifikasiyas\u0131nda \u00a0m\u00fch\u00fcm \u0259h\u0259miyy\u0259t k\u0259sb ed\u0259n yeni n\u0259qliyyat d\u0259hlizi Az\u0259rbaycan\u0131n regionun beyn\u0259lxalq y\u00fckda\u015f\u0131malar\u0131nda \u0259sas tranzit qov\u015fa\u011f\u0131na \u00e7evrilm\u0259sin\u0259 s\u0259b\u0259b olur. Lakin \u0130p\u0259k yolunun Bak\u0131-Tbilisi-Qars d\u0259mir yolu h\u0259m regionda davaml\u0131 inki\u015faf\u0131 v\u0259 t\u0259hl\u00fck\u0259sizliyi, h\u0259m d\u0259 X\u0259z\u0259ryan\u0131 regionun v\u0259 M\u0259rk\u0259zi Asiyan\u0131n Avropa il\u0259 birba\u015fa n\u0259qliyyat \u0259laq\u0259l\u0259rini t\u0259min ed\u0259c\u0259kdir. Qeyd etm\u0259k laz\u0131md\u0131r ki, Az\u0259rbaycan \u00a0\u0130p\u0259k yolunun b\u0259rpas\u0131 istiqam\u0259tind\u0259 d\u0259 ciddi investisiyalar yat\u0131r\u0131r, n\u0259qliyyat infrastrukturunun modernl\u0259\u015fm\u0259sini h\u0259yata ke\u00e7irir. Ticar\u0259tin asanla\u015fmas\u0131 v\u0259 reqiondaxili v\u0259 transregional infrastrukturun kooddinasiyas\u0131na \u00a0g\u0259tirib \u00e7\u0131xaran effektiv \u00e7oxmodullu n\u0259qliyyat d\u0259hlizl\u0259rinin yarad\u0131lmas\u0131, \u015f\u00fcbh\u0259siz ki, Az\u0259rbaycan-\u00c7in \u0259laq\u0259l\u0259rinin inki\u015faf\u0131na v\u0259 Avrasiya m\u0259kan\u0131nda davaml\u0131 inki\u015faf\u0131n s\u00fcr\u0259tl\u0259nm\u0259sind\u0259 \u00f6z t\u00f6hf\u0259sini ver\u0259c\u0259k\u201d.\u00a0Unikal.org<\/p>\n","protected":false},"excerpt":{"rendered":"<p>\u201cSinxua\u201d informasiya agentliyi \u201cBir k\u0259m\u0259r-bir yol\u201d \u0130kinci beyn\u0259lxalq \u0259m\u0259kda\u015fl\u0131q sammitinin a\u00e7\u0131l\u0131\u015f\u0131ndan \u0259vv\u0259l,az\u0259rbaycanl\u0131 \u00e7in\u015f\u00fcnas alim, Az\u0259rbaycan Dill\u0259r Universitetind\u0259 Konfutsi \u0130nstitutunun direktoru Rafiq Abbasovun\u201c\u201cBir k\u0259m\u0259r bir yol\u201d layih\u0259si daha da s\u0131x regional \u0259m\u0259kda\u015fl\u0131\u011fa t\u00f6hf\u0259 verir\u201d adl\u0131 analitik material\u0131 yay\u0131mlay\u0131b. \u00a0 ARANTV.AZ\u00a0x\u0259b\u0259r verir ki, R. Abbasov qeyd edib ki, \u201cBir k\u0259m\u0259r-bir yol\u201d \u0130kinci beyn\u0259lxalq \u0259m\u0259kda\u015fl\u0131q sammitinin ke\u00e7irilm\u0259si, \u015f\u00fcbh\u0259siz, Avrasiya n\u0259qliyyat x\u0259ttind\u0259 yerl\u0259\u015f\u0259n d\u00f6vl\u0259tl\u0259r aras\u0131nda \u0259m\u0259kda\u015fl\u0131\u011f\u0131n inki\u015faf\u0131nda yeni m\u0259rh\u0259l\u0259 olacaq, Avrasiya kontinentinin iqtisadi inki\u015faf\u0131n\u0131n \u00c7in modeli perspektivl\u0259rinin daha geni\u015f formatda m\u00fczakir\u0259sin\u0259 imkan yaradacaq: \u201c\u018fmin\u0259m ki, sammitd\u0259 Avrasiya iqtisadi inki\u015faf d\u0259hlizl\u0259rin\u0259 inteqrasiya siyas\u0259ti aparan d\u00f6vl\u0259tl\u0259r&hellip;<\/p>\n","protected":false},"author":2,"featured_media":51542,"comment_status":"closed","ping_status":"closed","sticky":false,"template":"","format":"standard","meta":{"om_disable_all_campaigns":false,"_monsterinsights_skip_tracking":false,"_monsterinsights_sitenote_active":false,"_monsterinsights_sitenote_note":"","_monsterinsights_sitenote_category":0},"categories":[1],"tags":[],"aioseo_notices":[],"gutentor_comment":0,"rttpg_featured_image_url":{"full":["https:\/\/arantv.az\/wp-content\/uploads\/2019\/04\/1555658449_photo.png",536,302,false],"landscape":["https:\/\/arantv.az\/wp-content\/uploads\/2019\/04\/1555658449_photo.png",536,302,false],"portraits":["https:\/\/arantv.az\/wp-content\/uploads\/2019\/04\/1555658449_photo.png",536,302,false],"thumbnail":["https:\/\/arantv.az\/wp-content\/uploads\/2019\/04\/1555658449_photo-150x150.png",150,150,true],"medium":["https:\/\/arantv.az\/wp-content\/uploads\/2019\/04\/1555658449_photo-300x169.png",300,169,true],"large":["https:\/\/arantv.az\/wp-content\/uploads\/2019\/04\/1555658449_photo.png",536,302,false],"1536x1536":["https:\/\/arantv.az\/wp-content\/uploads\/2019\/04\/1555658449_photo.png",536,302,false],"2048x2048":["https:\/\/arantv.az\/wp-content\/uploads\/2019\/04\/1555658449_photo.png",536,302,false],"post-thumbnail":["https:\/\/arantv.az\/wp-content\/uploads\/2019\/04\/1555658449_photo-240x172.png",240,172,true],"advps-thumb-one":["https:\/\/arantv.az\/wp-content\/uploads\/2019\/04\/1555658449_photo.png",536,302,false]},"rttpg_author":{"display_name":"V\u00fcsal Rafiqo\u011flu","author_link":"https:\/\/arantv.az\/?author=2"},"rttpg_comment":0,"rttpg_category":"<a href=\"https:\/\/arantv.az\/?cat=1\" rel=\"category\">C\u0259miyy\u0259t<\/a>","rttpg_excerpt":"\u201cSinxua\u201d informasiya agentliyi \u201cBir k\u0259m\u0259r-bir yol\u201d \u0130kinci beyn\u0259lxalq \u0259m\u0259kda\u015fl\u0131q sammitinin a\u00e7\u0131l\u0131\u015f\u0131ndan \u0259vv\u0259l,az\u0259rbaycanl\u0131 \u00e7in\u015f\u00fcnas alim, Az\u0259rbaycan Dill\u0259r Universitetind\u0259 Konfutsi \u0130nstitutunun direktoru Rafiq Abbasovun\u201c\u201cBir k\u0259m\u0259r bir yol\u201d layih\u0259si daha da s\u0131x regional \u0259m\u0259kda\u015fl\u0131\u011fa t\u00f6hf\u0259 verir\u201d adl\u0131 analitik material\u0131 yay\u0131mlay\u0131b. \u00a0 ARANTV.AZ\u00a0x\u0259b\u0259r verir ki, R. Abbasov qeyd edib ki, \u201cBir k\u0259m\u0259r-bir yol\u201d \u0130kinci beyn\u0259lxalq \u0259m\u0259kda\u015fl\u0131q sammitinin ke\u00e7irilm\u0259si, \u015f\u00fcbh\u0259siz,&hellip;","_links":{"self":[{"href":"https:\/\/arantv.az\/index.php?rest_route=\/wp\/v2\/posts\/51541"}],"collection":[{"href":"https:\/\/arantv.az\/index.php?rest_route=\/wp\/v2\/posts"}],"about":[{"href":"https:\/\/arantv.az\/index.php?rest_route=\/wp\/v2\/types\/post"}],"author":[{"embeddable":true,"href":"https:\/\/arantv.az\/index.php?rest_route=\/wp\/v2\/users\/2"}],"replies":[{"embeddable":true,"href":"https:\/\/arantv.az\/index.php?rest_route=%2Fwp%2Fv2%2Fcomments&post=51541"}],"version-history":[{"count":0,"href":"https:\/\/arantv.az\/index.php?rest_route=\/wp\/v2\/posts\/51541\/revisions"}],"wp:featuredmedia":[{"embeddable":true,"href":"https:\/\/arantv.az\/index.php?rest_route=\/wp\/v2\/media\/51542"}],"wp:attachment":[{"href":"https:\/\/arantv.az\/index.php?rest_route=%2Fwp%2Fv2%2Fmedia&parent=51541"}],"wp:term":[{"taxonomy":"category","embeddable":true,"href":"https:\/\/arantv.az\/index.php?rest_route=%2Fwp%2Fv2%2Fcategories&post=51541"},{"taxonomy":"post_tag","embeddable":true,"href":"https:\/\/arantv.az\/index.php?rest_route=%2Fwp%2Fv2%2Ftags&post=51541"}],"curies":[{"name":"wp","href":"https:\/\/api.w.org\/{rel}","templated":true}]}}