{"id":515452,"date":"2022-09-20T20:24:34","date_gmt":"2022-09-20T17:24:34","guid":{"rendered":"https:\/\/arantv.az\/?p=515452"},"modified":"2022-09-20T20:24:34","modified_gmt":"2022-09-20T17:24:34","slug":"%c9%99li-%c9%99hm%c9%99dov-belarusun-az%c9%99rbaycandaki-s%c9%99firi-il%c9%99-gorusdu","status":"publish","type":"post","link":"https:\/\/arantv.az\/?p=515452","title":{"rendered":"\u018fli \u018fhm\u0259dov Belarusun Az\u0259rbaycandak\u0131 s\u0259firi il\u0259 g\u00f6r\u00fc\u015fd\u00fc"},"content":{"rendered":"<p>Ba\u015f nazirin m\u00fcavini, Az\u0259rbaycan Respublikas\u0131 il\u0259 Belarus Respublikas\u0131 aras\u0131nda iqtisadi \u0259m\u0259kda\u015fl\u0131q \u00fczr\u0259 birg\u0259 h\u00f6kum\u0259tl\u0259raras\u0131 komissiyan\u0131n h\u0259ms\u0259dri \u018fli \u018fhm\u0259dov sentyabr\u0131n 20-d\u0259 Belarusun \u00f6lk\u0259mizd\u0259ki s\u0259firi Andrey Ravkov il\u0259 g\u00f6r\u00fc\u015f\u00fcb.<\/p>\n<div class=\"AdviadNativeVideo\"><\/div>\n<p>Bu bar\u0259d\u0259\u00a0Nazirl\u0259r Kabinetind\u0259n m\u0259lumat verilib.<\/p>\n<p>G\u00f6r\u00fc\u015f zaman\u0131 Az\u0259rbaycan-Belarus dostluq m\u00fcnasib\u0259tl\u0259rinin h\u0259rt\u0259r\u0259fli inki\u015faf\u0131ndan m\u0259mnunluq ifad\u0259 olunub, ikit\u0259r\u0259fli \u0259laq\u0259l\u0259rin bundan sonra da geni\u015fl\u0259n\u0259c\u0259yin\u0259 \u0259minlik bildirilib.<\/p>\n<p>H\u0259m\u00e7inin iki \u00f6lk\u0259 aras\u0131nda m\u00fcxt\u0259lif sah\u0259l\u0259rd\u0259 \u0259m\u0259kda\u015fl\u0131\u011f\u0131n perspektivl\u0259ri il\u0259 ba\u011fl\u0131 m\u0259s\u0259l\u0259l\u0259r m\u00fczakir\u0259 edilib.<\/p>\n","protected":false},"excerpt":{"rendered":"<p>Ba\u015f nazirin m\u00fcavini, Az\u0259rbaycan Respublikas\u0131 il\u0259 Belarus Respublikas\u0131 aras\u0131nda iqtisadi \u0259m\u0259kda\u015fl\u0131q \u00fczr\u0259 birg\u0259 h\u00f6kum\u0259tl\u0259raras\u0131 komissiyan\u0131n h\u0259ms\u0259dri \u018fli \u018fhm\u0259dov sentyabr\u0131n 20-d\u0259 Belarusun \u00f6lk\u0259mizd\u0259ki s\u0259firi Andrey Ravkov il\u0259 g\u00f6r\u00fc\u015f\u00fcb. Bu bar\u0259d\u0259\u00a0Nazirl\u0259r Kabinetind\u0259n m\u0259lumat verilib. G\u00f6r\u00fc\u015f zaman\u0131 Az\u0259rbaycan-Belarus dostluq m\u00fcnasib\u0259tl\u0259rinin h\u0259rt\u0259r\u0259fli inki\u015faf\u0131ndan m\u0259mnunluq ifad\u0259 olunub, ikit\u0259r\u0259fli \u0259laq\u0259l\u0259rin bundan sonra da geni\u015fl\u0259n\u0259c\u0259yin\u0259 \u0259minlik bildirilib. H\u0259m\u00e7inin iki \u00f6lk\u0259 aras\u0131nda m\u00fcxt\u0259lif sah\u0259l\u0259rd\u0259 \u0259m\u0259kda\u015fl\u0131\u011f\u0131n perspektivl\u0259ri il\u0259 ba\u011fl\u0131 m\u0259s\u0259l\u0259l\u0259r m\u00fczakir\u0259 edilib.<\/p>\n","protected":false},"author":2,"featured_media":515453,"comment_status":"closed","ping_status":"closed","sticky":false,"template":"","format":"standard","meta":{"om_disable_all_campaigns":false,"_monsterinsights_skip_tracking":false,"_monsterinsights_sitenote_active":false,"_monsterinsights_sitenote_note":"","_monsterinsights_sitenote_category":0},"categories":[4],"tags":[],"aioseo_notices":[],"gutentor_comment":0,"rttpg_featured_image_url":{"full":["https:\/\/arantv.az\/wp-content\/uploads\/2022\/09\/FotoJet-2022-09-20T183920.866.jpg",620,413,false],"landscape":["https:\/\/arantv.az\/wp-content\/uploads\/2022\/09\/FotoJet-2022-09-20T183920.866.jpg",620,413,false],"portraits":["https:\/\/arantv.az\/wp-content\/uploads\/2022\/09\/FotoJet-2022-09-20T183920.866.jpg",620,413,false],"thumbnail":["https:\/\/arantv.az\/wp-content\/uploads\/2022\/09\/FotoJet-2022-09-20T183920.866-500x280.jpg",500,280,true],"medium":["https:\/\/arantv.az\/wp-content\/uploads\/2022\/09\/FotoJet-2022-09-20T183920.866-548x365.jpg",548,365,true],"large":["https:\/\/arantv.az\/wp-content\/uploads\/2022\/09\/FotoJet-2022-09-20T183920.866.jpg",620,413,false],"1536x1536":["https:\/\/arantv.az\/wp-content\/uploads\/2022\/09\/FotoJet-2022-09-20T183920.866.jpg",620,413,false],"2048x2048":["https:\/\/arantv.az\/wp-content\/uploads\/2022\/09\/FotoJet-2022-09-20T183920.866.jpg",620,413,false],"post-thumbnail":["https:\/\/arantv.az\/wp-content\/uploads\/2022\/09\/FotoJet-2022-09-20T183920.866-240x172.jpg",240,172,true],"advps-thumb-one":["https:\/\/arantv.az\/wp-content\/uploads\/2022\/09\/FotoJet-2022-09-20T183920.866.jpg",620,413,false]},"rttpg_author":{"display_name":"V\u00fcsal Rafiqo\u011flu","author_link":"https:\/\/arantv.az\/?author=2"},"rttpg_comment":0,"rttpg_category":"<a href=\"https:\/\/arantv.az\/?cat=4\" rel=\"category\">Siyas\u0259t<\/a>","rttpg_excerpt":"Ba\u015f nazirin m\u00fcavini, Az\u0259rbaycan Respublikas\u0131 il\u0259 Belarus Respublikas\u0131 aras\u0131nda iqtisadi \u0259m\u0259kda\u015fl\u0131q \u00fczr\u0259 birg\u0259 h\u00f6kum\u0259tl\u0259raras\u0131 komissiyan\u0131n h\u0259ms\u0259dri \u018fli \u018fhm\u0259dov sentyabr\u0131n 20-d\u0259 Belarusun \u00f6lk\u0259mizd\u0259ki s\u0259firi Andrey Ravkov il\u0259 g\u00f6r\u00fc\u015f\u00fcb. Bu bar\u0259d\u0259\u00a0Nazirl\u0259r Kabinetind\u0259n m\u0259lumat verilib. G\u00f6r\u00fc\u015f zaman\u0131 Az\u0259rbaycan-Belarus dostluq m\u00fcnasib\u0259tl\u0259rinin h\u0259rt\u0259r\u0259fli inki\u015faf\u0131ndan m\u0259mnunluq ifad\u0259 olunub, ikit\u0259r\u0259fli \u0259laq\u0259l\u0259rin bundan sonra da geni\u015fl\u0259n\u0259c\u0259yin\u0259 \u0259minlik bildirilib. H\u0259m\u00e7inin iki \u00f6lk\u0259 aras\u0131nda m\u00fcxt\u0259lif&hellip;","_links":{"self":[{"href":"https:\/\/arantv.az\/index.php?rest_route=\/wp\/v2\/posts\/515452"}],"collection":[{"href":"https:\/\/arantv.az\/index.php?rest_route=\/wp\/v2\/posts"}],"about":[{"href":"https:\/\/arantv.az\/index.php?rest_route=\/wp\/v2\/types\/post"}],"author":[{"embeddable":true,"href":"https:\/\/arantv.az\/index.php?rest_route=\/wp\/v2\/users\/2"}],"replies":[{"embeddable":true,"href":"https:\/\/arantv.az\/index.php?rest_route=%2Fwp%2Fv2%2Fcomments&post=515452"}],"version-history":[{"count":0,"href":"https:\/\/arantv.az\/index.php?rest_route=\/wp\/v2\/posts\/515452\/revisions"}],"wp:featuredmedia":[{"embeddable":true,"href":"https:\/\/arantv.az\/index.php?rest_route=\/wp\/v2\/media\/515453"}],"wp:attachment":[{"href":"https:\/\/arantv.az\/index.php?rest_route=%2Fwp%2Fv2%2Fmedia&parent=515452"}],"wp:term":[{"taxonomy":"category","embeddable":true,"href":"https:\/\/arantv.az\/index.php?rest_route=%2Fwp%2Fv2%2Fcategories&post=515452"},{"taxonomy":"post_tag","embeddable":true,"href":"https:\/\/arantv.az\/index.php?rest_route=%2Fwp%2Fv2%2Ftags&post=515452"}],"curies":[{"name":"wp","href":"https:\/\/api.w.org\/{rel}","templated":true}]}}