{"id":515459,"date":"2022-09-20T20:26:56","date_gmt":"2022-09-20T17:26:56","guid":{"rendered":"https:\/\/arantv.az\/?p=515459"},"modified":"2022-09-20T20:26:56","modified_gmt":"2022-09-20T17:26:56","slug":"israild%c9%99n-turkiy%c9%99y%c9%99-jest-video","status":"publish","type":"post","link":"https:\/\/arantv.az\/?p=515459","title":{"rendered":"\u0130sraild\u0259n T\u00fcrkiy\u0259y\u0259 jest &#8211; V\u0130DEO"},"content":{"rendered":"<p>\u0130srailli g\u0259ncl\u0259r T\u00fcrkiy\u0259 il\u0259 m\u00fcnasib\u0259tl\u0259rin normalla\u015fmas\u0131na jest olaraq video yay\u0131mlay\u0131blar.<\/p>\n<div class=\"AdviadNativeVideo\"><\/div>\n<p>M\u00fcvafiq g\u00f6r\u00fcnt\u00fcl\u0259r \u0130srail d\u00f6vl\u0259tinin r\u0259smi\u00a0\u201cTwitter\u201d hesab\u0131nda yerl\u0259\u015fdirilib.<\/p>\n<p>\u201cBu, b\u00fct\u00fcn t\u00fcrk dostlar\u0131m\u0131z \u00fc\u00e7\u00fcnd\u00fcr. \u0130srail v\u0259 T\u00fcrkiy\u0259 bu yax\u0131nlarda diplomatik \u0259laq\u0259l\u0259ri yenil\u0259di v\u0259 d\u00fcn\u0259n\u00a0\u0130rit Lillian \u0130srailin T\u00fcrkiy\u0259 s\u0259firi t\u0259yin edildi.<\/p>\n<p>\u201cQ\u00fcdsd\u0259n Ankaraya b\u00fct\u00fcn T\u00fcrkiy\u0259d\u0259ki dostlar\u0131m\u0131za mesaj\u201d qeydi il\u0259 payla\u015f\u0131lan videoda israilli g\u0259ncl\u0259r T\u00fcrkiy\u0259y\u0259 sevgil\u0259rini g\u00f6nd\u0259r\u0259r\u0259k, bu proses\u0259 sevindikl\u0259rini ifad\u0259 edibl\u0259r.<\/p>\n<div>\n<div class=\"twitter-tweet twitter-tweet-rendered\"><iframe id=\"twitter-widget-0\" class=\"\" title=\"Twitter Tweet\" src=\"https:\/\/platform.twitter.com\/embed\/Tweet.html?creatorScreenName=oxuaz&amp;dnt=false&amp;embedId=twitter-widget-0&amp;features=eyJ0ZndfdGltZWxpbmVfbGlzdCI6eyJidWNrZXQiOlsibGlua3RyLmVlIiwidHIuZWUiLCJ0ZXJyYS5jb20uYnIiLCJ3d3cubGlua3RyLmVlIiwid3d3LnRyLmVlIiwid3d3LnRlcnJhLmNvbS5iciJdLCJ2ZXJzaW9uIjpudWxsfSwidGZ3X2hvcml6b25fdGltZWxpbmVfMTIwMzQiOnsiYnVja2V0IjoidHJlYXRtZW50IiwidmVyc2lvbiI6bnVsbH0sInRmd190d2VldF9lZGl0X2JhY2tlbmQiOnsiYnVja2V0Ijoib24iLCJ2ZXJzaW9uIjpudWxsfSwidGZ3X3JlZnNyY19zZXNzaW9uIjp7ImJ1Y2tldCI6Im9uIiwidmVyc2lvbiI6bnVsbH0sInRmd19jaGluX3BpbGxzXzE0NzQxIjp7ImJ1Y2tldCI6ImNvbG9yX2ljb25zIiwidmVyc2lvbiI6bnVsbH0sInRmd190d2VldF9yZXN1bHRfbWlncmF0aW9uXzEzOTc5Ijp7ImJ1Y2tldCI6InR3ZWV0X3Jlc3VsdCIsInZlcnNpb24iOm51bGx9LCJ0Zndfc2Vuc2l0aXZlX21lZGlhX2ludGVyc3RpdGlhbF8xMzk2MyI6eyJidWNrZXQiOiJpbnRlcnN0aXRpYWwiLCJ2ZXJzaW9uIjpudWxsfSwidGZ3X2V4cGVyaW1lbnRzX2Nvb2tpZV9leHBpcmF0aW9uIjp7ImJ1Y2tldCI6MTIwOTYwMCwidmVyc2lvbiI6bnVsbH0sInRmd19kdXBsaWNhdGVfc2NyaWJlc190b19zZXR0aW5ncyI6eyJidWNrZXQiOiJvbiIsInZlcnNpb24iOm51bGx9LCJ0ZndfdHdlZXRfZWRpdF9mcm9udGVuZCI6eyJidWNrZXQiOiJvZmYiLCJ2ZXJzaW9uIjpudWxsfX0%3D&amp;frame=false&amp;hideCard=false&amp;hideThread=false&amp;id=1572165507846905856&amp;lang=en&amp;origin=https%3A%2F%2Foxu.az%2Fworld%2F645242&amp;sessionId=a7b7014f79743ad59213fa3c5565f623235450fe&amp;siteScreenName=oxuaz&amp;theme=light&amp;widgetsVersion=1bfeb5c3714e8%3A1661975971032&amp;width=550px\" frameborder=\"0\" scrolling=\"no\" allowfullscreen=\"allowfullscreen\" data-tweet-id=\"1572165507846905856\" data-mce-fragment=\"1\"><\/iframe><\/div>\n<blockquote class=\"twitter-tweet\" data-twitter-extracted-i166369479017867976=\"true\">\n<p dir=\"ltr\" lang=\"en\">This one&#8217;s for all of our Turkish friends \ud83c\uddee\ud83c\uddf1\u2665\ufe0f\ud83c\uddf9\ud83c\uddf7!<\/p>\n<p>Israel &amp; T\u00fcrkiye recently upgraded diplomatic ties and yesterday,\u00a0<a href=\"https:\/\/twitter.com\/iritlillian?ref_src=twsrc%5Etfw\">@iritlillian<\/a>\u00a0was appointed as Israel&#8217;s Ambassador to T\u00fcrkiye.<\/p>\n<p>From Jerusalem to Ankara, here&#8217;s a message to all of our friends from T\u00fcrkiye:\u00a0<a href=\"https:\/\/twitter.com\/IsraelinTurkey?ref_src=twsrc%5Etfw\">@IsraelinTurkey<\/a>\u00a0<a href=\"https:\/\/t.co\/bowEU0bdX3\">pic.twitter.com\/bowEU0bdX3<\/a><\/p>\n<p>\u2014 Israel \u05d9\u05e9\u05e8\u05d0\u05dc (@Israel)\u00a0<a href=\"https:\/\/twitter.com\/Israel\/status\/1572165507846905856?ref_src=twsrc%5Etfw\">September 20, 2022<\/a><\/p><\/blockquote>\n<\/div>\n<p>&nbsp;<\/p>\n","protected":false},"excerpt":{"rendered":"<p>\u0130srailli g\u0259ncl\u0259r T\u00fcrkiy\u0259 il\u0259 m\u00fcnasib\u0259tl\u0259rin normalla\u015fmas\u0131na jest olaraq video yay\u0131mlay\u0131blar. M\u00fcvafiq g\u00f6r\u00fcnt\u00fcl\u0259r \u0130srail d\u00f6vl\u0259tinin r\u0259smi\u00a0\u201cTwitter\u201d hesab\u0131nda yerl\u0259\u015fdirilib. \u201cBu, b\u00fct\u00fcn t\u00fcrk dostlar\u0131m\u0131z \u00fc\u00e7\u00fcnd\u00fcr. \u0130srail v\u0259 T\u00fcrkiy\u0259 bu yax\u0131nlarda diplomatik \u0259laq\u0259l\u0259ri yenil\u0259di v\u0259 d\u00fcn\u0259n\u00a0\u0130rit Lillian \u0130srailin T\u00fcrkiy\u0259 s\u0259firi t\u0259yin edildi. \u201cQ\u00fcdsd\u0259n Ankaraya b\u00fct\u00fcn T\u00fcrkiy\u0259d\u0259ki dostlar\u0131m\u0131za mesaj\u201d qeydi il\u0259 payla\u015f\u0131lan videoda israilli g\u0259ncl\u0259r T\u00fcrkiy\u0259y\u0259 sevgil\u0259rini g\u00f6nd\u0259r\u0259r\u0259k, bu proses\u0259 sevindikl\u0259rini ifad\u0259 edibl\u0259r. This one&#8217;s for all of our Turkish friends \ud83c\uddee\ud83c\uddf1\u2665\ufe0f\ud83c\uddf9\ud83c\uddf7! Israel &amp; T\u00fcrkiye recently upgraded diplomatic ties and yesterday,\u00a0@iritlillian\u00a0was appointed as Israel&#8217;s Ambassador to T\u00fcrkiye. From Jerusalem to Ankara, here&#8217;s a message to&hellip;<\/p>\n","protected":false},"author":2,"featured_media":515460,"comment_status":"closed","ping_status":"closed","sticky":false,"template":"","format":"standard","meta":{"om_disable_all_campaigns":false,"_monsterinsights_skip_tracking":false,"_monsterinsights_sitenote_active":false,"_monsterinsights_sitenote_note":"","_monsterinsights_sitenote_category":0},"categories":[7],"tags":[],"aioseo_notices":[],"gutentor_comment":0,"rttpg_featured_image_url":{"full":["https:\/\/arantv.az\/wp-content\/uploads\/2022\/09\/FotoJet-2022-09-20T170415.201.jpg",620,413,false],"landscape":["https:\/\/arantv.az\/wp-content\/uploads\/2022\/09\/FotoJet-2022-09-20T170415.201.jpg",620,413,false],"portraits":["https:\/\/arantv.az\/wp-content\/uploads\/2022\/09\/FotoJet-2022-09-20T170415.201.jpg",620,413,false],"thumbnail":["https:\/\/arantv.az\/wp-content\/uploads\/2022\/09\/FotoJet-2022-09-20T170415.201-500x280.jpg",500,280,true],"medium":["https:\/\/arantv.az\/wp-content\/uploads\/2022\/09\/FotoJet-2022-09-20T170415.201-548x365.jpg",548,365,true],"large":["https:\/\/arantv.az\/wp-content\/uploads\/2022\/09\/FotoJet-2022-09-20T170415.201.jpg",620,413,false],"1536x1536":["https:\/\/arantv.az\/wp-content\/uploads\/2022\/09\/FotoJet-2022-09-20T170415.201.jpg",620,413,false],"2048x2048":["https:\/\/arantv.az\/wp-content\/uploads\/2022\/09\/FotoJet-2022-09-20T170415.201.jpg",620,413,false],"post-thumbnail":["https:\/\/arantv.az\/wp-content\/uploads\/2022\/09\/FotoJet-2022-09-20T170415.201-240x172.jpg",240,172,true],"advps-thumb-one":["https:\/\/arantv.az\/wp-content\/uploads\/2022\/09\/FotoJet-2022-09-20T170415.201.jpg",620,413,false]},"rttpg_author":{"display_name":"V\u00fcsal Rafiqo\u011flu","author_link":"https:\/\/arantv.az\/?author=2"},"rttpg_comment":0,"rttpg_category":"<a href=\"https:\/\/arantv.az\/?cat=7\" rel=\"category\">D\u00fcnya<\/a>","rttpg_excerpt":"\u0130srailli g\u0259ncl\u0259r T\u00fcrkiy\u0259 il\u0259 m\u00fcnasib\u0259tl\u0259rin normalla\u015fmas\u0131na jest olaraq video yay\u0131mlay\u0131blar. M\u00fcvafiq g\u00f6r\u00fcnt\u00fcl\u0259r \u0130srail d\u00f6vl\u0259tinin r\u0259smi\u00a0\u201cTwitter\u201d hesab\u0131nda yerl\u0259\u015fdirilib. \u201cBu, b\u00fct\u00fcn t\u00fcrk dostlar\u0131m\u0131z \u00fc\u00e7\u00fcnd\u00fcr. \u0130srail v\u0259 T\u00fcrkiy\u0259 bu yax\u0131nlarda diplomatik \u0259laq\u0259l\u0259ri yenil\u0259di v\u0259 d\u00fcn\u0259n\u00a0\u0130rit Lillian \u0130srailin T\u00fcrkiy\u0259 s\u0259firi t\u0259yin edildi. \u201cQ\u00fcdsd\u0259n Ankaraya b\u00fct\u00fcn T\u00fcrkiy\u0259d\u0259ki dostlar\u0131m\u0131za mesaj\u201d qeydi il\u0259 payla\u015f\u0131lan videoda israilli g\u0259ncl\u0259r T\u00fcrkiy\u0259y\u0259 sevgil\u0259rini g\u00f6nd\u0259r\u0259r\u0259k, bu proses\u0259&hellip;","_links":{"self":[{"href":"https:\/\/arantv.az\/index.php?rest_route=\/wp\/v2\/posts\/515459"}],"collection":[{"href":"https:\/\/arantv.az\/index.php?rest_route=\/wp\/v2\/posts"}],"about":[{"href":"https:\/\/arantv.az\/index.php?rest_route=\/wp\/v2\/types\/post"}],"author":[{"embeddable":true,"href":"https:\/\/arantv.az\/index.php?rest_route=\/wp\/v2\/users\/2"}],"replies":[{"embeddable":true,"href":"https:\/\/arantv.az\/index.php?rest_route=%2Fwp%2Fv2%2Fcomments&post=515459"}],"version-history":[{"count":0,"href":"https:\/\/arantv.az\/index.php?rest_route=\/wp\/v2\/posts\/515459\/revisions"}],"wp:featuredmedia":[{"embeddable":true,"href":"https:\/\/arantv.az\/index.php?rest_route=\/wp\/v2\/media\/515460"}],"wp:attachment":[{"href":"https:\/\/arantv.az\/index.php?rest_route=%2Fwp%2Fv2%2Fmedia&parent=515459"}],"wp:term":[{"taxonomy":"category","embeddable":true,"href":"https:\/\/arantv.az\/index.php?rest_route=%2Fwp%2Fv2%2Fcategories&post=515459"},{"taxonomy":"post_tag","embeddable":true,"href":"https:\/\/arantv.az\/index.php?rest_route=%2Fwp%2Fv2%2Ftags&post=515459"}],"curies":[{"name":"wp","href":"https:\/\/api.w.org\/{rel}","templated":true}]}}