{"id":515465,"date":"2022-09-21T06:59:39","date_gmt":"2022-09-21T03:59:39","guid":{"rendered":"https:\/\/arantv.az\/?p=515465"},"modified":"2022-09-21T06:59:39","modified_gmt":"2022-09-21T03:59:39","slug":"ceyhun-bayramov-guam-xarici-isl%c9%99r-nazirl%c9%99ri-surasinin-39-cu-iclasinda-istirak-etdi-foto","status":"publish","type":"post","link":"https:\/\/arantv.az\/?p=515465","title":{"rendered":"Ceyhun Bayramov GUAM Xarici \u0130\u015fl\u0259r Nazirl\u0259ri \u015euras\u0131n\u0131n 39-cu iclas\u0131nda i\u015ftirak etdi &#8211; FOTO"},"content":{"rendered":"<p>20 sentyabr 2022-ci il tarixind\u0259 Az\u0259rbaycan Respublikas\u0131n\u0131n xarici i\u015fl\u0259r naziri Ceyhun Bayramov BMT Ba\u015f Assambleyas\u0131n\u0131n 77-ci sessiyas\u0131n\u0131n y\u00fcks\u0259k s\u0259viyy\u0259li h\u0259ft\u0259si \u00e7\u0259r\u00e7iv\u0259sind\u0259 Demokratiya v\u0259 \u0130qtisadi \u0130nki\u015faf namin\u0259T\u0259\u015fkilat &#8211; GUAM Xarici \u0130\u015fl\u0259r Nazirl\u0259ri \u015euras\u0131n\u0131n 39-cu iclas\u0131nda i\u015ftirak edib.<\/p>\n<p>Xarici \u0130\u015fl\u0259r Nazirliyinin M\u0259tbuat \u0130dar\u0259sind\u0259n\u00a0veril\u0259n m\u0259lumata\u00a0g\u00f6r\u0259, \u015furan\u0131n iclas\u0131na, h\u0259m\u00e7inin G\u00fcrc\u00fcstan\u0131n xarici i\u015fl\u0259r naziri \u0130liya Dar\u00e7ia\u015fvili, Moldovan\u0131n xarici i\u015fl\u0259r v\u0259 Avropa inteqrasiyas\u0131 naziri Niku Popesku, Ukraynan\u0131n xarici i\u015fl\u0259r naziri Dmitro Kuleba qat\u0131l\u0131b.<\/p>\n<div class=\"AdviadNativeVideo\"><\/div>\n<p>Nazir Ceyhun Bayramov iclas zaman\u0131 \u00e7\u0131x\u0131\u015f ed\u0259r\u0259k ticar\u0259t, n\u0259qliyyat v\u0259 kommunikasiya, parlamentl\u0259raras\u0131 \u0259m\u0259kda\u015fl\u0131q istiqam\u0259tl\u0259rind\u0259 GUAM \u00e7\u0259r\u00e7iv\u0259sind\u0259 h\u0259yata ke\u00e7iril\u0259n i\u015fl\u0259r v\u0259 perspektivl\u0259r bar\u0259d\u0259 fikirl\u0259ri il\u0259 b\u00f6l\u00fc\u015f\u00fcb, t\u0259\u015fkilat \u00e7\u0259r\u00e7iv\u0259sind\u0259 \u0259m\u0259kda\u015fl\u0131\u011f\u0131n vacib oldu\u011funu bildirib.<\/p>\n<p>Nazir, post-m\u00fcnaqi\u015f\u0259 d\u00f6vr\u00fcnd\u0259 Erm\u0259nistanla ke\u00e7mi\u015f m\u00fcnaqi\u015f\u0259nin n\u0259tic\u0259l\u0259rinin aradan qald\u0131r\u0131lmas\u0131 m\u0259qs\u0259dil\u0259 s\u0259yl\u0259ri bar\u0259d\u0259 m\u0259lumat verib. Nazir regionda b\u0259rpa v\u0259 yenid\u0259nqurma t\u0259dbirl\u0259ri, m\u0259cburi k\u00f6\u00e7k\u00fcnl\u0259rin geri qay\u0131d\u0131\u015f\u0131, b\u00f6lg\u0259d\u0259 ya\u015fayan etnik erm\u0259nil\u0259rin reinteqrasiyas\u0131 \u00fc\u00e7\u00fcn b\u0259zi layih\u0259l\u0259r, habel\u0259 b\u00f6lg\u0259d\u0259 mina t\u0259hl\u00fck\u0259si bar\u0259d\u0259 i\u015ftirak\u00e7\u0131lar\u0131 m\u0259lumatland\u0131r\u0131b.<\/p>\n<p>\u00dc\u00e7t\u0259r\u0259fli b\u0259yanat v\u0259 Az\u0259rbaycanla Erm\u0259nistan liderl\u0259ri aras\u0131nda \u0259ld\u0259 edilmi\u015f raz\u0131la\u015fmalar \u00e7\u0259r\u00e7iv\u0259sind\u0259 kommunikasiya v\u0259 n\u0259qliyyat x\u0259ttl\u0259rinin a\u00e7\u0131lmas\u0131 istiqam\u0259tind\u0259 i\u015fl\u0259r apar\u0131ld\u0131\u011f\u0131, habel\u0259 Az\u0259rbaycan t\u0259r\u0259find\u0259n s\u00fclh sazi\u015fi t\u0259klifi ir\u0259li s\u00fcr\u00fcld\u00fcy\u00fc vur\u011fulan\u0131b. B\u00fct\u00fcn bunlara baxmayaraq, Erm\u0259nistan\u0131n prosesi \u0259ng\u0259ll\u0259diyi v\u0259 gecikdirm\u0259 taktikas\u0131na \u0259l atd\u0131\u011f\u0131, \u00dc\u00e7t\u0259r\u0259fli b\u0259yanatlar \u00fczr\u0259 \u00f6hd\u0259likl\u0259rini ciddi pozdu\u011fu v\u0259 son aylar geni\u015fmiqyasl\u0131 h\u0259rbi t\u0259xribatlar t\u00f6r\u0259tdiyi, t\u0259xribatlar n\u0259tic\u0259sind\u0259 itkil\u0259r oldu\u011funu bildirilib. Erm\u0259nistan t\u0259r\u0259finin destruktiv f\u0259aliyy\u0259tl\u0259rin\u0259 baxmayaraq, \u00f6lk\u0259mizin s\u00fclh g\u00fcnd\u0259liyini ir\u0259lil\u0259tm\u0259kd\u0259 \u0259zmli oldu\u011fu v\u0259 dan\u0131\u015f\u0131qlar\u0131 davam etdirdiyi diqq\u0259t\u0259 \u00e7atd\u0131r\u0131l\u0131b.<\/p>\n<p>Nazir, h\u0259m\u00e7inin Ukraynadak\u0131 v\u0259ziyy\u0259tin ciddi narahatl\u0131q do\u011furdu\u011funu, problemin diplomatik yolla beyn\u0259lxalq h\u00fcquq \u0259sas\u0131nda, x\u00fcsusil\u0259 d\u0259 d\u00f6vl\u0259tl\u0259rin beyn\u0259lxalq tan\u0131nm\u0131\u015f s\u0259rh\u0259dl\u0259ri \u00e7\u0259r\u00e7iv\u0259sind\u0259 \u0259razi b\u00fct\u00f6vl\u00fcy\u00fc v\u0259 suverenlik prinsipl\u0259rin\u0259 uy\u011fun h\u0259llinin vacib oldu\u011funu qeyd edib. Az\u0259rbaycan\u0131n Ukraynaya humanitar yard\u0131m \u0259lini uzadan ilk \u00f6lk\u0259l\u0259rd\u0259n oldu\u011fu v\u0259 indiy\u0259 q\u0259d\u0259r 15 milyon avro m\u0259bl\u0259\u011find\u0259 Ukraynaya yard\u0131m g\u00f6st\u0259rildiyi bildirilib. Nazir Ceyhun Bayramov \u00e7\u0131x\u0131\u015f\u0131n\u0131n sonunda Ukraynan\u0131n 2023-c\u00fc il \u00fczr\u0259 GUAM s\u0259drliyini t\u0259hvil almas\u0131 m\u00fcnasib\u0259til\u0259 t\u0259brik edib.<\/p>\n<p>\u0130clas zaman\u0131 habel\u0259 dig\u0259r \u00f6lk\u0259l\u0259rin xarici i\u015fl\u0259r nazirl\u0259ri v\u0259 Ba\u015f katib Altay \u018ff\u0259ndiyev \u00e7\u0131x\u0131\u015f ed\u0259r\u0259k t\u0259\u015fkilat \u00e7\u0259r\u00e7iv\u0259sind\u0259 m\u00f6vqel\u0259r v\u0259 prioritetl\u0259r bar\u0259d\u0259 i\u015ftirak\u00e7\u0131lar\u0131 m\u0259lumatland\u0131r\u0131blar.<\/p>\n<p>\u0130clas zaman\u0131, \u00fczv d\u00f6vl\u0259tl\u0259r \u201cAzad ticar\u0259t zonas\u0131n\u0131n yarad\u0131lmas\u0131 haqq\u0131nda Sazi\u015f\u0259 mallar\u0131n m\u0259n\u015f\u0259 \u00f6lk\u0259sinin m\u00fc\u0259yy\u0259n edilm\u0259si qaydalar\u0131 haqq\u0131nda Protokol\u201du v\u0259 \u201cKonsulluq m\u0259s\u0259l\u0259l\u0259ri sah\u0259sind\u0259 qar\u015f\u0131l\u0131ql\u0131 yard\u0131m haqq\u0131nda Demokratiya v\u0259 \u0130qtisadi \u0130nki\u015faf namin\u0259T\u0259\u015fkilat &#8211; GUAM Konvensiyas\u0131\u201dn\u0131 imzalay\u0131blar.<\/p>\n<p>&nbsp;<\/p>\n<div class=\"gallery\">\n<div class=\"gallery-i\"><img src=\"https:\/\/cdn.oxu.az\/uploads\/W1siZiIsIjIwMjIvMDkvMjEvMDAvNTkvMzEvYmFiNTAxODMtMDAyZC00NWIyLTkyMGItNGUzY2Y4ZWViNGFmLzYzMmEyODdiODA0OWU2MzJhMjg3YjgwNDlmMTY2MzcwNzI1OTYzMmEyODdiODA0OWI2MzJhMjg3YjgwNDljLmpwZWciXSxbInAiLCJlbmNvZGUiLCJqcGciLCItcXVhbGl0eSA4MCJdLFsicCIsInRodW1iIiwiNTkweDU5MFx1MDAzZSJdXQ?sha=344ede0a104f1d39\" alt=\"\" \/><\/p>\n<div class=\"gallery-i-caption\"><\/div>\n<\/div>\n<div class=\"gallery-i\"><img src=\"https:\/\/cdn.oxu.az\/uploads\/W1siZiIsIjIwMjIvMDkvMjEvMDAvNTkvMzEvZTVlMjMzMjUtMDc5YS00MjUyLWI5YjYtMmIyOWRmNDQyM2UxLzYzMmEyODdiYWU3MjQ2MzJhMjg3YmFlNzI1MTY2MzcwNzI1OTYzMmEyODdiYWU3MjE2MzJhMjg3YmFlNzIzLmpwZWciXSxbInAiLCJlbmNvZGUiLCJqcGciLCItcXVhbGl0eSA4MCJdLFsicCIsInRodW1iIiwiNTkweDU5MFx1MDAzZSJdXQ?sha=52b64031ebb044e8\" alt=\"\" \/><\/div>\n<\/div>\n","protected":false},"excerpt":{"rendered":"<p>20 sentyabr 2022-ci il tarixind\u0259 Az\u0259rbaycan Respublikas\u0131n\u0131n xarici i\u015fl\u0259r naziri Ceyhun Bayramov BMT Ba\u015f Assambleyas\u0131n\u0131n 77-ci sessiyas\u0131n\u0131n y\u00fcks\u0259k s\u0259viyy\u0259li h\u0259ft\u0259si \u00e7\u0259r\u00e7iv\u0259sind\u0259 Demokratiya v\u0259 \u0130qtisadi \u0130nki\u015faf namin\u0259T\u0259\u015fkilat &#8211; GUAM Xarici \u0130\u015fl\u0259r Nazirl\u0259ri \u015euras\u0131n\u0131n 39-cu iclas\u0131nda i\u015ftirak edib. Xarici \u0130\u015fl\u0259r Nazirliyinin M\u0259tbuat \u0130dar\u0259sind\u0259n\u00a0veril\u0259n m\u0259lumata\u00a0g\u00f6r\u0259, \u015furan\u0131n iclas\u0131na, h\u0259m\u00e7inin G\u00fcrc\u00fcstan\u0131n xarici i\u015fl\u0259r naziri \u0130liya Dar\u00e7ia\u015fvili, Moldovan\u0131n xarici i\u015fl\u0259r v\u0259 Avropa inteqrasiyas\u0131 naziri Niku Popesku, Ukraynan\u0131n xarici i\u015fl\u0259r naziri Dmitro Kuleba qat\u0131l\u0131b. Nazir Ceyhun Bayramov iclas zaman\u0131 \u00e7\u0131x\u0131\u015f ed\u0259r\u0259k ticar\u0259t, n\u0259qliyyat v\u0259 kommunikasiya, parlamentl\u0259raras\u0131 \u0259m\u0259kda\u015fl\u0131q istiqam\u0259tl\u0259rind\u0259 GUAM \u00e7\u0259r\u00e7iv\u0259sind\u0259 h\u0259yata ke\u00e7iril\u0259n i\u015fl\u0259r v\u0259 perspektivl\u0259r bar\u0259d\u0259 fikirl\u0259ri&hellip;<\/p>\n","protected":false},"author":2,"featured_media":515466,"comment_status":"closed","ping_status":"closed","sticky":false,"template":"","format":"standard","meta":{"om_disable_all_campaigns":false,"_monsterinsights_skip_tracking":false,"_monsterinsights_sitenote_active":false,"_monsterinsights_sitenote_note":"","_monsterinsights_sitenote_category":0},"categories":[4],"tags":[],"aioseo_notices":[],"gutentor_comment":0,"rttpg_featured_image_url":{"full":["https:\/\/arantv.az\/wp-content\/uploads\/2022\/09\/FotoJet-2022-09-21T005904.068.jpg",620,413,false],"landscape":["https:\/\/arantv.az\/wp-content\/uploads\/2022\/09\/FotoJet-2022-09-21T005904.068.jpg",620,413,false],"portraits":["https:\/\/arantv.az\/wp-content\/uploads\/2022\/09\/FotoJet-2022-09-21T005904.068.jpg",620,413,false],"thumbnail":["https:\/\/arantv.az\/wp-content\/uploads\/2022\/09\/FotoJet-2022-09-21T005904.068-500x280.jpg",500,280,true],"medium":["https:\/\/arantv.az\/wp-content\/uploads\/2022\/09\/FotoJet-2022-09-21T005904.068-548x365.jpg",548,365,true],"large":["https:\/\/arantv.az\/wp-content\/uploads\/2022\/09\/FotoJet-2022-09-21T005904.068.jpg",620,413,false],"1536x1536":["https:\/\/arantv.az\/wp-content\/uploads\/2022\/09\/FotoJet-2022-09-21T005904.068.jpg",620,413,false],"2048x2048":["https:\/\/arantv.az\/wp-content\/uploads\/2022\/09\/FotoJet-2022-09-21T005904.068.jpg",620,413,false],"post-thumbnail":["https:\/\/arantv.az\/wp-content\/uploads\/2022\/09\/FotoJet-2022-09-21T005904.068-240x172.jpg",240,172,true],"advps-thumb-one":["https:\/\/arantv.az\/wp-content\/uploads\/2022\/09\/FotoJet-2022-09-21T005904.068.jpg",620,413,false]},"rttpg_author":{"display_name":"V\u00fcsal Rafiqo\u011flu","author_link":"https:\/\/arantv.az\/?author=2"},"rttpg_comment":0,"rttpg_category":"<a href=\"https:\/\/arantv.az\/?cat=4\" rel=\"category\">Siyas\u0259t<\/a>","rttpg_excerpt":"20 sentyabr 2022-ci il tarixind\u0259 Az\u0259rbaycan Respublikas\u0131n\u0131n xarici i\u015fl\u0259r naziri Ceyhun Bayramov BMT Ba\u015f Assambleyas\u0131n\u0131n 77-ci sessiyas\u0131n\u0131n y\u00fcks\u0259k s\u0259viyy\u0259li h\u0259ft\u0259si \u00e7\u0259r\u00e7iv\u0259sind\u0259 Demokratiya v\u0259 \u0130qtisadi \u0130nki\u015faf namin\u0259T\u0259\u015fkilat &#8211; GUAM Xarici \u0130\u015fl\u0259r Nazirl\u0259ri \u015euras\u0131n\u0131n 39-cu iclas\u0131nda i\u015ftirak edib. Xarici \u0130\u015fl\u0259r Nazirliyinin M\u0259tbuat \u0130dar\u0259sind\u0259n\u00a0veril\u0259n m\u0259lumata\u00a0g\u00f6r\u0259, \u015furan\u0131n iclas\u0131na, h\u0259m\u00e7inin G\u00fcrc\u00fcstan\u0131n xarici i\u015fl\u0259r naziri \u0130liya Dar\u00e7ia\u015fvili, Moldovan\u0131n xarici i\u015fl\u0259r v\u0259&hellip;","_links":{"self":[{"href":"https:\/\/arantv.az\/index.php?rest_route=\/wp\/v2\/posts\/515465"}],"collection":[{"href":"https:\/\/arantv.az\/index.php?rest_route=\/wp\/v2\/posts"}],"about":[{"href":"https:\/\/arantv.az\/index.php?rest_route=\/wp\/v2\/types\/post"}],"author":[{"embeddable":true,"href":"https:\/\/arantv.az\/index.php?rest_route=\/wp\/v2\/users\/2"}],"replies":[{"embeddable":true,"href":"https:\/\/arantv.az\/index.php?rest_route=%2Fwp%2Fv2%2Fcomments&post=515465"}],"version-history":[{"count":0,"href":"https:\/\/arantv.az\/index.php?rest_route=\/wp\/v2\/posts\/515465\/revisions"}],"wp:featuredmedia":[{"embeddable":true,"href":"https:\/\/arantv.az\/index.php?rest_route=\/wp\/v2\/media\/515466"}],"wp:attachment":[{"href":"https:\/\/arantv.az\/index.php?rest_route=%2Fwp%2Fv2%2Fmedia&parent=515465"}],"wp:term":[{"taxonomy":"category","embeddable":true,"href":"https:\/\/arantv.az\/index.php?rest_route=%2Fwp%2Fv2%2Fcategories&post=515465"},{"taxonomy":"post_tag","embeddable":true,"href":"https:\/\/arantv.az\/index.php?rest_route=%2Fwp%2Fv2%2Ftags&post=515465"}],"curies":[{"name":"wp","href":"https:\/\/api.w.org\/{rel}","templated":true}]}}