{"id":51550,"date":"2019-04-19T10:41:58","date_gmt":"2019-04-19T07:41:58","guid":{"rendered":"http:\/\/arantv.az\/?p=51550"},"modified":"2019-04-19T10:41:58","modified_gmt":"2019-04-19T07:41:58","slug":"bakida-%c9%99s%c9%99n-guclu-kul%c9%99k-f%c9%99sadlar-yaratdi","status":"publish","type":"post","link":"https:\/\/arantv.az\/?p=51550","title":{"rendered":"Bak\u0131da \u0259s\u0259n g\u00fccl\u00fc k\u00fcl\u0259k f\u0259sadlar yaratd\u0131"},"content":{"rendered":"<p>Bu gec\u0259 paytaxtda \u0259s\u0259n g\u00fccl\u00fc \u015fimal-q\u0259rb k\u00fcl\u0259yi f\u0259sadlar yarad\u0131b.<\/p>\n<p><strong>ARANTV.AZ\u00a0<\/strong> x\u0259b\u0259r verir ki, Baki \u015e\u0259h\u0259r \u0130cra Hakimiyy\u0259ti Ya\u015f\u0131lla\u015fd\u0131rma T\u0259s\u0259rr\u00fcfat\u0131 Birliyinin Bitkil\u0259rin m\u00fchafiz\u0259si \u015f\u00f6b\u0259sinin r\u0259isi Orxan M\u0259mm\u0259dovun\u00a0<a href=\"https:\/\/az.trend.az\/\" target=\"_blank\" rel=\"noopener\">Trend<\/a>-\u0259 bildirib ki, g\u00fccl\u00fc k\u00fcl\u0259k Bak\u0131da iki \u00fcnvanda a\u011faclar\u0131 s\u0131nd\u0131r\u0131b:<\/p>\n<p>&#8220;M\u00fcraci\u0259tl\u0259r X\u0259tai rayonunda qeyd\u0259 al\u0131n\u0131b. Sakinl\u0259r idar\u0259y\u0259 m\u00fcraci\u0259t ed\u0259r\u0259k iki \u00fcnvanda a\u011faclar\u0131n s\u0131nmas\u0131n\u0131 bildiribl\u0259r v\u0259 \u0259m\u0259kda\u015flar\u0131m\u0131z hadis\u0259 yerin\u0259 c\u0259lb olunublar&#8221;.<\/p>\n<p>O.M\u0259mm\u0259dovun s\u00f6zl\u0259rin\u0259 g\u00f6r\u0259, hadis\u0259d\u0259 x\u0259sar\u0259t alan olmay\u0131b.<\/p>\n<div id=\"AdviadNativeVideo0\" class=\"AdviadNativeVideo\"><\/div>\n<p>Ekologiya v\u0259 T\u0259bii S\u0259rv\u0259tl\u0259r Nazirliyinin Milli Hidrometeorologiya Departamentind\u0259n Trend-\u0259 veril\u0259n m\u0259lumata g\u00f6r\u0259, bu g\u00fcn havan\u0131n d\u0259yi\u015fk\u0259n buludlu olaca\u011f\u0131, arabir tutulaca\u011f\u0131, s\u0259h\u0259r b\u0259zi yerl\u0259rd\u0259 \u00e7iskinli olaca\u011f\u0131, ax\u015fam is\u0259 ya\u011f\u0131\u015f ya\u011faca\u011f\u0131 g\u00f6zl\u0259nilir. \u015eimal-q\u0259rb k\u00fcl\u0259yi g\u00fcnd\u00fcz m\u00fclayim \u015fimal-\u015f\u0259rq k\u00fcl\u0259yi il\u0259 \u0259v\u0259z olunacaq.<\/p>\n<p>Havan\u0131n temperaturu Bak\u0131da v\u0259 Ab\u015feron yar\u0131madas\u0131nda gec\u0259 6-8, g\u00fcnd\u00fcz 9-11 d\u0259r\u0259c\u0259 isti t\u0259\u015fkil ed\u0259c\u0259k.<\/p>\n","protected":false},"excerpt":{"rendered":"<p>Bu gec\u0259 paytaxtda \u0259s\u0259n g\u00fccl\u00fc \u015fimal-q\u0259rb k\u00fcl\u0259yi f\u0259sadlar yarad\u0131b. ARANTV.AZ\u00a0 x\u0259b\u0259r verir ki, Baki \u015e\u0259h\u0259r \u0130cra Hakimiyy\u0259ti Ya\u015f\u0131lla\u015fd\u0131rma T\u0259s\u0259rr\u00fcfat\u0131 Birliyinin Bitkil\u0259rin m\u00fchafiz\u0259si \u015f\u00f6b\u0259sinin r\u0259isi Orxan M\u0259mm\u0259dovun\u00a0Trend-\u0259 bildirib ki, g\u00fccl\u00fc k\u00fcl\u0259k Bak\u0131da iki \u00fcnvanda a\u011faclar\u0131 s\u0131nd\u0131r\u0131b: &#8220;M\u00fcraci\u0259tl\u0259r X\u0259tai rayonunda qeyd\u0259 al\u0131n\u0131b. Sakinl\u0259r idar\u0259y\u0259 m\u00fcraci\u0259t ed\u0259r\u0259k iki \u00fcnvanda a\u011faclar\u0131n s\u0131nmas\u0131n\u0131 bildiribl\u0259r v\u0259 \u0259m\u0259kda\u015flar\u0131m\u0131z hadis\u0259 yerin\u0259 c\u0259lb olunublar&#8221;. O.M\u0259mm\u0259dovun s\u00f6zl\u0259rin\u0259 g\u00f6r\u0259, hadis\u0259d\u0259 x\u0259sar\u0259t alan olmay\u0131b. Ekologiya v\u0259 T\u0259bii S\u0259rv\u0259tl\u0259r Nazirliyinin Milli Hidrometeorologiya Departamentind\u0259n Trend-\u0259 veril\u0259n m\u0259lumata g\u00f6r\u0259, bu g\u00fcn havan\u0131n d\u0259yi\u015fk\u0259n buludlu olaca\u011f\u0131, arabir tutulaca\u011f\u0131, s\u0259h\u0259r b\u0259zi yerl\u0259rd\u0259 \u00e7iskinli olaca\u011f\u0131, ax\u015fam is\u0259 ya\u011f\u0131\u015f&hellip;<\/p>\n","protected":false},"author":2,"featured_media":51551,"comment_status":"closed","ping_status":"closed","sticky":false,"template":"","format":"standard","meta":{"om_disable_all_campaigns":false,"_monsterinsights_skip_tracking":false,"_monsterinsights_sitenote_active":false,"_monsterinsights_sitenote_note":"","_monsterinsights_sitenote_category":0},"categories":[1],"tags":[],"aioseo_notices":[],"gutentor_comment":0,"rttpg_featured_image_url":{"full":["https:\/\/arantv.az\/wp-content\/uploads\/2019\/04\/748092.jpg",800,600,false],"landscape":["https:\/\/arantv.az\/wp-content\/uploads\/2019\/04\/748092.jpg",800,600,false],"portraits":["https:\/\/arantv.az\/wp-content\/uploads\/2019\/04\/748092.jpg",800,600,false],"thumbnail":["https:\/\/arantv.az\/wp-content\/uploads\/2019\/04\/748092-150x150.jpg",150,150,true],"medium":["https:\/\/arantv.az\/wp-content\/uploads\/2019\/04\/748092-300x225.jpg",300,225,true],"large":["https:\/\/arantv.az\/wp-content\/uploads\/2019\/04\/748092.jpg",640,480,false],"1536x1536":["https:\/\/arantv.az\/wp-content\/uploads\/2019\/04\/748092.jpg",800,600,false],"2048x2048":["https:\/\/arantv.az\/wp-content\/uploads\/2019\/04\/748092.jpg",800,600,false],"post-thumbnail":["https:\/\/arantv.az\/wp-content\/uploads\/2019\/04\/748092-240x172.jpg",240,172,true],"advps-thumb-one":["https:\/\/arantv.az\/wp-content\/uploads\/2019\/04\/748092.jpg",800,600,false]},"rttpg_author":{"display_name":"V\u00fcsal Rafiqo\u011flu","author_link":"https:\/\/arantv.az\/?author=2"},"rttpg_comment":0,"rttpg_category":"<a href=\"https:\/\/arantv.az\/?cat=1\" rel=\"category\">C\u0259miyy\u0259t<\/a>","rttpg_excerpt":"Bu gec\u0259 paytaxtda \u0259s\u0259n g\u00fccl\u00fc \u015fimal-q\u0259rb k\u00fcl\u0259yi f\u0259sadlar yarad\u0131b. ARANTV.AZ\u00a0 x\u0259b\u0259r verir ki, Baki \u015e\u0259h\u0259r \u0130cra Hakimiyy\u0259ti Ya\u015f\u0131lla\u015fd\u0131rma T\u0259s\u0259rr\u00fcfat\u0131 Birliyinin Bitkil\u0259rin m\u00fchafiz\u0259si \u015f\u00f6b\u0259sinin r\u0259isi Orxan M\u0259mm\u0259dovun\u00a0Trend-\u0259 bildirib ki, g\u00fccl\u00fc k\u00fcl\u0259k Bak\u0131da iki \u00fcnvanda a\u011faclar\u0131 s\u0131nd\u0131r\u0131b: &#8220;M\u00fcraci\u0259tl\u0259r X\u0259tai rayonunda qeyd\u0259 al\u0131n\u0131b. Sakinl\u0259r idar\u0259y\u0259 m\u00fcraci\u0259t ed\u0259r\u0259k iki \u00fcnvanda a\u011faclar\u0131n s\u0131nmas\u0131n\u0131 bildiribl\u0259r v\u0259 \u0259m\u0259kda\u015flar\u0131m\u0131z hadis\u0259 yerin\u0259 c\u0259lb olunublar&#8221;.&hellip;","_links":{"self":[{"href":"https:\/\/arantv.az\/index.php?rest_route=\/wp\/v2\/posts\/51550"}],"collection":[{"href":"https:\/\/arantv.az\/index.php?rest_route=\/wp\/v2\/posts"}],"about":[{"href":"https:\/\/arantv.az\/index.php?rest_route=\/wp\/v2\/types\/post"}],"author":[{"embeddable":true,"href":"https:\/\/arantv.az\/index.php?rest_route=\/wp\/v2\/users\/2"}],"replies":[{"embeddable":true,"href":"https:\/\/arantv.az\/index.php?rest_route=%2Fwp%2Fv2%2Fcomments&post=51550"}],"version-history":[{"count":0,"href":"https:\/\/arantv.az\/index.php?rest_route=\/wp\/v2\/posts\/51550\/revisions"}],"wp:featuredmedia":[{"embeddable":true,"href":"https:\/\/arantv.az\/index.php?rest_route=\/wp\/v2\/media\/51551"}],"wp:attachment":[{"href":"https:\/\/arantv.az\/index.php?rest_route=%2Fwp%2Fv2%2Fmedia&parent=51550"}],"wp:term":[{"taxonomy":"category","embeddable":true,"href":"https:\/\/arantv.az\/index.php?rest_route=%2Fwp%2Fv2%2Fcategories&post=51550"},{"taxonomy":"post_tag","embeddable":true,"href":"https:\/\/arantv.az\/index.php?rest_route=%2Fwp%2Fv2%2Ftags&post=51550"}],"curies":[{"name":"wp","href":"https:\/\/api.w.org\/{rel}","templated":true}]}}