{"id":51557,"date":"2019-04-19T10:45:00","date_gmt":"2019-04-19T07:45:00","guid":{"rendered":"http:\/\/arantv.az\/?p=51557"},"modified":"2019-04-19T10:45:00","modified_gmt":"2019-04-19T07:45:00","slug":"xin-d%c9%99n-qarabag-aciqlamasi-s%c9%99mimiyy%c9%99td%c9%99n-danisirsinizsa-o-zaman","status":"publish","type":"post","link":"https:\/\/arantv.az\/?p=51557","title":{"rendered":"X\u0130N-d\u0259n Qaraba\u011f A\u00c7IQLAMASI: S\u0259mimiyy\u0259td\u0259n dan\u0131\u015f\u0131rs\u0131n\u0131zsa, o zaman\u2026"},"content":{"rendered":"<p>Erm\u0259nistan-Az\u0259rbaycan Da\u011fl\u0131q Qaraba\u011f m\u00fcnaqi\u015f\u0259sinin s\u00fclh yolu il\u0259 h\u0259llin\u0259 dair Az\u0259rbaycan xarici i\u015fl\u0259r nazirinin erm\u0259ni t\u0259r\u0259fi v\u0259\/v\u0259 ya AT\u018fT-in Minsk Qrupunun h\u0259ms\u0259dl\u0259ri il\u0259 ke\u00e7iril\u0259c\u0259k g\u00f6r\u00fc\u015fl\u0259r v\u0259 at\u0131lacaq add\u0131mlara dair \u015f\u0259rhl\u0259ri &#8220;3+2&#8221; format\u0131nda q\u0259bul edilmi\u015f birg\u0259 b\u0259yanatlara tam uy\u011fun olaraq edilir. S\u00f6z\u00fcged\u0259n b\u0259yanatlar is\u0259 a\u00e7\u0131q \u015f\u0259kild\u0259 iki \u00f6lk\u0259 \u0259halisinin s\u00fclh\u0259 haz\u0131rlanmas\u0131 z\u0259rur\u0259tini d\u0259st\u0259kl\u0259yir. Erm\u0259nistan r\u0259hb\u0259rliyi anlamal\u0131d\u0131r ki, m\u00f6vcud status-kvo q\u0259buledilm\u0259zdir, dayan\u0131ql\u0131 deyildir v\u0259 bu proses h\u0259mi\u015f\u0259lik davam ed\u0259 bilm\u0259z.<\/p>\n<p><b>ARANTV.AZ\u00a0<\/b>\u00a0x\u0259b\u0259r verir ki, bunu Az\u0259rbaycan X\u0130N-in m\u0259tbuat katibi Leyla Abdullayeva deyib.<\/p>\n<div id=\"AdviadNativeVideo0\" class=\"AdviadNativeVideo\"><\/div>\n<p>&#8220;Biz Erm\u0259nistan Xarici \u0130\u015fl\u0259r Nazirliyini &#8220;3+2&#8243; format\u0131nda q\u0259bul edilmi\u015f b\u0259yanatlara qo\u015fulma\u011fa v\u0259 daha praqmatik olma\u011fa, el\u0259c\u0259 d\u0259 AT\u018fT-in Minsk Qrupunun h\u0259ms\u0259drl\u0259rinin f\u0259aliyy\u0259tin\u0259 etimad g\u00f6st\u0259rm\u0259y\u0259 v\u0259 d\u0259st\u0259k n\u00fcmayi\u015f etdirm\u0259y\u0259 d\u0259v\u0259t edirik.<\/p>\n<p>\u018fg\u0259r Erm\u0259nistan t\u0259r\u0259fi etimad quruculu\u011fundan v\u0259 dan\u0131\u015f\u0131qlarda s\u0259mimiyy\u0259tin yarad\u0131lmas\u0131ndan b\u0259hs edirs\u0259, o zaman Az\u0259rbaycan t\u0259r\u0259find\u0259 oldu\u011fu kimi onlar da qar\u015f\u0131l\u0131ql\u0131 etimad\u0131n yarad\u0131lmas\u0131na \u00e7al\u0131\u015fmal\u0131 v\u0259 buna uy\u011fun \u015f\u0259rhl\u0259r verm\u0259lidirl\u0259r. Eyni zamanda, onlar regionda s\u00fclh, sabitlik v\u0259 rifah\u0131n yarad\u0131lmas\u0131 istiqam\u0259tind\u0259ki s\u0259yl\u0259r\u0259 qo\u015fulmal\u0131d\u0131rlar&#8221;, &#8211; X\u0130N s\u00f6z\u00e7\u00fcs\u00fc \u0259lav\u0259 edib.Sonxeber.az<\/p>\n","protected":false},"excerpt":{"rendered":"<p>Erm\u0259nistan-Az\u0259rbaycan Da\u011fl\u0131q Qaraba\u011f m\u00fcnaqi\u015f\u0259sinin s\u00fclh yolu il\u0259 h\u0259llin\u0259 dair Az\u0259rbaycan xarici i\u015fl\u0259r nazirinin erm\u0259ni t\u0259r\u0259fi v\u0259\/v\u0259 ya AT\u018fT-in Minsk Qrupunun h\u0259ms\u0259dl\u0259ri il\u0259 ke\u00e7iril\u0259c\u0259k g\u00f6r\u00fc\u015fl\u0259r v\u0259 at\u0131lacaq add\u0131mlara dair \u015f\u0259rhl\u0259ri &#8220;3+2&#8221; format\u0131nda q\u0259bul edilmi\u015f birg\u0259 b\u0259yanatlara tam uy\u011fun olaraq edilir. S\u00f6z\u00fcged\u0259n b\u0259yanatlar is\u0259 a\u00e7\u0131q \u015f\u0259kild\u0259 iki \u00f6lk\u0259 \u0259halisinin s\u00fclh\u0259 haz\u0131rlanmas\u0131 z\u0259rur\u0259tini d\u0259st\u0259kl\u0259yir. Erm\u0259nistan r\u0259hb\u0259rliyi anlamal\u0131d\u0131r ki, m\u00f6vcud status-kvo q\u0259buledilm\u0259zdir, dayan\u0131ql\u0131 deyildir v\u0259 bu proses h\u0259mi\u015f\u0259lik davam ed\u0259 bilm\u0259z. ARANTV.AZ\u00a0\u00a0x\u0259b\u0259r verir ki, bunu Az\u0259rbaycan X\u0130N-in m\u0259tbuat katibi Leyla Abdullayeva deyib. &#8220;Biz Erm\u0259nistan Xarici \u0130\u015fl\u0259r Nazirliyini &#8220;3+2&#8243; format\u0131nda q\u0259bul edilmi\u015f b\u0259yanatlara qo\u015fulma\u011fa v\u0259&hellip;<\/p>\n","protected":false},"author":2,"featured_media":51558,"comment_status":"closed","ping_status":"closed","sticky":false,"template":"","format":"standard","meta":{"om_disable_all_campaigns":false,"_monsterinsights_skip_tracking":false,"_monsterinsights_sitenote_active":false,"_monsterinsights_sitenote_note":"","_monsterinsights_sitenote_category":0},"categories":[19],"tags":[],"aioseo_notices":[],"gutentor_comment":0,"rttpg_featured_image_url":{"full":["https:\/\/arantv.az\/wp-content\/uploads\/2019\/04\/1555659639xin.jpg",550,325,false],"landscape":["https:\/\/arantv.az\/wp-content\/uploads\/2019\/04\/1555659639xin.jpg",550,325,false],"portraits":["https:\/\/arantv.az\/wp-content\/uploads\/2019\/04\/1555659639xin.jpg",550,325,false],"thumbnail":["https:\/\/arantv.az\/wp-content\/uploads\/2019\/04\/1555659639xin-150x150.jpg",150,150,true],"medium":["https:\/\/arantv.az\/wp-content\/uploads\/2019\/04\/1555659639xin-300x177.jpg",300,177,true],"large":["https:\/\/arantv.az\/wp-content\/uploads\/2019\/04\/1555659639xin.jpg",550,325,false],"1536x1536":["https:\/\/arantv.az\/wp-content\/uploads\/2019\/04\/1555659639xin.jpg",550,325,false],"2048x2048":["https:\/\/arantv.az\/wp-content\/uploads\/2019\/04\/1555659639xin.jpg",550,325,false],"post-thumbnail":["https:\/\/arantv.az\/wp-content\/uploads\/2019\/04\/1555659639xin-240x172.jpg",240,172,true],"advps-thumb-one":["https:\/\/arantv.az\/wp-content\/uploads\/2019\/04\/1555659639xin.jpg",550,325,false]},"rttpg_author":{"display_name":"V\u00fcsal Rafiqo\u011flu","author_link":"https:\/\/arantv.az\/?author=2"},"rttpg_comment":0,"rttpg_category":"<a href=\"https:\/\/arantv.az\/?cat=19\" rel=\"category\">G\u00fcnd\u0259m<\/a>","rttpg_excerpt":"Erm\u0259nistan-Az\u0259rbaycan Da\u011fl\u0131q Qaraba\u011f m\u00fcnaqi\u015f\u0259sinin s\u00fclh yolu il\u0259 h\u0259llin\u0259 dair Az\u0259rbaycan xarici i\u015fl\u0259r nazirinin erm\u0259ni t\u0259r\u0259fi v\u0259\/v\u0259 ya AT\u018fT-in Minsk Qrupunun h\u0259ms\u0259dl\u0259ri il\u0259 ke\u00e7iril\u0259c\u0259k g\u00f6r\u00fc\u015fl\u0259r v\u0259 at\u0131lacaq add\u0131mlara dair \u015f\u0259rhl\u0259ri &#8220;3+2&#8221; format\u0131nda q\u0259bul edilmi\u015f birg\u0259 b\u0259yanatlara tam uy\u011fun olaraq edilir. S\u00f6z\u00fcged\u0259n b\u0259yanatlar is\u0259 a\u00e7\u0131q \u015f\u0259kild\u0259 iki \u00f6lk\u0259 \u0259halisinin s\u00fclh\u0259 haz\u0131rlanmas\u0131 z\u0259rur\u0259tini d\u0259st\u0259kl\u0259yir. Erm\u0259nistan r\u0259hb\u0259rliyi anlamal\u0131d\u0131r ki,&hellip;","_links":{"self":[{"href":"https:\/\/arantv.az\/index.php?rest_route=\/wp\/v2\/posts\/51557"}],"collection":[{"href":"https:\/\/arantv.az\/index.php?rest_route=\/wp\/v2\/posts"}],"about":[{"href":"https:\/\/arantv.az\/index.php?rest_route=\/wp\/v2\/types\/post"}],"author":[{"embeddable":true,"href":"https:\/\/arantv.az\/index.php?rest_route=\/wp\/v2\/users\/2"}],"replies":[{"embeddable":true,"href":"https:\/\/arantv.az\/index.php?rest_route=%2Fwp%2Fv2%2Fcomments&post=51557"}],"version-history":[{"count":0,"href":"https:\/\/arantv.az\/index.php?rest_route=\/wp\/v2\/posts\/51557\/revisions"}],"wp:featuredmedia":[{"embeddable":true,"href":"https:\/\/arantv.az\/index.php?rest_route=\/wp\/v2\/media\/51558"}],"wp:attachment":[{"href":"https:\/\/arantv.az\/index.php?rest_route=%2Fwp%2Fv2%2Fmedia&parent=51557"}],"wp:term":[{"taxonomy":"category","embeddable":true,"href":"https:\/\/arantv.az\/index.php?rest_route=%2Fwp%2Fv2%2Fcategories&post=51557"},{"taxonomy":"post_tag","embeddable":true,"href":"https:\/\/arantv.az\/index.php?rest_route=%2Fwp%2Fv2%2Ftags&post=51557"}],"curies":[{"name":"wp","href":"https:\/\/api.w.org\/{rel}","templated":true}]}}