{"id":515713,"date":"2022-09-21T13:46:45","date_gmt":"2022-09-21T10:46:45","guid":{"rendered":"https:\/\/arantv.az\/?p=515713"},"modified":"2022-09-21T13:46:45","modified_gmt":"2022-09-21T10:46:45","slug":"ordumuzun-h%c9%99rbi-masinlarindaki-z-isar%c9%99si-n%c9%99yi-bildirir-ekspert-aciqladi","status":"publish","type":"post","link":"https:\/\/arantv.az\/?p=515713","title":{"rendered":"Ordumuzun h\u0259rbi ma\u015f\u0131nlar\u0131ndak\u0131 &#8220;Z&#8221; i\u015far\u0259si n\u0259yi bildirir? -Ekspert A\u00c7IQLADI"},"content":{"rendered":"<p><strong>&#8220;H\u0259rb\u00e7il\u0259rimizin istifad\u0259 etdiyi h\u0259rfl\u0259r he\u00e7 bir ideoloji m\u0259na da\u015f\u0131m\u0131r, yaln\u0131z b\u00f6lm\u0259nin ad\u0131n\u0131 \u0259ks etdirir&#8221;.<br \/>\n<\/strong><\/p>\n<p><strong>ARANTV.AZ<\/strong>\u00a0 x\u0259b\u0259r verir ki, bunu h\u0259rbi ekspert \u018fdal\u0259t Verdiyev sosial \u015f\u0259b\u0259k\u0259l\u0259rd\u0259 yay\u0131lan Az\u0259rbaycan Ordusuna aid ma\u015f\u0131n karvan\u0131n\u0131n g\u00f6r\u00fcnt\u00fcl\u0259ri il\u0259 ba\u011fl\u0131 a\u00e7\u0131qlamas\u0131nda deyib. O, bildirib ki, h\u0259min h\u0259rfl\u0259r he\u00e7 bir m\u0259na da\u015f\u0131m\u0131r:<\/p>\n<p>&#8220;Az\u0259rbaycan Ordusunun qo\u015fun n\u00f6vl\u0259ri h\u0259m havada, h\u0259m d\u0259 quruda qar\u015f\u0131l\u0131ql\u0131 \u0259laq\u0259d\u0259 olaraq d\u00f6y\u00fc\u015f \u0259m\u0259liyyat\u0131 ke\u00e7irib. H\u0259rbi qulluq\u00e7ular\u0131n t\u0259hl\u00fck\u0259sizliyi v\u0259 \u0259m\u0259liyyatlar\u0131n havadan,qurudan idar\u0259 edilm\u0259sini asanla\u015fd\u0131rmaq \u00fc\u00e7\u00fcn h\u0259rbi texnikalar\u0131n \u00fcz\u0259rin\u0259 b\u00f6lm\u0259l\u0259rin (qruplar\u0131n) adlar\u0131n\u0131n ba\u015f h\u0259rfl\u0259ri il\u0259 f\u0259rql\u0259nm\u0259 ni\u015fanlar\u0131 vurulub (texnikalar\u0131n \u00fcst\u00fcn\u0259 v\u0259 yanlar\u0131na). Fotolardan g\u00f6r\u00fcnd\u00fcy\u00fc kimi, adi Z-d\u0259n f\u0259ql\u0259nm\u0259si \u00fc\u00e7\u00fcn bu h\u0259rfin ortas\u0131ndan x\u0259tt \u00e7\u0259kilib.<\/p>\n<p>H\u0259rb\u00e7il\u0259rimizin istifad\u0259 etdiyi h\u0259rfl\u0259r he\u00e7 bir ideoloji m\u0259na da\u015f\u0131m\u0131r, yaln\u0131z b\u00f6lm\u0259nin ad\u0131n\u0131 \u0259ks etdirir. B\u00f6lm\u0259l\u0259rimizin ad\u0131n\u0131n ba\u015f h\u0259rfini d\u0259yi\u015fm\u0259yimiz d\u0259 m\u00fcmk\u00fcn deyil. Kims\u0259 h\u0259r hans\u0131 bir h\u0259rfi ideoloji m\u0259qs\u0259dl\u0259rn\u0259n istifad\u0259 edirs\u0259 bu o dem\u0259k deyil ki, biz h\u0259m\u0259n h\u0259rfl\u0259ri \u0259lifbam\u0131zdan \u00e7\u0131xarmal\u0131y\u0131q. Odur ki, hesab edir\u0259m ki, d\u00f6y\u00fc\u015fd\u0259n qalib olaraq geri qay\u0131dan Az\u0259rbaycan \u0259sg\u0259rini alq\u0131\u015flamal\u0131y\u0131q, ona \u00fcr\u0259k dir\u0259k verm\u0259liyik, onlar\u0131 g\u0259l\u0259c\u0259k q\u0259l\u0259b\u0259l\u0259r\u0259 ruhland\u0131rmal\u0131y\u0131q. Ordumuz q\u00fcrurumuzdur!&#8221;, &#8211; dey\u0259 ekspert bildirib.<\/p>\n","protected":false},"excerpt":{"rendered":"<p>&#8220;H\u0259rb\u00e7il\u0259rimizin istifad\u0259 etdiyi h\u0259rfl\u0259r he\u00e7 bir ideoloji m\u0259na da\u015f\u0131m\u0131r, yaln\u0131z b\u00f6lm\u0259nin ad\u0131n\u0131 \u0259ks etdirir&#8221;. ARANTV.AZ\u00a0 x\u0259b\u0259r verir ki, bunu h\u0259rbi ekspert \u018fdal\u0259t Verdiyev sosial \u015f\u0259b\u0259k\u0259l\u0259rd\u0259 yay\u0131lan Az\u0259rbaycan Ordusuna aid ma\u015f\u0131n karvan\u0131n\u0131n g\u00f6r\u00fcnt\u00fcl\u0259ri il\u0259 ba\u011fl\u0131 a\u00e7\u0131qlamas\u0131nda deyib. O, bildirib ki, h\u0259min h\u0259rfl\u0259r he\u00e7 bir m\u0259na da\u015f\u0131m\u0131r: &#8220;Az\u0259rbaycan Ordusunun qo\u015fun n\u00f6vl\u0259ri h\u0259m havada, h\u0259m d\u0259 quruda qar\u015f\u0131l\u0131ql\u0131 \u0259laq\u0259d\u0259 olaraq d\u00f6y\u00fc\u015f \u0259m\u0259liyyat\u0131 ke\u00e7irib. H\u0259rbi qulluq\u00e7ular\u0131n t\u0259hl\u00fck\u0259sizliyi v\u0259 \u0259m\u0259liyyatlar\u0131n havadan,qurudan idar\u0259 edilm\u0259sini asanla\u015fd\u0131rmaq \u00fc\u00e7\u00fcn h\u0259rbi texnikalar\u0131n \u00fcz\u0259rin\u0259 b\u00f6lm\u0259l\u0259rin (qruplar\u0131n) adlar\u0131n\u0131n ba\u015f h\u0259rfl\u0259ri il\u0259 f\u0259rql\u0259nm\u0259 ni\u015fanlar\u0131 vurulub (texnikalar\u0131n \u00fcst\u00fcn\u0259 v\u0259 yanlar\u0131na). Fotolardan g\u00f6r\u00fcnd\u00fcy\u00fc kimi, adi&hellip;<\/p>\n","protected":false},"author":2,"featured_media":515714,"comment_status":"closed","ping_status":"closed","sticky":false,"template":"","format":"standard","meta":{"om_disable_all_campaigns":false,"_monsterinsights_skip_tracking":false,"_monsterinsights_sitenote_active":false,"_monsterinsights_sitenote_note":"","_monsterinsights_sitenote_category":0},"categories":[19],"tags":[],"aioseo_notices":[],"gutentor_comment":0,"rttpg_featured_image_url":{"full":["https:\/\/arantv.az\/wp-content\/uploads\/2022\/09\/ca0747e1edc1bb7a5954c18d4f63de9e.jpg",734,486,false],"landscape":["https:\/\/arantv.az\/wp-content\/uploads\/2022\/09\/ca0747e1edc1bb7a5954c18d4f63de9e.jpg",734,486,false],"portraits":["https:\/\/arantv.az\/wp-content\/uploads\/2022\/09\/ca0747e1edc1bb7a5954c18d4f63de9e.jpg",734,486,false],"thumbnail":["https:\/\/arantv.az\/wp-content\/uploads\/2022\/09\/ca0747e1edc1bb7a5954c18d4f63de9e-500x280.jpg",500,280,true],"medium":["https:\/\/arantv.az\/wp-content\/uploads\/2022\/09\/ca0747e1edc1bb7a5954c18d4f63de9e-551x365.jpg",551,365,true],"large":["https:\/\/arantv.az\/wp-content\/uploads\/2022\/09\/ca0747e1edc1bb7a5954c18d4f63de9e.jpg",640,424,false],"1536x1536":["https:\/\/arantv.az\/wp-content\/uploads\/2022\/09\/ca0747e1edc1bb7a5954c18d4f63de9e.jpg",734,486,false],"2048x2048":["https:\/\/arantv.az\/wp-content\/uploads\/2022\/09\/ca0747e1edc1bb7a5954c18d4f63de9e.jpg",734,486,false],"post-thumbnail":["https:\/\/arantv.az\/wp-content\/uploads\/2022\/09\/ca0747e1edc1bb7a5954c18d4f63de9e-240x172.jpg",240,172,true],"advps-thumb-one":["https:\/\/arantv.az\/wp-content\/uploads\/2022\/09\/ca0747e1edc1bb7a5954c18d4f63de9e.jpg",734,486,false]},"rttpg_author":{"display_name":"V\u00fcsal Rafiqo\u011flu","author_link":"https:\/\/arantv.az\/?author=2"},"rttpg_comment":0,"rttpg_category":"<a href=\"https:\/\/arantv.az\/?cat=19\" rel=\"category\">G\u00fcnd\u0259m<\/a>","rttpg_excerpt":"&#8220;H\u0259rb\u00e7il\u0259rimizin istifad\u0259 etdiyi h\u0259rfl\u0259r he\u00e7 bir ideoloji m\u0259na da\u015f\u0131m\u0131r, yaln\u0131z b\u00f6lm\u0259nin ad\u0131n\u0131 \u0259ks etdirir&#8221;. ARANTV.AZ\u00a0 x\u0259b\u0259r verir ki, bunu h\u0259rbi ekspert \u018fdal\u0259t Verdiyev sosial \u015f\u0259b\u0259k\u0259l\u0259rd\u0259 yay\u0131lan Az\u0259rbaycan Ordusuna aid ma\u015f\u0131n karvan\u0131n\u0131n g\u00f6r\u00fcnt\u00fcl\u0259ri il\u0259 ba\u011fl\u0131 a\u00e7\u0131qlamas\u0131nda deyib. O, bildirib ki, h\u0259min h\u0259rfl\u0259r he\u00e7 bir m\u0259na da\u015f\u0131m\u0131r: &#8220;Az\u0259rbaycan Ordusunun qo\u015fun n\u00f6vl\u0259ri h\u0259m havada, h\u0259m d\u0259 quruda qar\u015f\u0131l\u0131ql\u0131&hellip;","_links":{"self":[{"href":"https:\/\/arantv.az\/index.php?rest_route=\/wp\/v2\/posts\/515713"}],"collection":[{"href":"https:\/\/arantv.az\/index.php?rest_route=\/wp\/v2\/posts"}],"about":[{"href":"https:\/\/arantv.az\/index.php?rest_route=\/wp\/v2\/types\/post"}],"author":[{"embeddable":true,"href":"https:\/\/arantv.az\/index.php?rest_route=\/wp\/v2\/users\/2"}],"replies":[{"embeddable":true,"href":"https:\/\/arantv.az\/index.php?rest_route=%2Fwp%2Fv2%2Fcomments&post=515713"}],"version-history":[{"count":0,"href":"https:\/\/arantv.az\/index.php?rest_route=\/wp\/v2\/posts\/515713\/revisions"}],"wp:featuredmedia":[{"embeddable":true,"href":"https:\/\/arantv.az\/index.php?rest_route=\/wp\/v2\/media\/515714"}],"wp:attachment":[{"href":"https:\/\/arantv.az\/index.php?rest_route=%2Fwp%2Fv2%2Fmedia&parent=515713"}],"wp:term":[{"taxonomy":"category","embeddable":true,"href":"https:\/\/arantv.az\/index.php?rest_route=%2Fwp%2Fv2%2Fcategories&post=515713"},{"taxonomy":"post_tag","embeddable":true,"href":"https:\/\/arantv.az\/index.php?rest_route=%2Fwp%2Fv2%2Ftags&post=515713"}],"curies":[{"name":"wp","href":"https:\/\/api.w.org\/{rel}","templated":true}]}}