{"id":515716,"date":"2022-09-21T13:47:49","date_gmt":"2022-09-21T10:47:49","guid":{"rendered":"https:\/\/arantv.az\/?p=515716"},"modified":"2022-09-21T13:47:49","modified_gmt":"2022-09-21T10:47:49","slug":"valideynl%c9%99rin-n%c9%99z%c9%99rin%c9%99-m%c9%99kt%c9%99bd%c9%99-pul-yigilarsa-bunu-mutl%c9%99q-edin-video","status":"publish","type":"post","link":"https:\/\/arantv.az\/?p=515716","title":{"rendered":"Valideynl\u0259rin n\u0259z\u0259rin\u0259! &#8211; M\u0259kt\u0259bd\u0259 pul y\u0131\u011f\u0131larsa, BUNU M\u00dcTL\u018fQ ED\u0130N &#8211; V\u0130DEO"},"content":{"rendered":"<div class=\"text-content\" data-id=\"\" data-url=\"\">\n<p><strong>&#8220;\u018fg\u0259r h\u0259r hans\u0131 yerl\u0259rd\u0259 qeyri-qanuni y\u0131\u011f\u0131mlar varsa, kims\u0259 m\u00fc\u0259yy\u0259n v\u0259sait ist\u0259yirs\u0259, bununla ba\u011fl\u0131 nazirliy\u0259 m\u00fcraci\u0259t etsinl\u0259r&#8221;.<\/strong><\/p>\n<p><strong>ARANTV.AZ <\/strong>\u00a0x\u0259b\u0259r verir ki, bu s\u00f6zl\u0259ri AZTV-y\u0259 a\u00e7\u0131qlamas\u0131nda Elm v\u0259 T\u0259hsil Nazirliyinin ictimaiyy\u0259tl\u0259 \u0259laq\u0259l\u0259r sektorunun m\u00fcdiri C\u0259sar\u0259t Valehov deyib.<\/p>\n<p>Nazirlik r\u0259smisi \u0259lav\u0259 edib ki, m\u00fcraci\u0259t ed\u0259nl\u0259r \u00fcnvanl\u0131 v\u0259 s\u00fcbutlarla dan\u0131\u015fmal\u0131d\u0131r:<\/p>\n<p>&#8220;H\u0259r bir m\u0259kt\u0259bd\u0259 iki-\u00fc\u00e7 n\u0259zar\u0259t\u00e7i qoymaq m\u00fcmk\u00fcn deyil ki, kimin n\u0259 etdiyini bil\u0259k. Bunu c\u0259miyy\u0259t etm\u0259s\u0259, nazirliyin 250 n\u0259f\u0259rlik kontingenti ed\u0259 bilm\u0259y\u0259c\u0259k. Bunun \u00fc\u00e7\u00fcn 146 q\u0131sa n\u00f6mr\u0259li qaynar x\u0259ttimiz v\u0259 sosial \u015f\u0259b\u0259k\u0259d\u0259ki s\u0259hif\u0259l\u0259r var. \u015eikay\u0259tl\u0259rini ed\u0259 bil\u0259rl\u0259r. Lakin bu m\u00fcraci\u0259tl\u0259r anonim olanda onu ara\u015fd\u0131rmaq \u00e7\u0259tin olur&#8221;.<\/p>\n<p><iframe loading=\"lazy\" src=\"https:\/\/baku.tv\/embed\/61425\" width=\"640\" height=\"360\" frameborder=\"0\" scrolling=\"no\" allowfullscreen=\"allowfullscreen\" data-mce-fragment=\"1\"><\/iframe><\/p>\n<\/div>\n<div class=\"inner-social-box\">\n<div class=\"subs-in-social subs-instagram\"><\/div>\n<\/div>\n","protected":false},"excerpt":{"rendered":"<p>&#8220;\u018fg\u0259r h\u0259r hans\u0131 yerl\u0259rd\u0259 qeyri-qanuni y\u0131\u011f\u0131mlar varsa, kims\u0259 m\u00fc\u0259yy\u0259n v\u0259sait ist\u0259yirs\u0259, bununla ba\u011fl\u0131 nazirliy\u0259 m\u00fcraci\u0259t etsinl\u0259r&#8221;. ARANTV.AZ \u00a0x\u0259b\u0259r verir ki, bu s\u00f6zl\u0259ri AZTV-y\u0259 a\u00e7\u0131qlamas\u0131nda Elm v\u0259 T\u0259hsil Nazirliyinin ictimaiyy\u0259tl\u0259 \u0259laq\u0259l\u0259r sektorunun m\u00fcdiri C\u0259sar\u0259t Valehov deyib. Nazirlik r\u0259smisi \u0259lav\u0259 edib ki, m\u00fcraci\u0259t ed\u0259nl\u0259r \u00fcnvanl\u0131 v\u0259 s\u00fcbutlarla dan\u0131\u015fmal\u0131d\u0131r: &#8220;H\u0259r bir m\u0259kt\u0259bd\u0259 iki-\u00fc\u00e7 n\u0259zar\u0259t\u00e7i qoymaq m\u00fcmk\u00fcn deyil ki, kimin n\u0259 etdiyini bil\u0259k. Bunu c\u0259miyy\u0259t etm\u0259s\u0259, nazirliyin 250 n\u0259f\u0259rlik kontingenti ed\u0259 bilm\u0259y\u0259c\u0259k. Bunun \u00fc\u00e7\u00fcn 146 q\u0131sa n\u00f6mr\u0259li qaynar x\u0259ttimiz v\u0259 sosial \u015f\u0259b\u0259k\u0259d\u0259ki s\u0259hif\u0259l\u0259r var. \u015eikay\u0259tl\u0259rini ed\u0259 bil\u0259rl\u0259r. Lakin bu m\u00fcraci\u0259tl\u0259r anonim olanda onu ara\u015fd\u0131rmaq&hellip;<\/p>\n","protected":false},"author":2,"featured_media":515717,"comment_status":"closed","ping_status":"closed","sticky":false,"template":"","format":"standard","meta":{"om_disable_all_campaigns":false,"_monsterinsights_skip_tracking":false,"_monsterinsights_sitenote_active":false,"_monsterinsights_sitenote_note":"","_monsterinsights_sitenote_category":0},"categories":[23],"tags":[],"aioseo_notices":[],"gutentor_comment":0,"rttpg_featured_image_url":{"full":["https:\/\/arantv.az\/wp-content\/uploads\/2022\/09\/d1e0fb534fcfb3be7bc17da12293bf6e.jpg",827,500,false],"landscape":["https:\/\/arantv.az\/wp-content\/uploads\/2022\/09\/d1e0fb534fcfb3be7bc17da12293bf6e.jpg",827,500,false],"portraits":["https:\/\/arantv.az\/wp-content\/uploads\/2022\/09\/d1e0fb534fcfb3be7bc17da12293bf6e.jpg",827,500,false],"thumbnail":["https:\/\/arantv.az\/wp-content\/uploads\/2022\/09\/d1e0fb534fcfb3be7bc17da12293bf6e-500x280.jpg",500,280,true],"medium":["https:\/\/arantv.az\/wp-content\/uploads\/2022\/09\/d1e0fb534fcfb3be7bc17da12293bf6e-604x365.jpg",604,365,true],"large":["https:\/\/arantv.az\/wp-content\/uploads\/2022\/09\/d1e0fb534fcfb3be7bc17da12293bf6e.jpg",640,387,false],"1536x1536":["https:\/\/arantv.az\/wp-content\/uploads\/2022\/09\/d1e0fb534fcfb3be7bc17da12293bf6e.jpg",827,500,false],"2048x2048":["https:\/\/arantv.az\/wp-content\/uploads\/2022\/09\/d1e0fb534fcfb3be7bc17da12293bf6e.jpg",827,500,false],"post-thumbnail":["https:\/\/arantv.az\/wp-content\/uploads\/2022\/09\/d1e0fb534fcfb3be7bc17da12293bf6e-240x172.jpg",240,172,true],"advps-thumb-one":["https:\/\/arantv.az\/wp-content\/uploads\/2022\/09\/d1e0fb534fcfb3be7bc17da12293bf6e.jpg",827,500,false]},"rttpg_author":{"display_name":"V\u00fcsal Rafiqo\u011flu","author_link":"https:\/\/arantv.az\/?author=2"},"rttpg_comment":0,"rttpg_category":"<a href=\"https:\/\/arantv.az\/?cat=23\" rel=\"category\">T\u0259hsil<\/a>","rttpg_excerpt":"&#8220;\u018fg\u0259r h\u0259r hans\u0131 yerl\u0259rd\u0259 qeyri-qanuni y\u0131\u011f\u0131mlar varsa, kims\u0259 m\u00fc\u0259yy\u0259n v\u0259sait ist\u0259yirs\u0259, bununla ba\u011fl\u0131 nazirliy\u0259 m\u00fcraci\u0259t etsinl\u0259r&#8221;. ARANTV.AZ \u00a0x\u0259b\u0259r verir ki, bu s\u00f6zl\u0259ri AZTV-y\u0259 a\u00e7\u0131qlamas\u0131nda Elm v\u0259 T\u0259hsil Nazirliyinin ictimaiyy\u0259tl\u0259 \u0259laq\u0259l\u0259r sektorunun m\u00fcdiri C\u0259sar\u0259t Valehov deyib. Nazirlik r\u0259smisi \u0259lav\u0259 edib ki, m\u00fcraci\u0259t ed\u0259nl\u0259r \u00fcnvanl\u0131 v\u0259 s\u00fcbutlarla dan\u0131\u015fmal\u0131d\u0131r: &#8220;H\u0259r bir m\u0259kt\u0259bd\u0259 iki-\u00fc\u00e7 n\u0259zar\u0259t\u00e7i qoymaq m\u00fcmk\u00fcn deyil ki,&hellip;","_links":{"self":[{"href":"https:\/\/arantv.az\/index.php?rest_route=\/wp\/v2\/posts\/515716"}],"collection":[{"href":"https:\/\/arantv.az\/index.php?rest_route=\/wp\/v2\/posts"}],"about":[{"href":"https:\/\/arantv.az\/index.php?rest_route=\/wp\/v2\/types\/post"}],"author":[{"embeddable":true,"href":"https:\/\/arantv.az\/index.php?rest_route=\/wp\/v2\/users\/2"}],"replies":[{"embeddable":true,"href":"https:\/\/arantv.az\/index.php?rest_route=%2Fwp%2Fv2%2Fcomments&post=515716"}],"version-history":[{"count":0,"href":"https:\/\/arantv.az\/index.php?rest_route=\/wp\/v2\/posts\/515716\/revisions"}],"wp:featuredmedia":[{"embeddable":true,"href":"https:\/\/arantv.az\/index.php?rest_route=\/wp\/v2\/media\/515717"}],"wp:attachment":[{"href":"https:\/\/arantv.az\/index.php?rest_route=%2Fwp%2Fv2%2Fmedia&parent=515716"}],"wp:term":[{"taxonomy":"category","embeddable":true,"href":"https:\/\/arantv.az\/index.php?rest_route=%2Fwp%2Fv2%2Fcategories&post=515716"},{"taxonomy":"post_tag","embeddable":true,"href":"https:\/\/arantv.az\/index.php?rest_route=%2Fwp%2Fv2%2Ftags&post=515716"}],"curies":[{"name":"wp","href":"https:\/\/api.w.org\/{rel}","templated":true}]}}