{"id":515719,"date":"2022-09-21T13:58:12","date_gmt":"2022-09-21T10:58:12","guid":{"rendered":"https:\/\/arantv.az\/?p=515719"},"modified":"2022-09-21T13:58:12","modified_gmt":"2022-09-21T10:58:12","slug":"az%c9%99rbaycanin-tranzit-v%c9%99-n%c9%99qliyyat-logistika-imkanlari-davamli-olaraq-inkisaf-edir","status":"publish","type":"post","link":"https:\/\/arantv.az\/?p=515719","title":{"rendered":"Az\u0259rbaycan\u0131n tranzit v\u0259 n\u0259qliyyat-logistika imkanlar\u0131 davaml\u0131 olaraq inki\u015faf edir"},"content":{"rendered":"<div class=\"l7ghb35v kjdc1dyq kmwttqpk gh25dzvf jikcssrz n3t5jt4f\">\n<div dir=\"auto\">Az\u0259rbaycan\u0131n co\u011frafi x\u00fcsusiyy\u0259tl\u0259ri, Avropa v\u0259 Asiyan\u0131n \u0259n iri iqtisadi inki\u015faf etmi\u015f \u00f6lk\u0259l\u0259ri aras\u0131nda yerl\u0259\u015fm\u0259si beyn\u0259lxalq n\u0259qliyyat \u015f\u0259b\u0259k\u0259sind\u0259 i\u015ftirak \u00fc\u00e7\u00fcn real z\u0259min yarad\u0131r. \u018fsas istehsal\u00e7\u0131 v\u0259 \u0259n b\u00f6y\u00fck istehlak\u00e7\u0131 regionlar\u0131 aras\u0131nda y\u00fck ax\u0131nlar\u0131n\u0131n art\u0131m\u0131n\u0131 n\u0259z\u0259r\u0259 alaraq, Az\u0259rbaycan\u0131n n\u0259qliyyat siyas\u0259tinin \u0259sas m\u0259qs\u0259di n\u0259qliyyat infrastrukturunun g\u0259l\u0259c\u0259k inki\u015faf\u0131 olaraq qal\u0131r. N\u0259qliyyat d\u0259hlizl\u0259rinin k\u0259si\u015fm\u0259sind\u0259 yerl\u0259\u015f\u0259n v\u0259 \u0259lveri\u015fli geostrateji m\u00f6vqey\u0259 malik Az\u0259rbaycanda n\u0259qliyyat d\u0259hlizl\u0259rinin inki\u015faf\u0131 il\u0259 ba\u011fl\u0131 son ill\u0259rd\u0259 g\u00f6r\u00fcl\u0259n i\u015fl\u0259r x\u00fcsusi diqq\u0259t\u0259 layiqdir. X\u00fcsusil\u0259, \u015e\u0259rq-Q\u0259rb n\u0259qliyyat d\u0259hlizi \u00c7in v\u0259 Avropa aras\u0131nda \u0259n q\u0131sa mar\u015frutdur, tranzit v\u0259 y\u00fckl\u0259rin da\u015f\u0131nmas\u0131 bax\u0131m\u0131ndan s\u0259m\u0259r\u0259lidir. 5400 km-lik \u015e\u0259rq-Q\u0259rb n\u0259qliyyat d\u0259hlizi boyunca orta tranzit m\u00fcdd\u0259ti 15 g\u00fcnd\u00fcr. Son ill\u0259r \u00f6lk\u0259mizd\u0259 m\u00fck\u0259mm\u0259l n\u0259qliyyat infrastrukturu yarad\u0131l\u0131b.<\/div>\n<div dir=\"auto\">T\u0259qdir\u0259layiq hald\u0131r ki, n\u0259qliyyat\u0131n b\u00fct\u00fcn sah\u0259l\u0259rind\u0259 yeni layih\u0259l\u0259r h\u0259yata ke\u00e7irilib. Az\u0259rbaycan\u0131n z\u0259ngin yol infrastrukturu beyn\u0259lxalq t\u0259\u015fkilatlar t\u0259r\u0259find\u0259n d\u0259 y\u00fcks\u0259k qiym\u0259tl\u0259ndirilib. Az\u0259rbaycanla n\u0259qliyyat-kommunikasiya sah\u0259sind\u0259 \u0259m\u0259kda\u015fl\u0131q x\u00fcsusi \u00f6n\u0259m k\u0259sb edir. Bu fikir \u015eanxay \u018fm\u0259kda\u015fl\u0131q T\u0259\u015fkilat\u0131na \u00fczv \u00f6lk\u0259l\u0259rin sammitind\u0259 d\u0259 s\u0259sl\u0259ndi. Prezident \u0130lham \u018fliyev \u00e7\u0131x\u0131\u015f\u0131nda sammit i\u015ftirak\u00e7\u0131lar\u0131na ilk n\u00f6vb\u0259d\u0259 Az\u0259rbaycan\u0131n tranzit v\u0259 n\u0259qliyyat-logistika imkanlar\u0131 bar\u0259d\u0259 m\u0259lumat vermi\u015fdir. Az\u0259rbaycan\u0131n &#8220;\u015e\u0259rq-Q\u0259rb&#8221; v\u0259 &#8220;\u015eimal-C\u0259nub&#8221; n\u0259qliyyat d\u0259hlizl\u0259ri kimi regional kommunikasiya layih\u0259l\u0259rinin i\u015f\u0259 d\u00fc\u015fm\u0259sin\u0259 sanball\u0131 t\u00f6hf\u0259l\u0259r verdiyini qeyd etmi\u015fdir.<\/div>\n<div dir=\"auto\">Bu d\u0259hlizl\u0259rin h\u0259r ikisi Az\u0259rbaycandan ke\u00e7ir. \u0130st\u0259r &#8220;\u015eimal-C\u0259nub&#8221;, ist\u0259rs\u0259 d\u0259 &#8220;\u015e\u0259rq-Q\u0259rb&#8221; d\u0259hlizi \u00f6lk\u0259mizin geosiyasi \u0259h\u0259miyy\u0259tini art\u0131r\u0131r. Odur ki, &#8220;\u015eimal-C\u0259nub&#8221; n\u0259qliyyat d\u0259hlizinin d\u0259 &#8220;\u015e\u0259rq-Q\u0259rb&#8221; d\u0259hlizi q\u0259d\u0259r vacib olaca\u011f\u0131 q\u0259na\u0259tind\u0259yik. \u00d6lk\u0259miz \u00fc\u00e7\u00fcn onlar b\u0259rab\u0259r d\u0259r\u0259c\u0259d\u0259 \u00f6n\u0259mlidir.<\/div>\n<div dir=\"auto\">A\u00e7\u0131q d\u0259niz\u0259 \u00e7\u0131x\u0131\u015f\u0131 olmayan \u00f6lk\u0259 kimi Az\u0259rbaycan bu g\u00fcn beyn\u0259lxalq n\u0259qliyyat m\u0259rk\u0259zin\u0259 \u00e7evrilm\u0259kd\u0259dir. Bu istiqam\u0259td\u0259 i\u015fl\u0259r, \u0259lb\u0259tt\u0259, bir q\u0259d\u0259r \u0259vv\u0259l g\u00f6r\u00fcl\u00fcb. Lakin Rusiya-Ukrayna m\u00fcharib\u0259si X\u0259z\u0259rin \u015f\u0259rq sahilind\u0259ki \u015firk\u0259tl\u0259r \u00fc\u00e7\u00fcn bir siqnal olmu\u015fdur ki, bu yollar\u0131 daha da yax\u0131ndan n\u0259z\u0259rd\u0259n ke\u00e7irsinl\u0259r. T\u0259kc\u0259 onu qeyd etm\u0259k kifay\u0259tdir ki, &#8220;\u015eimal-C\u0259nub&#8221; n\u0259qliyyat d\u0259hlizi Az\u0259rbaycandan ke\u00e7ir v\u0259 ba\u015fqa mar\u015frut variant\u0131 yoxdur. H\u0259min d\u0259hliz, m\u0259s\u0259l\u0259n, Rusiya \u015firk\u0259tl\u0259ri \u00fc\u00e7\u00fcn \u0259h\u0259miyy\u0259tli olur, \u00e7\u00fcnki bu g\u00fcn sanksiyalar s\u0259b\u0259bind\u0259n onlar Avropa m\u0259nt\u0259q\u0259l\u0259rin\u0259 y\u00fck da\u015f\u0131ya bilmir. Y\u0259ni Az\u0259rbaycandan ke\u00e7\u0259r\u0259k \u0130rana v\u0259 Fars k\u00f6rf\u0259zi sahill\u0259rin\u0259 ged\u0259n mar\u015frut Rusiya \u015firk\u0259tl\u0259ri \u00fc\u00e7\u00fcn c\u0259lbedici olur. Bunu Fars k\u00f6rf\u0259zind\u0259n Az\u0259rbaycan vasit\u0259sil\u0259 Rusiyaya uzanan mar\u015frut haqq\u0131nda da dem\u0259k olar. Az\u0259rbaycan\u0131n m\u0259qs\u0259di Transx\u0259z\u0259r tranzit d\u0259hlizini \u201cBir k\u0259m\u0259r, bir yol\u201d layih\u0259sin\u0259 inteqrasiya etm\u0259k v\u0259 b\u00fct\u00fcn i\u015ftirak\u00e7\u0131 \u00f6lk\u0259l\u0259rin \u00fcmumi iqtisadi maraqlar\u0131na uy\u011fun fayda \u0259ld\u0259 etm\u0259kdir.<\/div>\n<div dir=\"auto\">Az\u0259rbaycan\u0131n bel\u0259 m\u00f6t\u0259b\u0259r t\u0259\u015fkilat\u0131n Sammitin\u0259 d\u0259v\u0259t olunmas\u0131 \u00f6lk\u0259mizin, x\u00fcsusil\u0259 Prezident \u0130lham \u018fliyevin d\u00fcnya miqyas\u0131nda n\u00fcfuzunun v\u0259 d\u00f6vl\u0259timizin ba\u015f\u00e7\u0131s\u0131na g\u00f6st\u0259ril\u0259n y\u00fcks\u0259k ehtiram\u0131n \u0259yani t\u0259sdiqidir.<\/div>\n<div dir=\"auto\">H\u0259m\u00e7inin d\u00f6vl\u0259timizin ba\u015f\u00e7\u0131s\u0131n\u0131n t\u0259\u015f\u0259bb\u00fcsl\u0259ri il\u0259 son ill\u0259r h\u0259yata ke\u00e7iril\u0259n irimiqyasl\u0131 infrastruktur layih\u0259l\u0259ri say\u0259sind\u0259 Az\u0259rbaycan m\u00fch\u00fcm beyn\u0259lxalq n\u0259qliyyat v\u0259 logistika m\u0259rk\u0259zin\u0259 \u00e7evrilib. \u015e\u0259rq-Q\u0259rb v\u0259 \u015eimal-C\u0259nub n\u0259qliyyat d\u0259hlizl\u0259ri kimi regional kommunikasiya layih\u0259l\u0259rinin i\u015f\u0259 d\u00fc\u015fm\u0259sin\u0259 m\u00fch\u00fcm t\u00f6hf\u0259l\u0259r ver\u0259n Az\u0259rbaycan\u0131n rolu getdikc\u0259 artmaqdad\u0131r. Az\u0259rbaycan\u0131n \u015eanxay \u018fm\u0259kda\u015fl\u0131q T\u0259\u015fkilat\u0131 kimi m\u00f6t\u0259b\u0259r qurumun sammitind\u0259 i\u015ftirak\u0131 d\u00fcnyada q\u0259tiyy\u0259tli v\u0259 uzaqg\u00f6r\u0259n lider kimi b\u00f6y\u00fck n\u00fcfuz qazanm\u0131\u015f Prezident \u0130lham \u018fliyev \u015f\u0259xsiyy\u0259tin\u0259 d\u0259rin h\u00f6rm\u0259t v\u0259 ehtiram\u0131n g\u00f6st\u0259ricisidir. Az\u0259rbaycan\u0131n bu t\u0259dbird\u0259 i\u015ftirak\u0131, eyni zamanda, \u00f6lk\u0259mizin \u015e\u0259rq il\u0259 Q\u0259rb aras\u0131nda b\u00fct\u00fcn sah\u0259l\u0259rd\u0259 m\u00fch\u00fcm k\u00f6rp\u00fc rolunu oynamas\u0131n\u0131n \u0259yani t\u0259sdiqi say\u0131la bil\u0259r.<\/div>\n<\/div>\n<div class=\"l7ghb35v kjdc1dyq kmwttqpk gh25dzvf jikcssrz n3t5jt4f\">\n<div dir=\"auto\">YAP B\u0259rd\u0259 rayon t\u0259\u015fkilat\u0131 t\u0259bli\u011fat qrupunun \u00fczv\u00fc, B\u0259rd\u0259 \u015f\u0259h\u0259r Milli Q\u0259hr\u0259man E. K\u0259rimov ad\u0131na 4 sayl\u0131 tam orta m\u0259kt\u0259bin direktoru Tofiq\u0259 M\u0259mm\u0259dova<\/div>\n<\/div>\n","protected":false},"excerpt":{"rendered":"<p>Az\u0259rbaycan\u0131n co\u011frafi x\u00fcsusiyy\u0259tl\u0259ri, Avropa v\u0259 Asiyan\u0131n \u0259n iri iqtisadi inki\u015faf etmi\u015f \u00f6lk\u0259l\u0259ri aras\u0131nda yerl\u0259\u015fm\u0259si beyn\u0259lxalq n\u0259qliyyat \u015f\u0259b\u0259k\u0259sind\u0259 i\u015ftirak \u00fc\u00e7\u00fcn real z\u0259min yarad\u0131r. \u018fsas istehsal\u00e7\u0131 v\u0259 \u0259n b\u00f6y\u00fck istehlak\u00e7\u0131 regionlar\u0131 aras\u0131nda y\u00fck ax\u0131nlar\u0131n\u0131n art\u0131m\u0131n\u0131 n\u0259z\u0259r\u0259 alaraq, Az\u0259rbaycan\u0131n n\u0259qliyyat siyas\u0259tinin \u0259sas m\u0259qs\u0259di n\u0259qliyyat infrastrukturunun g\u0259l\u0259c\u0259k inki\u015faf\u0131 olaraq qal\u0131r. N\u0259qliyyat d\u0259hlizl\u0259rinin k\u0259si\u015fm\u0259sind\u0259 yerl\u0259\u015f\u0259n v\u0259 \u0259lveri\u015fli geostrateji m\u00f6vqey\u0259 malik Az\u0259rbaycanda n\u0259qliyyat d\u0259hlizl\u0259rinin inki\u015faf\u0131 il\u0259 ba\u011fl\u0131 son ill\u0259rd\u0259 g\u00f6r\u00fcl\u0259n i\u015fl\u0259r x\u00fcsusi diqq\u0259t\u0259 layiqdir. X\u00fcsusil\u0259, \u015e\u0259rq-Q\u0259rb n\u0259qliyyat d\u0259hlizi \u00c7in v\u0259 Avropa aras\u0131nda \u0259n q\u0131sa mar\u015frutdur, tranzit v\u0259 y\u00fckl\u0259rin da\u015f\u0131nmas\u0131 bax\u0131m\u0131ndan s\u0259m\u0259r\u0259lidir. 5400 km-lik \u015e\u0259rq-Q\u0259rb n\u0259qliyyat d\u0259hlizi&hellip;<\/p>\n","protected":false},"author":2,"featured_media":515720,"comment_status":"closed","ping_status":"closed","sticky":false,"template":"","format":"standard","meta":{"om_disable_all_campaigns":false,"_monsterinsights_skip_tracking":false,"_monsterinsights_sitenote_active":false,"_monsterinsights_sitenote_note":"","_monsterinsights_sitenote_category":0},"categories":[2],"tags":[],"aioseo_notices":[],"gutentor_comment":0,"rttpg_featured_image_url":{"full":["https:\/\/arantv.az\/wp-content\/uploads\/2022\/09\/275669226_4832791666768697_8740712099095827802_n.jpg",952,960,false],"landscape":["https:\/\/arantv.az\/wp-content\/uploads\/2022\/09\/275669226_4832791666768697_8740712099095827802_n.jpg",952,960,false],"portraits":["https:\/\/arantv.az\/wp-content\/uploads\/2022\/09\/275669226_4832791666768697_8740712099095827802_n.jpg",952,960,false],"thumbnail":["https:\/\/arantv.az\/wp-content\/uploads\/2022\/09\/275669226_4832791666768697_8740712099095827802_n-500x280.jpg",500,280,true],"medium":["https:\/\/arantv.az\/wp-content\/uploads\/2022\/09\/275669226_4832791666768697_8740712099095827802_n-362x365.jpg",362,365,true],"large":["https:\/\/arantv.az\/wp-content\/uploads\/2022\/09\/275669226_4832791666768697_8740712099095827802_n-833x840.jpg",640,645,true],"1536x1536":["https:\/\/arantv.az\/wp-content\/uploads\/2022\/09\/275669226_4832791666768697_8740712099095827802_n.jpg",952,960,false],"2048x2048":["https:\/\/arantv.az\/wp-content\/uploads\/2022\/09\/275669226_4832791666768697_8740712099095827802_n.jpg",952,960,false],"post-thumbnail":["https:\/\/arantv.az\/wp-content\/uploads\/2022\/09\/275669226_4832791666768697_8740712099095827802_n-240x172.jpg",240,172,true],"advps-thumb-one":["https:\/\/arantv.az\/wp-content\/uploads\/2022\/09\/275669226_4832791666768697_8740712099095827802_n-952x620.jpg",952,620,true]},"rttpg_author":{"display_name":"V\u00fcsal Rafiqo\u011flu","author_link":"https:\/\/arantv.az\/?author=2"},"rttpg_comment":0,"rttpg_category":"<a href=\"https:\/\/arantv.az\/?cat=2\" rel=\"category\">Region X\u0259b\u0259rl\u0259ri<\/a>","rttpg_excerpt":"Az\u0259rbaycan\u0131n co\u011frafi x\u00fcsusiyy\u0259tl\u0259ri, Avropa v\u0259 Asiyan\u0131n \u0259n iri iqtisadi inki\u015faf etmi\u015f \u00f6lk\u0259l\u0259ri aras\u0131nda yerl\u0259\u015fm\u0259si beyn\u0259lxalq n\u0259qliyyat \u015f\u0259b\u0259k\u0259sind\u0259 i\u015ftirak \u00fc\u00e7\u00fcn real z\u0259min yarad\u0131r. \u018fsas istehsal\u00e7\u0131 v\u0259 \u0259n b\u00f6y\u00fck istehlak\u00e7\u0131 regionlar\u0131 aras\u0131nda y\u00fck ax\u0131nlar\u0131n\u0131n art\u0131m\u0131n\u0131 n\u0259z\u0259r\u0259 alaraq, Az\u0259rbaycan\u0131n n\u0259qliyyat siyas\u0259tinin \u0259sas m\u0259qs\u0259di n\u0259qliyyat infrastrukturunun g\u0259l\u0259c\u0259k inki\u015faf\u0131 olaraq qal\u0131r. N\u0259qliyyat d\u0259hlizl\u0259rinin k\u0259si\u015fm\u0259sind\u0259 yerl\u0259\u015f\u0259n v\u0259 \u0259lveri\u015fli geostrateji m\u00f6vqey\u0259 malik&hellip;","_links":{"self":[{"href":"https:\/\/arantv.az\/index.php?rest_route=\/wp\/v2\/posts\/515719"}],"collection":[{"href":"https:\/\/arantv.az\/index.php?rest_route=\/wp\/v2\/posts"}],"about":[{"href":"https:\/\/arantv.az\/index.php?rest_route=\/wp\/v2\/types\/post"}],"author":[{"embeddable":true,"href":"https:\/\/arantv.az\/index.php?rest_route=\/wp\/v2\/users\/2"}],"replies":[{"embeddable":true,"href":"https:\/\/arantv.az\/index.php?rest_route=%2Fwp%2Fv2%2Fcomments&post=515719"}],"version-history":[{"count":0,"href":"https:\/\/arantv.az\/index.php?rest_route=\/wp\/v2\/posts\/515719\/revisions"}],"wp:featuredmedia":[{"embeddable":true,"href":"https:\/\/arantv.az\/index.php?rest_route=\/wp\/v2\/media\/515720"}],"wp:attachment":[{"href":"https:\/\/arantv.az\/index.php?rest_route=%2Fwp%2Fv2%2Fmedia&parent=515719"}],"wp:term":[{"taxonomy":"category","embeddable":true,"href":"https:\/\/arantv.az\/index.php?rest_route=%2Fwp%2Fv2%2Fcategories&post=515719"},{"taxonomy":"post_tag","embeddable":true,"href":"https:\/\/arantv.az\/index.php?rest_route=%2Fwp%2Fv2%2Ftags&post=515719"}],"curies":[{"name":"wp","href":"https:\/\/api.w.org\/{rel}","templated":true}]}}