{"id":515726,"date":"2022-09-21T14:05:50","date_gmt":"2022-09-21T11:05:50","guid":{"rendered":"https:\/\/arantv.az\/?p=515726"},"modified":"2022-09-21T14:05:50","modified_gmt":"2022-09-21T11:05:50","slug":"olk%c9%99mizd%c9%99-yerli-heyvan-genefondunu-qorumaq-ucun-mobil-t%c9%99tbiq-hazirlanib","status":"publish","type":"post","link":"https:\/\/arantv.az\/?p=515726","title":{"rendered":"\u00d6lk\u0259mizd\u0259 yerli heyvan genefondunu qorumaq \u00fc\u00e7\u00fcn mobil t\u0259tbiq haz\u0131rlan\u0131b"},"content":{"rendered":"<p>Az\u0259rbaycanda &#8220;Yerli heyvan genefondunun n\u00f6vl\u0259rinin qorunmas\u0131 v\u0259 saxlanmas\u0131, \u015f\u0259c\u0259r\u0259 x\u0259tti \u00fczr\u0259 qiym\u0259tl\u0259ndirilm\u0259si (bonitr\u0259) t\u0259limat\u0131\u201d v\u0259 \u201cMobil yem kalkulyatoru\u201d t\u0259tbiqi haz\u0131rlan\u0131b.<\/p>\n<p><strong>ARANTV.AZ <\/strong>bu bar\u0259d\u0259 K\u0259nd T\u0259s\u0259rr\u00fcfat\u0131 Nazirliyin\u0259 istinad\u0259n verir.<\/p>\n<p>Qurumun Heyvandarl\u0131\u011f\u0131n t\u0259\u015fkili v\u0259 monitorinqi \u015f\u00f6b\u0259sinin m\u00fcdiri Eldar H\u0259s\u0259nov bildirib ki, t\u0259limatda yerli cinsl\u0259rin, h\u0259m\u00e7inin yerli iqlim\u0259 uy\u011funla\u015fm\u0131\u015f cinsl\u0259rin fotolar\u0131 v\u0259 s\u00f6z\u00fcged\u0259n cinsl\u0259rin xarakterik x\u00fcsusiyy\u0259tl\u0259rin\u0259 aid q\u0131sa m\u0259lumatlar do\u011fma dilimizl\u0259 yana\u015f\u0131 rus v\u0259 ingilis dill\u0259rind\u0259 \u00f6z \u0259ksini tap\u0131b. T\u0259dqiqatlar v\u0259 genetik ara\u015fd\u0131rmalar davam edir, g\u0259l\u0259c\u0259kd\u0259 kataloq daha da t\u0259kmill\u0259\u015fdiril\u0259c\u0259k v\u0259 elektron formada x\u00fcsusi platformaya y\u00fckl\u0259n\u0259c\u0259k.<\/p>\n<p>Heyvandarl\u0131q Elmi-T\u0259dqiqat \u0130nstitutunun direktoru Mahir Hac\u0131yev is\u0259 bildirib ki, t\u0259limat nazirlik v\u0259 institutun birg\u0259 t\u0259\u015f\u0259bb\u00fcs\u00fc il\u0259 6 f\u0259rqli \u015f\u0259c\u0259r\u0259 x\u0259tti \u00fczr\u0259 i\u015fl\u0259nib haz\u0131rlan\u0131b. S\u0259n\u0259d\u0259 ilk d\u0259f\u0259 olaraq ar\u0131 v\u0259 dov\u015fan cinsl\u0259rinin d\u0259 \u015f\u0259c\u0259r\u0259 x\u0259tti \u00fczr\u0259 qiym\u0259tl\u0259ndirm\u0259si daxil edilib, cinsl\u0259rin \u0259sas x\u00fcsusiyy\u0259t v\u0259 g\u00f6st\u0259ricil\u0259ri, x\u00fcsusi bal c\u0259dv\u0259ll\u0259ri \u0259ks etdirilib. Haz\u0131rlanm\u0131\u015f t\u0259limatlar elektron formatda x\u00fcsusi platformaya y\u00fckl\u0259n\u0259c\u0259k.<\/p>\n<p>Aqrar \u0130nnovasiya M\u0259rk\u0259zinin \u015f\u00f6b\u0259 m\u00fcdiri Cavan\u015fir T\u0259lai bildirib ki, aqrar sah\u0259d\u0259,o c\u00fcml\u0259d\u0259n heyvandarl\u0131qda yeni innovasiya v\u0259 texnologiyalar\u0131n t\u0259tbiqinin \u0259sas m\u0259qs\u0259di m\u0259hsuldarl\u0131\u011f\u0131 art\u0131rmaqla yana\u015f\u0131, \u0259t v\u0259 \u0259t m\u0259hsullar\u0131n\u0131n maya d\u0259y\u0259rinin a\u015fa\u011f\u0131 sal\u0131nmas\u0131 v\u0259 xaricd\u0259n as\u0131l\u0131l\u0131\u011f\u0131n minimuma endirilm\u0259sidir.<\/p>\n","protected":false},"excerpt":{"rendered":"<p>Az\u0259rbaycanda &#8220;Yerli heyvan genefondunun n\u00f6vl\u0259rinin qorunmas\u0131 v\u0259 saxlanmas\u0131, \u015f\u0259c\u0259r\u0259 x\u0259tti \u00fczr\u0259 qiym\u0259tl\u0259ndirilm\u0259si (bonitr\u0259) t\u0259limat\u0131\u201d v\u0259 \u201cMobil yem kalkulyatoru\u201d t\u0259tbiqi haz\u0131rlan\u0131b. ARANTV.AZ bu bar\u0259d\u0259 K\u0259nd T\u0259s\u0259rr\u00fcfat\u0131 Nazirliyin\u0259 istinad\u0259n verir. Qurumun Heyvandarl\u0131\u011f\u0131n t\u0259\u015fkili v\u0259 monitorinqi \u015f\u00f6b\u0259sinin m\u00fcdiri Eldar H\u0259s\u0259nov bildirib ki, t\u0259limatda yerli cinsl\u0259rin, h\u0259m\u00e7inin yerli iqlim\u0259 uy\u011funla\u015fm\u0131\u015f cinsl\u0259rin fotolar\u0131 v\u0259 s\u00f6z\u00fcged\u0259n cinsl\u0259rin xarakterik x\u00fcsusiyy\u0259tl\u0259rin\u0259 aid q\u0131sa m\u0259lumatlar do\u011fma dilimizl\u0259 yana\u015f\u0131 rus v\u0259 ingilis dill\u0259rind\u0259 \u00f6z \u0259ksini tap\u0131b. T\u0259dqiqatlar v\u0259 genetik ara\u015fd\u0131rmalar davam edir, g\u0259l\u0259c\u0259kd\u0259 kataloq daha da t\u0259kmill\u0259\u015fdiril\u0259c\u0259k v\u0259 elektron formada x\u00fcsusi platformaya y\u00fckl\u0259n\u0259c\u0259k. Heyvandarl\u0131q Elmi-T\u0259dqiqat \u0130nstitutunun direktoru Mahir Hac\u0131yev is\u0259&hellip;<\/p>\n","protected":false},"author":2,"featured_media":515727,"comment_status":"closed","ping_status":"closed","sticky":false,"template":"","format":"standard","meta":{"om_disable_all_campaigns":false,"_monsterinsights_skip_tracking":false,"_monsterinsights_sitenote_active":false,"_monsterinsights_sitenote_note":"","_monsterinsights_sitenote_category":0},"categories":[1],"tags":[],"aioseo_notices":[],"gutentor_comment":0,"rttpg_featured_image_url":{"full":["https:\/\/arantv.az\/wp-content\/uploads\/2022\/09\/630b7d8d166375825527791217610004341.jpg",975,540,false],"landscape":["https:\/\/arantv.az\/wp-content\/uploads\/2022\/09\/630b7d8d166375825527791217610004341.jpg",975,540,false],"portraits":["https:\/\/arantv.az\/wp-content\/uploads\/2022\/09\/630b7d8d166375825527791217610004341.jpg",975,540,false],"thumbnail":["https:\/\/arantv.az\/wp-content\/uploads\/2022\/09\/630b7d8d166375825527791217610004341-500x280.jpg",500,280,true],"medium":["https:\/\/arantv.az\/wp-content\/uploads\/2022\/09\/630b7d8d166375825527791217610004341-660x365.jpg",660,365,true],"large":["https:\/\/arantv.az\/wp-content\/uploads\/2022\/09\/630b7d8d166375825527791217610004341-840x465.jpg",640,354,true],"1536x1536":["https:\/\/arantv.az\/wp-content\/uploads\/2022\/09\/630b7d8d166375825527791217610004341.jpg",975,540,false],"2048x2048":["https:\/\/arantv.az\/wp-content\/uploads\/2022\/09\/630b7d8d166375825527791217610004341.jpg",975,540,false],"post-thumbnail":["https:\/\/arantv.az\/wp-content\/uploads\/2022\/09\/630b7d8d166375825527791217610004341-240x172.jpg",240,172,true],"advps-thumb-one":["https:\/\/arantv.az\/wp-content\/uploads\/2022\/09\/630b7d8d166375825527791217610004341.jpg",975,540,false]},"rttpg_author":{"display_name":"V\u00fcsal Rafiqo\u011flu","author_link":"https:\/\/arantv.az\/?author=2"},"rttpg_comment":0,"rttpg_category":"<a href=\"https:\/\/arantv.az\/?cat=1\" rel=\"category\">C\u0259miyy\u0259t<\/a>","rttpg_excerpt":"Az\u0259rbaycanda &#8220;Yerli heyvan genefondunun n\u00f6vl\u0259rinin qorunmas\u0131 v\u0259 saxlanmas\u0131, \u015f\u0259c\u0259r\u0259 x\u0259tti \u00fczr\u0259 qiym\u0259tl\u0259ndirilm\u0259si (bonitr\u0259) t\u0259limat\u0131\u201d v\u0259 \u201cMobil yem kalkulyatoru\u201d t\u0259tbiqi haz\u0131rlan\u0131b. ARANTV.AZ bu bar\u0259d\u0259 K\u0259nd T\u0259s\u0259rr\u00fcfat\u0131 Nazirliyin\u0259 istinad\u0259n verir. Qurumun Heyvandarl\u0131\u011f\u0131n t\u0259\u015fkili v\u0259 monitorinqi \u015f\u00f6b\u0259sinin m\u00fcdiri Eldar H\u0259s\u0259nov bildirib ki, t\u0259limatda yerli cinsl\u0259rin, h\u0259m\u00e7inin yerli iqlim\u0259 uy\u011funla\u015fm\u0131\u015f cinsl\u0259rin fotolar\u0131 v\u0259 s\u00f6z\u00fcged\u0259n cinsl\u0259rin xarakterik x\u00fcsusiyy\u0259tl\u0259rin\u0259 aid q\u0131sa&hellip;","_links":{"self":[{"href":"https:\/\/arantv.az\/index.php?rest_route=\/wp\/v2\/posts\/515726"}],"collection":[{"href":"https:\/\/arantv.az\/index.php?rest_route=\/wp\/v2\/posts"}],"about":[{"href":"https:\/\/arantv.az\/index.php?rest_route=\/wp\/v2\/types\/post"}],"author":[{"embeddable":true,"href":"https:\/\/arantv.az\/index.php?rest_route=\/wp\/v2\/users\/2"}],"replies":[{"embeddable":true,"href":"https:\/\/arantv.az\/index.php?rest_route=%2Fwp%2Fv2%2Fcomments&post=515726"}],"version-history":[{"count":0,"href":"https:\/\/arantv.az\/index.php?rest_route=\/wp\/v2\/posts\/515726\/revisions"}],"wp:featuredmedia":[{"embeddable":true,"href":"https:\/\/arantv.az\/index.php?rest_route=\/wp\/v2\/media\/515727"}],"wp:attachment":[{"href":"https:\/\/arantv.az\/index.php?rest_route=%2Fwp%2Fv2%2Fmedia&parent=515726"}],"wp:term":[{"taxonomy":"category","embeddable":true,"href":"https:\/\/arantv.az\/index.php?rest_route=%2Fwp%2Fv2%2Fcategories&post=515726"},{"taxonomy":"post_tag","embeddable":true,"href":"https:\/\/arantv.az\/index.php?rest_route=%2Fwp%2Fv2%2Ftags&post=515726"}],"curies":[{"name":"wp","href":"https:\/\/api.w.org\/{rel}","templated":true}]}}