{"id":51573,"date":"2019-04-19T11:00:51","date_gmt":"2019-04-19T08:00:51","guid":{"rendered":"http:\/\/arantv.az\/?p=51573"},"modified":"2019-04-19T11:00:51","modified_gmt":"2019-04-19T08:00:51","slug":"s%c9%99f%c9%99r-mehdiyev-iranli-nazirl%c9%99-gorusdu","status":"publish","type":"post","link":"https:\/\/arantv.az\/?p=51573","title":{"rendered":"S\u0259f\u0259r Mehdiyev iranl\u0131 nazirl\u0259 g\u00f6r\u00fc\u015fd\u00fc"},"content":{"rendered":"<p><strong>D\u00f6vl\u0259t G\u00f6mr\u00fck Komit\u0259sinin s\u0259dri, g\u00f6mr\u00fck xidm\u0259ti general-leytenant\u0131 S\u0259f\u0259r Mehdiyev \u00f6lk\u0259mizd\u0259 s\u0259f\u0259rd\u0259 olan \u0130ran \u0130slam Respublikas\u0131n\u0131n s\u0259naye, m\u0259d\u0259n v\u0259 ticar\u0259t naziri Rza R\u0259hmaninin r\u0259hb\u0259rlik etdiyi n\u00fcmay\u0259nd\u0259 hey\u0259ti il\u0259 g\u00f6r\u00fc\u015f\u00fcb.<\/strong><\/p>\n<p><strong>ARANTV.AZ\u00a0\u00a0<\/strong>x\u0259b\u0259r verir ki, g\u00f6r\u00fc\u015fd\u0259 \u0130ran \u0130slam Respublikas\u0131n\u0131n Az\u0259rbaycandak\u0131 f\u00f6vq\u0259lad\u0259 v\u0259 s\u0259lahiyy\u0259tli s\u0259firi Cavad Cahangirzad\u0259 d\u0259 i\u015ftirak edib.<\/p>\n<p>D\u00f6vl\u0259t G\u00f6mr\u00fck Komit\u0259sinin s\u0259dri S\u0259f\u0259r Mehdiyev iki qon\u015fu \u00f6lk\u0259 aras\u0131ndak\u0131 \u0259laq\u0259l\u0259rd\u0259n s\u00f6hb\u0259t a\u00e7\u0131b, Az\u0259rbaycan-\u0130ran m\u00fcnasib\u0259tl\u0259rinin b\u00fct\u00fcn sah\u0259l\u0259rd\u0259 u\u011furla inki\u015faf etdiyini bildirib.<br \/>\nS\u0259f\u0259r Mehdiyev \u00a0Az\u0259rbaycan-\u0130ran m\u00fcnasib\u0259tl\u0259rinin son ill\u0259r s\u0259m\u0259r\u0259li v\u0259 i\u015fg\u00fczar \u0259m\u0259kda\u015fl\u0131q m\u00fcst\u0259visind\u0259 inki\u015faf etdiyini, iqtisadi m\u00fcnasib\u0259tl\u0259rin g\u00fccl\u0259ndiyini, ticar\u0259t d\u00f6vriyy\u0259sinin artd\u0131\u011f\u0131n\u0131 bildirilib. Qeyd olunub ki, h\u0259r iki \u00f6lk\u0259nin strateji bax\u0131mdan beyn\u0259lxalq ticar\u0259t mar\u015frutlar\u0131 \u00fcz\u0259rind\u0259 yerl\u0259\u015fm\u0259si \u0259m\u0259kda\u015fl\u0131q \u0259laq\u0259l\u0259rinin daha da g\u00fccl\u0259ndirilm\u0259sin\u0259 t\u0259kan verir.<\/p>\n<p>Qar\u015f\u0131l\u0131ql\u0131 m\u00fcnasib\u0259tl\u0259rin u\u011furlu inki\u015faf\u0131ndan b\u0259hs ed\u0259n Komit\u0259 s\u0259dri \u00a0g\u00f6mr\u00fck xidm\u0259tl\u0259rinin \u00a0d\u0259 bu istiqam\u0259td\u0259 t\u0259qdir\u0259layiq f\u0259aliyy\u0259t g\u00f6st\u0259rdiyini vur\u011fulay\u0131b.<\/p>\n<p>Qeyd edilib ki, \u00a0ist\u0259r g\u00f6mr\u00fck xidm\u0259ti r\u0259hb\u0259rl\u0259ri s\u0259viyy\u0259sind\u0259, ist\u0259rs\u0259 d\u0259 g\u00f6mr\u00fck-s\u0259rh\u0259d burax\u0131l\u0131\u015f m\u0259nt\u0259q\u0259l\u0259rind\u0259 m\u00fct\u0259madi xarakter alan ikit\u0259r\u0259fli g\u00f6r\u00fc\u015fl\u0259r iki qon\u015fu \u00f6lk\u0259nin g\u00f6mr\u00fck sah\u0259si \u00fczr\u0259 m\u00f6vcud \u0259m\u0259kda\u015fl\u0131\u011f\u0131n\u0131n davaml\u0131 inki\u015faf\u0131nda m\u00fcsb\u0259t rol oynay\u0131r.<\/p>\n<p>Son ill\u0259rd\u0259 \u00f6lk\u0259mizd\u0259 g\u00f6mr\u00fck sah\u0259sind\u0259 apar\u0131lan islahatlardan b\u0259hs ed\u0259n S\u0259f\u0259r Mehdiyev vur\u011fulay\u0131b ki, t\u0259tbiq edil\u0259n yenilikl\u0259r \u00f6lk\u0259mizin ixrac potensial\u0131n\u0131 inki\u015faf etdirm\u0259k, g\u00f6mr\u00fck prosedurlar\u0131n\u0131 sad\u0259l\u0259\u015fdirm\u0259k, \u015f\u0259ffafl\u0131\u011f\u0131 t\u0259min etm\u0259kl\u0259 yana\u015f\u0131, beyn\u0259lxalq ticar\u0259tin d\u0259 asan v\u0259 s\u00fcr\u0259tl\u0259 h\u0259yata ke\u00e7irilm\u0259sin\u0259 m\u00fcnbit \u015f\u0259rait yarad\u0131b.<\/p>\n<p>\u0130ran \u0130slam Respublikas\u0131n\u0131n s\u0259naye, m\u0259d\u0259n v\u0259 ticar\u0259t naziri Rza R\u0259hmani \u00f6lk\u0259sinin Az\u0259rbaycanla m\u00fcnasib\u0259tl\u0259ri geni\u015fl\u0259ndirm\u0259kd\u0259 daim maraql\u0131 oldu\u011funu deyib, b\u00fct\u00fcn istiqam\u0259tl\u0259rd\u0259, o c\u00fcml\u0259d\u0259n, g\u00f6mr\u00fck sah\u0259sind\u0259 qar\u015f\u0131l\u0131ql\u0131 \u0259m\u0259kda\u015fl\u0131qdan raz\u0131l\u0131\u011f\u0131n\u0131 ifad\u0259 edib. Qonaq birg\u0259 f\u0259aliyy\u0259tin bundan sonra da intensivl\u0259\u015fdirilm\u0259sinin vacibliyini bildirib.<\/p>\n<p>Rza R\u0259hmani Az\u0259rbaycan g\u00f6mr\u00fcy\u00fcn\u00fcn \u0259ld\u0259 etdiyi nailiyy\u0259tl\u0259rd\u0259n b\u0259hs ed\u0259r\u0259k, x\u00fcsusil\u0259 son d\u00f6vrl\u0259rd\u0259 h\u0259yata ke\u00e7iril\u0259n islahatlar\u0131 biznes m\u00fchitinin yax\u015f\u0131la\u015fd\u0131r\u0131lmas\u0131na, ticar\u0259tin asanla\u015fd\u0131r\u0131lmas\u0131na y\u00f6n\u0259l\u0259n u\u011furlu add\u0131mlardan biri kimi d\u0259y\u0259rl\u0259ndirib.<br \/>\nDaha sonra Az\u0259rbaycan v\u0259 \u0130ran g\u00f6mr\u00fck xidm\u0259tl\u0259rinin n\u00fcmay\u0259nd\u0259 hey\u0259tl\u0259ri aras\u0131nda qar\u015f\u0131l\u0131ql\u0131 maraq do\u011furan m\u0259s\u0259l\u0259l\u0259rl\u0259 ba\u011fl\u0131 fikir m\u00fcbadil\u0259si apar\u0131l\u0131b.<\/p>\n<p>G\u00f6r\u00fc\u015fd\u0259 iki \u00f6lk\u0259 aras\u0131nda iqtisadi m\u00fcnasib\u0259tl\u0259rin, ticar\u0259t d\u00f6vriyy\u0259sinin artmas\u0131na paralel olaraq beyn\u0259lxalq ticar\u0259tin asan v\u0259 s\u00fcr\u0259tli \u015f\u0259kild\u0259 h\u0259yata ke\u00e7irilm\u0259si, el\u0259c\u0259 d\u0259 n\u0259qliyyat vasit\u0259l\u0259rinin, \u015f\u0259xsl\u0259rin g\u00f6mr\u00fck s\u0259rh\u0259dind\u0259n t\u0259hl\u00fck\u0259siz v\u0259 mane\u0259siz ke\u00e7idinin t\u0259min edilm\u0259si, qar\u015f\u0131l\u0131ql\u0131 m\u0259lumat m\u00fcbadil\u0259sinin g\u00fccl\u0259ndirilm\u0259sin\u0259 dair m\u0259s\u0259l\u0259l\u0259r m\u00fczakir\u0259 olunub.Unikal.org<\/p>\n","protected":false},"excerpt":{"rendered":"<p>D\u00f6vl\u0259t G\u00f6mr\u00fck Komit\u0259sinin s\u0259dri, g\u00f6mr\u00fck xidm\u0259ti general-leytenant\u0131 S\u0259f\u0259r Mehdiyev \u00f6lk\u0259mizd\u0259 s\u0259f\u0259rd\u0259 olan \u0130ran \u0130slam Respublikas\u0131n\u0131n s\u0259naye, m\u0259d\u0259n v\u0259 ticar\u0259t naziri Rza R\u0259hmaninin r\u0259hb\u0259rlik etdiyi n\u00fcmay\u0259nd\u0259 hey\u0259ti il\u0259 g\u00f6r\u00fc\u015f\u00fcb. ARANTV.AZ\u00a0\u00a0x\u0259b\u0259r verir ki, g\u00f6r\u00fc\u015fd\u0259 \u0130ran \u0130slam Respublikas\u0131n\u0131n Az\u0259rbaycandak\u0131 f\u00f6vq\u0259lad\u0259 v\u0259 s\u0259lahiyy\u0259tli s\u0259firi Cavad Cahangirzad\u0259 d\u0259 i\u015ftirak edib. D\u00f6vl\u0259t G\u00f6mr\u00fck Komit\u0259sinin s\u0259dri S\u0259f\u0259r Mehdiyev iki qon\u015fu \u00f6lk\u0259 aras\u0131ndak\u0131 \u0259laq\u0259l\u0259rd\u0259n s\u00f6hb\u0259t a\u00e7\u0131b, Az\u0259rbaycan-\u0130ran m\u00fcnasib\u0259tl\u0259rinin b\u00fct\u00fcn sah\u0259l\u0259rd\u0259 u\u011furla inki\u015faf etdiyini bildirib. S\u0259f\u0259r Mehdiyev \u00a0Az\u0259rbaycan-\u0130ran m\u00fcnasib\u0259tl\u0259rinin son ill\u0259r s\u0259m\u0259r\u0259li v\u0259 i\u015fg\u00fczar \u0259m\u0259kda\u015fl\u0131q m\u00fcst\u0259visind\u0259 inki\u015faf etdiyini, iqtisadi m\u00fcnasib\u0259tl\u0259rin g\u00fccl\u0259ndiyini, ticar\u0259t d\u00f6vriyy\u0259sinin artd\u0131\u011f\u0131n\u0131 bildirilib. Qeyd olunub ki, h\u0259r&hellip;<\/p>\n","protected":false},"author":2,"featured_media":51574,"comment_status":"closed","ping_status":"closed","sticky":false,"template":"","format":"standard","meta":{"om_disable_all_campaigns":false,"_monsterinsights_skip_tracking":false,"_monsterinsights_sitenote_active":false,"_monsterinsights_sitenote_note":"","_monsterinsights_sitenote_category":0},"categories":[1],"tags":[],"aioseo_notices":[],"gutentor_comment":0,"rttpg_featured_image_url":{"full":["https:\/\/arantv.az\/wp-content\/uploads\/2019\/04\/1555660523.8.jpg",600,400,false],"landscape":["https:\/\/arantv.az\/wp-content\/uploads\/2019\/04\/1555660523.8.jpg",600,400,false],"portraits":["https:\/\/arantv.az\/wp-content\/uploads\/2019\/04\/1555660523.8.jpg",600,400,false],"thumbnail":["https:\/\/arantv.az\/wp-content\/uploads\/2019\/04\/1555660523.8-150x150.jpg",150,150,true],"medium":["https:\/\/arantv.az\/wp-content\/uploads\/2019\/04\/1555660523.8-300x200.jpg",300,200,true],"large":["https:\/\/arantv.az\/wp-content\/uploads\/2019\/04\/1555660523.8.jpg",600,400,false],"1536x1536":["https:\/\/arantv.az\/wp-content\/uploads\/2019\/04\/1555660523.8.jpg",600,400,false],"2048x2048":["https:\/\/arantv.az\/wp-content\/uploads\/2019\/04\/1555660523.8.jpg",600,400,false],"post-thumbnail":["https:\/\/arantv.az\/wp-content\/uploads\/2019\/04\/1555660523.8-240x172.jpg",240,172,true],"advps-thumb-one":["https:\/\/arantv.az\/wp-content\/uploads\/2019\/04\/1555660523.8.jpg",600,400,false]},"rttpg_author":{"display_name":"V\u00fcsal Rafiqo\u011flu","author_link":"https:\/\/arantv.az\/?author=2"},"rttpg_comment":0,"rttpg_category":"<a href=\"https:\/\/arantv.az\/?cat=1\" rel=\"category\">C\u0259miyy\u0259t<\/a>","rttpg_excerpt":"D\u00f6vl\u0259t G\u00f6mr\u00fck Komit\u0259sinin s\u0259dri, g\u00f6mr\u00fck xidm\u0259ti general-leytenant\u0131 S\u0259f\u0259r Mehdiyev \u00f6lk\u0259mizd\u0259 s\u0259f\u0259rd\u0259 olan \u0130ran \u0130slam Respublikas\u0131n\u0131n s\u0259naye, m\u0259d\u0259n v\u0259 ticar\u0259t naziri Rza R\u0259hmaninin r\u0259hb\u0259rlik etdiyi n\u00fcmay\u0259nd\u0259 hey\u0259ti il\u0259 g\u00f6r\u00fc\u015f\u00fcb. ARANTV.AZ\u00a0\u00a0x\u0259b\u0259r verir ki, g\u00f6r\u00fc\u015fd\u0259 \u0130ran \u0130slam Respublikas\u0131n\u0131n Az\u0259rbaycandak\u0131 f\u00f6vq\u0259lad\u0259 v\u0259 s\u0259lahiyy\u0259tli s\u0259firi Cavad Cahangirzad\u0259 d\u0259 i\u015ftirak edib. D\u00f6vl\u0259t G\u00f6mr\u00fck Komit\u0259sinin s\u0259dri S\u0259f\u0259r Mehdiyev iki qon\u015fu \u00f6lk\u0259 aras\u0131ndak\u0131&hellip;","_links":{"self":[{"href":"https:\/\/arantv.az\/index.php?rest_route=\/wp\/v2\/posts\/51573"}],"collection":[{"href":"https:\/\/arantv.az\/index.php?rest_route=\/wp\/v2\/posts"}],"about":[{"href":"https:\/\/arantv.az\/index.php?rest_route=\/wp\/v2\/types\/post"}],"author":[{"embeddable":true,"href":"https:\/\/arantv.az\/index.php?rest_route=\/wp\/v2\/users\/2"}],"replies":[{"embeddable":true,"href":"https:\/\/arantv.az\/index.php?rest_route=%2Fwp%2Fv2%2Fcomments&post=51573"}],"version-history":[{"count":0,"href":"https:\/\/arantv.az\/index.php?rest_route=\/wp\/v2\/posts\/51573\/revisions"}],"wp:featuredmedia":[{"embeddable":true,"href":"https:\/\/arantv.az\/index.php?rest_route=\/wp\/v2\/media\/51574"}],"wp:attachment":[{"href":"https:\/\/arantv.az\/index.php?rest_route=%2Fwp%2Fv2%2Fmedia&parent=51573"}],"wp:term":[{"taxonomy":"category","embeddable":true,"href":"https:\/\/arantv.az\/index.php?rest_route=%2Fwp%2Fv2%2Fcategories&post=51573"},{"taxonomy":"post_tag","embeddable":true,"href":"https:\/\/arantv.az\/index.php?rest_route=%2Fwp%2Fv2%2Ftags&post=51573"}],"curies":[{"name":"wp","href":"https:\/\/api.w.org\/{rel}","templated":true}]}}