{"id":515733,"date":"2022-09-21T14:22:51","date_gmt":"2022-09-21T11:22:51","guid":{"rendered":"https:\/\/arantv.az\/?p=515733"},"modified":"2022-09-21T14:22:51","modified_gmt":"2022-09-21T11:22:51","slug":"erm%c9%99nistanin-casbas-qalan-c%c9%99miyy%c9%99ti-xulyalardan-qurtulmayan-erm%c9%99ni-elitasi-s%c9%99rh-foto","status":"publish","type":"post","link":"https:\/\/arantv.az\/?p=515733","title":{"rendered":"Erm\u0259nistan\u0131n \u00e7a\u015fba\u015f qalan c\u0259miyy\u0259ti &#8211; x\u00fclyalardan qurtulmayan erm\u0259ni elitas\u0131 &#8211; \u015e\u018fRH + FOTO"},"content":{"rendered":"<p>Erm\u0259nistan c\u0259miyy\u0259ti yen\u0259 qeyri-m\u00fc\u0259yy\u0259n v\u0259ziyy\u0259td\u0259dir. Bir qrup onu Q\u0259rb\u0259, dig\u0259r qrup is\u0259 Rusiyaya do\u011fru \u00e7\u0259km\u0259y\u0259 \u00e7al\u0131\u015f\u0131r. Bu \u00e7\u0259kha\u00e7\u0259kd\u0259 Az\u0259rbaycana qar\u015f\u0131 i\u015f\u011fal\u00e7\u0131l\u0131q iddialar\u0131 ir\u0259li s\u00fcr\u00fcl\u00fcr.<\/p>\n<p>Son g\u00fcnl\u0259r \u0130r\u0259vanda Rusiyaya v\u0259 onun sponsorluq etdiyi t\u0259\u015fkilatlara qar\u015f\u0131 \u00e7\u0131x\u0131\u015flar olub. Aksiya i\u015ftirak\u00e7\u0131lar\u0131 Erm\u0259nistan\u0131n Kollektiv T\u0259hl\u00fck\u0259sizlik M\u00fcqavil\u0259si T\u0259\u015fkilat\u0131ndan (KTMT) \u00e7\u0131xmas\u0131n\u0131 t\u0259l\u0259b ed\u0259r\u0259k Moskvan\u0131n \u00fcnvan\u0131na t\u0259nqidi fikirl\u0259r s\u0259sl\u0259ndiribl\u0259r. Bu aksiyalar 2018-ci ild\u0259n \u0259vv\u0259l indiki ba\u015f nazir Nikol Pa\u015finyan\u0131n KTMT v\u0259 Avrasiya \u0130qtisadi \u0130ttifaq\u0131na qar\u015f\u0131 \u00e7\u0131x\u0131\u015flar\u0131n\u0131 yada sal\u0131r. H\u0259min d\u00f6vrd\u0259 m\u00fcxalif\u0259t t\u0259msil\u00e7isi say\u0131lan Pa\u015finyan \u00f6lk\u0259sinin bu iki t\u0259\u015fkilatdan \u00e7\u0131xmas\u0131n\u0131 t\u0259l\u0259b edir, onlar\u0131n Erm\u0259nistan \u00fc\u00e7\u00fcn \u0259h\u0259miyy\u0259tinin olmad\u0131\u011f\u0131n\u0131 s\u00f6yl\u0259yirdi. O, h\u0259tta parlamentin g\u00fcnd\u0259liyin\u0259 d\u0259 bu m\u0259s\u0259l\u0259l\u0259rin daxil edilm\u0259sin\u0259 nail olmu\u015fdu. Ancaq onda Pa\u015finyan\u0131n t\u0259klifl\u0259ri yet\u0259rinc\u0259 s\u0259s ala bilm\u0259mi\u015fdi. H\u00f6kum\u0259t ba\u015f\u0131na g\u0259l\u0259nd\u0259n sonra onun Rusiyaya v\u0259 \u0259leyhin\u0259 \u00e7\u0131xd\u0131\u011f\u0131 t\u0259\u015fkilatlara m\u00fcnasib\u0259ti 180 d\u0259r\u0259c\u0259 d\u0259yi\u015fdi. Bu g\u00fcnl\u0259rd\u0259 is\u0259 Pa\u015finyan hakimiyy\u0259tinin siyasi oriyentasiyas\u0131 il\u0259 ba\u011fl\u0131 yeni b\u0259yanatla \u00e7\u0131x\u0131\u015f edib. H\u00f6kum\u0259t ba\u015f\u00e7\u0131s\u0131 Az\u0259rbaycan\u0131n onun ba\u015f\u00e7\u0131l\u0131q etdiyi hakimiyy\u0259tin guya rusiyay\u00f6nl\u00fc oldu\u011funu Q\u0259rbd\u0259 t\u0259bli\u011f etdiyini iddia edir. Ancaq g\u00f6r\u00fcn\u0259n odur ki, Pa\u015finyan AB\u015e v\u0259 Avropa \u0130ttifaq\u0131 r\u0259smil\u0259ri il\u0259 g\u00f6r\u00fc\u015fd\u0259 \u00f6z\u00fcn\u00fc, h\u00f6kum\u0259tini q\u0259rby\u00f6nl\u00fc, Vladimir Putin v\u0259 Kremlin ba\u015fqa r\u0259smil\u0259ri il\u0259 g\u00f6r\u00fc\u015fd\u0259 is\u0259 rusiyay\u00f6nl\u00fc say\u0131r.<\/p>\n<div class=\"AdviadNativeVideo\"><\/div>\n<p><img src=\"https:\/\/cdn.oxu.az\/uploads\/W1siZiIsIjIwMjIvMDkvMjEvMTQvMDQvNTMvOWMwNjA0MGEtMGRkZS00NzM0LWFlYmEtNWU4YjBhM2I3Zjg1L1YxLmpwZyJdLFsicCIsImVuY29kZSIsImpwZyIsIi1xdWFsaXR5IDgwIl0sWyJwIiwidGh1bWIiLCI1OTB4NTkwXHUwMDNlIl1d?sha=2f187ab875451cd2\" alt=\"\" \/><\/p>\n<p>\u00d6t\u0259n g\u00fcn \u0130r\u0259vanda \u201cErm\u0259nistan\u0131n g\u0259l\u0259c\u0259yi Rusiyaya ba\u011fl\u0131d\u0131r!\u201d \u015f\u00fcar\u0131 alt\u0131nda Rusiya il\u0259 h\u0259mr\u0259ylik aksiyas\u0131 ke\u00e7irilib. Y\u00fcr\u00fc\u015f i\u015ftirak\u00e7\u0131lar\u0131 ist\u0259kl\u0259rini Moskvan\u0131n \u0130r\u0259vandak\u0131 s\u0259firliyin\u0259 t\u0259qdim edibl\u0259r. H\u00f6kum\u0259ti d\u0259st\u0259kl\u0259y\u0259n sosial \u015f\u0259b\u0259k\u0259 v\u0259 K\u0130V-d\u0259 d\u0259 Rusiyaya m\u00fcnasib\u0259t birm\u0259nal\u0131 deyil. Bir qrup Pa\u015finyan\u0131\u00a0Rusiya il\u0259 \u0259laq\u0259l\u0259ri z\u0259ifl\u0259tm\u0259kd\u0259 v\u0259 AB\u015e-a meyill\u0259nm\u0259kd\u0259 ittiham edir, dig\u0259r qrup is\u0259 \u0259ksin\u0259, Rusiya K\u0130V-i v\u0259 KTMT-ni s\u0259rt ifad\u0259l\u0259rl\u0259 t\u0259nqid edir.<\/p>\n<p>Bu g\u00fcnl\u0259rd\u0259 ke\u00e7mi\u015f prezident Robert Ko\u00e7aryan da \u00fcz\u0259 \u00e7\u0131x\u0131b. O, he\u00e7 yer\u0259 getm\u0259diyini v\u0259 \u201cm\u00fcbariz\u0259ni davam etdirdiyini\u201d a\u00e7\u0131qlay\u0131b. \u0130ndiy\u0259d\u0259k m\u00fcxalif\u0259tin arxas\u0131ndan boylanan, \u0259li az\u0259rbaycanl\u0131lar\u0131n v\u0259 erm\u0259nil\u0259rin qan\u0131na bula\u015fm\u0131\u015f bir siyas\u0259t\u00e7inin siyasi s\u0259hn\u0259d\u0259 g\u00f6r\u00fcnm\u0259si ba\u015fqa m\u0259tl\u0259bd\u0259n d\u0259 x\u0259b\u0259r verir. Onun birm\u0259nal\u0131 olaraq, rusiyay\u00f6nl\u00fc oldu\u011fu sirr deyil. Ko\u00e7aryan Pa\u015finyandan f\u0259rqli olaraq, \u00f6z\u00fcn\u00fc h\u0259m q\u0259rbli, h\u0259m d\u0259 rusiyay\u00f6nl\u00fc kimi g\u00f6st\u0259r\u0259 bilmir. Bu qar\u0131\u015f\u0131ql\u0131q v\u0259 qeyri-m\u00fc\u0259yy\u0259nlik h\u00f6kum\u0259tin itkil\u0259ri il\u0259 ba\u011fl\u0131 d\u0259qiql\u0259\u015fdirm\u0259 apara bilm\u0259m\u0259sin\u0259 s\u0259b\u0259b olub. Bu g\u00fcn\u0259d\u0259k Erm\u0259nistan M\u00fcdafi\u0259 Nazirliyi sentyabr\u0131n 12-13-d\u0259 s\u0259rh\u0259dd\u0259ki toqqu\u015fmada \u00f6l\u0259n h\u0259rb\u00e7il\u0259rinin siyah\u0131s\u0131n\u0131 a\u00e7\u0131qlamay\u0131b. \u0130tkil\u0259rin say\u0131 v\u0259 siyah\u0131s\u0131n\u0131n gizli saxlan\u0131lmas\u0131 c\u0259miyy\u0259tin haz\u0131rlanmas\u0131 \u00fc\u00e7\u00fcn vaxt udma\u011fa hesablan\u0131b. Yeri g\u0259lmi\u015fk\u0259n, 44 g\u00fcnl\u00fck m\u00fcharib\u0259d\u0259 d\u0259 \u00f6l\u0259nl\u0259rin tam siyah\u0131s\u0131n\u0131 h\u0259l\u0259 ki Erm\u0259nistanda bil\u0259n yoxdur. D\u00f6y\u00fc\u015fl\u0259rd\u0259 \u00f6l\u0259n h\u0259rb\u00e7il\u0259rin yax\u0131nlar\u0131 h\u00f6kum\u0259t evi v\u0259 M\u00fcdafi\u0259 Nazirliyinin binas\u0131 qar\u015f\u0131s\u0131nda etiraz aksiyas\u0131 ke\u00e7irir, hakimiyy\u0259td\u0259n \u00f6vladlar\u0131 il\u0259 ba\u011fl\u0131 m\u0259lumat t\u0259l\u0259b edirl\u0259r. Onlar Erm\u0259nistan\u0131n d\u00f6vl\u0259t bayra\u011f\u0131n\u0131 yer\u0259 at\u0131b tapdalamaqla etirazlar\u0131n\u0131 bildirirl\u0259r.<\/p>\n<p><img src=\"https:\/\/cdn.oxu.az\/uploads\/W1siZiIsIjIwMjIvMDkvMjEvMTQvMDQvNTMvOThiMGNlYWYtMWRmMS00ZWFmLTlhMGEtMDI5ZDk5NzAyODVhL1YyLmpwZyJdLFsicCIsImVuY29kZSIsImpwZyIsIi1xdWFsaXR5IDgwIl0sWyJwIiwidGh1bWIiLCI1OTB4NTkwXHUwMDNlIl1d?sha=1337e2069d81faa3\" alt=\"\" \/><\/p>\n<p>Sentyabr\u0131n 21-i Erm\u0259nistan\u0131n m\u00fcst\u0259qilliyi g\u00fcn\u00fcd\u00fcr. Pa\u015finyan\u0131n bununla ba\u011fl\u0131 \u201cErablur\u201d panteonuna ziyar\u0259ti \u00e7ox q\u0131sa s\u00fcr\u00fcb. Ora \u00f6l\u0259n h\u0259rb\u00e7il\u0259rin valideynl\u0259ri v\u0259 qohumlar\u0131 da topla\u015f\u0131blar. Onlar Pa\u015finyan\u0131n \u0259raziy\u0259 g\u0259lm\u0259sin\u0259 mane olma\u011fa \u00e7al\u0131\u015f\u0131blar. R\u0259smi \u0130r\u0259van\u0131n \u00f6l\u0259n \u0259sg\u0259r ail\u0259l\u0259rin\u0259 v\u0259 yax\u0131nlar\u0131na bel\u0259 zorak\u0131 m\u00fcnasib\u0259ti c\u0259miyy\u0259td\u0259 etirazlar\u0131 q\u0131z\u0131\u015fd\u0131r\u0131r.<\/p>\n<p>M\u00fcqayis\u0259 etm\u0259k d\u00fczg\u00fcn olmasa da, qeyd etm\u0259k laz\u0131md\u0131r ki, Az\u0259rbaycan hakimiyy\u0259ti Erm\u0259nistandan f\u0259rqli olaraq, c\u0259miyy\u0259tl\u0259 a\u00e7\u0131q, \u015f\u0259ffaf, d\u00fcr\u00fcst kommunikasiya siyas\u0259ti apar\u0131r. \u015e\u0259hidl\u0259rin ham\u0131s\u0131n\u0131n adlar\u0131 r\u0259smi qaydada a\u00e7\u0131qlan\u0131b, \u015f\u0259hid ail\u0259l\u0259ri, m\u00fcharib\u0259 veteranlar\u0131 birba\u015fa Prezident\u00a0<strong>\u0130lham \u018fliyev<\/strong>in, Az\u0259rbaycan d\u00f6vl\u0259tinin diqq\u0259t v\u0259 qay\u011f\u0131s\u0131 il\u0259 \u0259hat\u0259 olunurlar. Onlar\u0131n sosial m\u00fcdafi\u0259si \u00fc\u00e7\u00fcn t\u0259dbirl\u0259r davam etdirilir. \u018fg\u0259r m\u00fcqayis\u0259ni davam etdirs\u0259k, Az\u0259rbaycan\u0131n m\u00f6vqeyi v\u0259 m\u00fctt\u0259fiq oldu\u011fu d\u00f6vl\u0259tl\u0259r, y\u00fcr\u00fctd\u00fcy\u00fc xarici siyas\u0259t d\u0259 m\u0259lumdur. Bu bax\u0131mdan, r\u0259smi \u0130r\u0259van Bak\u0131dan xeyli geri qal\u0131r.<\/p>\n<p><img src=\"https:\/\/cdn.oxu.az\/uploads\/W1siZiIsIjIwMjIvMDkvMjEvMTQvMDQvNTMvNzI5YzYzZGUtMDM2NS00OWYyLTlhNjAtOWRlNjU0ZTU3Mzk3L1YzLmpwZyJdLFsicCIsImVuY29kZSIsImpwZyIsIi1xdWFsaXR5IDgwIl0sWyJwIiwidGh1bWIiLCI1OTB4NTkwXHUwMDNlIl1d?sha=5a84d34cf6fda8e9\" alt=\"\" \/><\/p>\n<p>N\u0259hay\u0259t, Erm\u0259nistan\u0131n qeyri-m\u00fc\u0259yy\u0259nliyi, Q\u0259rbl\u0259 Rusiya aras\u0131nda \u00e7apalamas\u0131, yaxud nala-m\u0131xa vurmas\u0131 regionda t\u0259hl\u00fck\u0259sizliyi, s\u00fclh\u00fc, \u0259m\u0259kda\u015fl\u0131\u011f\u0131 t\u0259hdid edir. Bu \u00f6lk\u0259d\u0259n ist\u0259nil\u0259n vaxt t\u0259xribat v\u0259 t\u0259hrikedici davran\u0131\u015f g\u00f6zl\u0259m\u0259k m\u00fcmk\u00fcnd\u00fcr. Sentyabr\u0131n 12-13-d\u0259 s\u0259rh\u0259dyan\u0131 \u0259razid\u0259 Erm\u0259nistan\u0131n t\u00f6r\u0259tdiyi geni\u015fmiqyasl\u0131 t\u0259xribat\u0131 buna n\u00fcmun\u0259 g\u00f6st\u0259rm\u0259k olar. Bu \u00f6lk\u0259d\u0259 hakimiyy\u0259t v\u0259 m\u00fcxalif\u0259td\u0259 konkretlik yoxdur. Erm\u0259nistan\u0131n b\u00fct\u00f6vl\u00fckd\u0259 siyasi elitas\u0131 say\u0131lan t\u0259b\u0259q\u0259nin proqram\u0131 m\u00f6vcud deyil. \u018fvv\u0259ll\u0259r onlar \u201cQaraba\u011f\u201d \u015f\u00fcar\u0131 il\u0259 d\u00f6vl\u0259ti d\u0259, c\u0259miyy\u0259ti d\u0259 idar\u0259 ed\u0259 bilirdi. Az\u0259rbaycan torpaqlar\u0131n\u0131 Erm\u0259nistan\u0131n i\u015f\u011fal\u0131ndan azad etm\u0259kl\u0259 o \u00f6lk\u0259nin siyasi hakimiyy\u0259ti v\u0259 m\u00fcxalif\u0259tini \u015f\u00fcar bax\u0131m\u0131ndan da t\u0259rksilah edib. \u00c7\u00fcnki bu \u00f6lk\u0259d\u0259 c\u0259miyy\u0259t 30 il \u0259sass\u0131z v\u0259 saxta ideyalarla idar\u0259 olunub. Y\u00fcr\u00fcd\u00fcl\u0259n v\u0259 iddia olunan bel\u0259 siyasi kurs is\u0259 Erm\u0259nistan c\u0259miyy\u0259tini \u00e7\u0131x\u0131lmaz v\u0259ziyy\u0259t\u0259 sal\u0131b. Siyasi elita v\u0259 havadarlar\u0131n \u00f6lk\u0259 \u0259halisini yenid\u0259n \u0259vv\u0259lki uydurmalarla idar\u0259 etm\u0259si c\u0259hdl\u0259rinin u\u011fur qazanmas\u0131 is\u0259 m\u00fcmk\u00fcn deyil. \u00c7\u00fcnki regionda v\u0259 d\u00fcnyada \u00e7ox m\u0259tl\u0259bl\u0259r d\u0259yi\u015fib.<\/p>\n<p><strong>\u201cReport\u201d\u00a0<\/strong><strong>\u0130nformasiya Agentliyi<\/strong><\/p>\n","protected":false},"excerpt":{"rendered":"<p>Erm\u0259nistan c\u0259miyy\u0259ti yen\u0259 qeyri-m\u00fc\u0259yy\u0259n v\u0259ziyy\u0259td\u0259dir. Bir qrup onu Q\u0259rb\u0259, dig\u0259r qrup is\u0259 Rusiyaya do\u011fru \u00e7\u0259km\u0259y\u0259 \u00e7al\u0131\u015f\u0131r. Bu \u00e7\u0259kha\u00e7\u0259kd\u0259 Az\u0259rbaycana qar\u015f\u0131 i\u015f\u011fal\u00e7\u0131l\u0131q iddialar\u0131 ir\u0259li s\u00fcr\u00fcl\u00fcr. Son g\u00fcnl\u0259r \u0130r\u0259vanda Rusiyaya v\u0259 onun sponsorluq etdiyi t\u0259\u015fkilatlara qar\u015f\u0131 \u00e7\u0131x\u0131\u015flar olub. Aksiya i\u015ftirak\u00e7\u0131lar\u0131 Erm\u0259nistan\u0131n Kollektiv T\u0259hl\u00fck\u0259sizlik M\u00fcqavil\u0259si T\u0259\u015fkilat\u0131ndan (KTMT) \u00e7\u0131xmas\u0131n\u0131 t\u0259l\u0259b ed\u0259r\u0259k Moskvan\u0131n \u00fcnvan\u0131na t\u0259nqidi fikirl\u0259r s\u0259sl\u0259ndiribl\u0259r. Bu aksiyalar 2018-ci ild\u0259n \u0259vv\u0259l indiki ba\u015f nazir Nikol Pa\u015finyan\u0131n KTMT v\u0259 Avrasiya \u0130qtisadi \u0130ttifaq\u0131na qar\u015f\u0131 \u00e7\u0131x\u0131\u015flar\u0131n\u0131 yada sal\u0131r. H\u0259min d\u00f6vrd\u0259 m\u00fcxalif\u0259t t\u0259msil\u00e7isi say\u0131lan Pa\u015finyan \u00f6lk\u0259sinin bu iki t\u0259\u015fkilatdan \u00e7\u0131xmas\u0131n\u0131 t\u0259l\u0259b edir, onlar\u0131n Erm\u0259nistan \u00fc\u00e7\u00fcn \u0259h\u0259miyy\u0259tinin olmad\u0131\u011f\u0131n\u0131 s\u00f6yl\u0259yirdi.&hellip;<\/p>\n","protected":false},"author":2,"featured_media":515734,"comment_status":"closed","ping_status":"closed","sticky":false,"template":"","format":"standard","meta":{"om_disable_all_campaigns":false,"_monsterinsights_skip_tracking":false,"_monsterinsights_sitenote_active":false,"_monsterinsights_sitenote_note":"","_monsterinsights_sitenote_category":0},"categories":[4],"tags":[],"aioseo_notices":[],"gutentor_comment":0,"rttpg_featured_image_url":{"full":["https:\/\/arantv.az\/wp-content\/uploads\/2022\/09\/SFGR234.jpg",620,413,false],"landscape":["https:\/\/arantv.az\/wp-content\/uploads\/2022\/09\/SFGR234.jpg",620,413,false],"portraits":["https:\/\/arantv.az\/wp-content\/uploads\/2022\/09\/SFGR234.jpg",620,413,false],"thumbnail":["https:\/\/arantv.az\/wp-content\/uploads\/2022\/09\/SFGR234-500x280.jpg",500,280,true],"medium":["https:\/\/arantv.az\/wp-content\/uploads\/2022\/09\/SFGR234-548x365.jpg",548,365,true],"large":["https:\/\/arantv.az\/wp-content\/uploads\/2022\/09\/SFGR234.jpg",620,413,false],"1536x1536":["https:\/\/arantv.az\/wp-content\/uploads\/2022\/09\/SFGR234.jpg",620,413,false],"2048x2048":["https:\/\/arantv.az\/wp-content\/uploads\/2022\/09\/SFGR234.jpg",620,413,false],"post-thumbnail":["https:\/\/arantv.az\/wp-content\/uploads\/2022\/09\/SFGR234-240x172.jpg",240,172,true],"advps-thumb-one":["https:\/\/arantv.az\/wp-content\/uploads\/2022\/09\/SFGR234.jpg",620,413,false]},"rttpg_author":{"display_name":"V\u00fcsal Rafiqo\u011flu","author_link":"https:\/\/arantv.az\/?author=2"},"rttpg_comment":0,"rttpg_category":"<a href=\"https:\/\/arantv.az\/?cat=4\" rel=\"category\">Siyas\u0259t<\/a>","rttpg_excerpt":"Erm\u0259nistan c\u0259miyy\u0259ti yen\u0259 qeyri-m\u00fc\u0259yy\u0259n v\u0259ziyy\u0259td\u0259dir. Bir qrup onu Q\u0259rb\u0259, dig\u0259r qrup is\u0259 Rusiyaya do\u011fru \u00e7\u0259km\u0259y\u0259 \u00e7al\u0131\u015f\u0131r. Bu \u00e7\u0259kha\u00e7\u0259kd\u0259 Az\u0259rbaycana qar\u015f\u0131 i\u015f\u011fal\u00e7\u0131l\u0131q iddialar\u0131 ir\u0259li s\u00fcr\u00fcl\u00fcr. Son g\u00fcnl\u0259r \u0130r\u0259vanda Rusiyaya v\u0259 onun sponsorluq etdiyi t\u0259\u015fkilatlara qar\u015f\u0131 \u00e7\u0131x\u0131\u015flar olub. Aksiya i\u015ftirak\u00e7\u0131lar\u0131 Erm\u0259nistan\u0131n Kollektiv T\u0259hl\u00fck\u0259sizlik M\u00fcqavil\u0259si T\u0259\u015fkilat\u0131ndan (KTMT) \u00e7\u0131xmas\u0131n\u0131 t\u0259l\u0259b ed\u0259r\u0259k Moskvan\u0131n \u00fcnvan\u0131na t\u0259nqidi fikirl\u0259r s\u0259sl\u0259ndiribl\u0259r. Bu aksiyalar 2018-ci&hellip;","_links":{"self":[{"href":"https:\/\/arantv.az\/index.php?rest_route=\/wp\/v2\/posts\/515733"}],"collection":[{"href":"https:\/\/arantv.az\/index.php?rest_route=\/wp\/v2\/posts"}],"about":[{"href":"https:\/\/arantv.az\/index.php?rest_route=\/wp\/v2\/types\/post"}],"author":[{"embeddable":true,"href":"https:\/\/arantv.az\/index.php?rest_route=\/wp\/v2\/users\/2"}],"replies":[{"embeddable":true,"href":"https:\/\/arantv.az\/index.php?rest_route=%2Fwp%2Fv2%2Fcomments&post=515733"}],"version-history":[{"count":0,"href":"https:\/\/arantv.az\/index.php?rest_route=\/wp\/v2\/posts\/515733\/revisions"}],"wp:featuredmedia":[{"embeddable":true,"href":"https:\/\/arantv.az\/index.php?rest_route=\/wp\/v2\/media\/515734"}],"wp:attachment":[{"href":"https:\/\/arantv.az\/index.php?rest_route=%2Fwp%2Fv2%2Fmedia&parent=515733"}],"wp:term":[{"taxonomy":"category","embeddable":true,"href":"https:\/\/arantv.az\/index.php?rest_route=%2Fwp%2Fv2%2Fcategories&post=515733"},{"taxonomy":"post_tag","embeddable":true,"href":"https:\/\/arantv.az\/index.php?rest_route=%2Fwp%2Fv2%2Ftags&post=515733"}],"curies":[{"name":"wp","href":"https:\/\/api.w.org\/{rel}","templated":true}]}}