{"id":515736,"date":"2022-09-21T14:23:35","date_gmt":"2022-09-21T11:23:35","guid":{"rendered":"https:\/\/arantv.az\/?p=515736"},"modified":"2022-09-21T14:23:35","modified_gmt":"2022-09-21T11:23:35","slug":"xaricd%c9%99-erm%c9%99ni-t%c9%99xribatlarina-sivil-sip%c9%99r-ciy%c9%99rimiz-yandi-amma-hec-zaman-%c9%99zilm%c9%99dik-foto","status":"publish","type":"post","link":"https:\/\/arantv.az\/?p=515736","title":{"rendered":"Xaricd\u0259 erm\u0259ni t\u0259xribatlar\u0131na sivil sip\u0259r: \u201cCiy\u0259rimiz yand\u0131, amma he\u00e7 zaman \u0259zilm\u0259dik\u201d &#8211; FOTO"},"content":{"rendered":"<p>V\u0259t\u0259n m\u00fcharib\u0259si d\u00f6vr\u00fcnd\u0259 d\u00fcnya az\u0259rbaycanl\u0131lar\u0131n\u0131n birl\u0259\u015f\u0259r\u0259k Ordumuza, haqq s\u0259simiz\u0259 d\u0259st\u0259yinin \u015fahidi olduq. Onlar\u0131n aras\u0131nda adi v\u0259t\u0259nda\u015flar, diaspor n\u00fcmay\u0259nd\u0259l\u0259ri, i\u015f adamlar\u0131 &#8211;\u00a0h\u0259r k\u0259s\u0259 rast g\u0259lm\u0259k m\u00fcmk\u00fcn idi.<\/p>\n<p>Sentyabr\u0131n 12-d\u0259 gec\u0259 saatlar\u0131nda Erm\u0259nistan silahl\u0131 q\u00fcvv\u0259l\u0259rinin b\u00f6lm\u0259l\u0259ri Az\u0259rbaycan-Erm\u0259nistan d\u00f6vl\u0259t s\u0259rh\u0259dinin Da\u015fk\u0259s\u0259n, K\u0259lb\u0259c\u0259r v\u0259 La\u00e7\u0131n istiqam\u0259tl\u0259rind\u0259 geni\u015fmiqyasl\u0131 t\u0259xribat t\u00f6r\u0259tdil\u0259r. Bu \u0259m\u0259ll\u0259rin qar\u015f\u0131s\u0131n\u0131n d\u0259rhal al\u0131nmas\u0131 m\u0259qs\u0259dil\u0259 Az\u0259rbaycan Ordusunun b\u00f6lm\u0259l\u0259ri t\u0259r\u0259find\u0259n g\u00f6r\u00fcl\u0259n t\u0259xir\u0259sal\u0131nmaz t\u0259dbirl\u0259r n\u0259tic\u0259sind\u0259 d\u00f6y\u00fc\u015f toqqu\u015fmas\u0131 ba\u015f verdi. Son m\u0259lumatlara g\u00f6r\u0259, 80 h\u0259rb\u00e7imiz \u015f\u0259hid oldu.<\/p>\n<div class=\"AdviadNativeVideo\"><\/div>\n<p>Bu hadis\u0259d\u0259n sonra xaricd\u0259 erm\u0259nil\u0259rin az\u0259rbaycanl\u0131lara qar\u015f\u0131 t\u0259xribatlar\u0131 yenid\u0259n q\u0131z\u0131\u015fd\u0131. Bir ne\u00e7\u0259 s\u0259firliyimiz\u0259 erm\u0259nil\u0259r h\u00fccum etdil\u0259r. Eyni zamanda m\u0259d\u0259niyy\u0259t, inc\u0259s\u0259n\u0259t, siyas\u0259t v\u0259 dig\u0259r sah\u0259l\u0259rd\u0259 d\u0259 m\u0259nfur \u0259m\u0259ll\u0259rini dayand\u0131rm\u0131rlar.<\/p>\n<p>Bel\u0259 t\u0259xribatlara qar\u015f\u0131 nec\u0259 m\u00fcbariz\u0259 apar\u0131lmal\u0131d\u0131r?<\/p>\n<p><strong>Oxu.Az<\/strong>-\u0131n \u0259m\u0259kda\u015f\u0131 m\u00f6vzu il\u0259 ba\u011fl\u0131 bir ne\u00e7\u0259 diaspor n\u00fcmay\u0259nd\u0259si il\u0259 dan\u0131\u015f\u0131b.<\/p>\n<p>\u201cAna V\u0259t\u0259n\u201d Avropa Az\u0259rbaycanl\u0131 Qad\u0131nlar Birliyinin s\u0259dri, Niderland v\u0259 Bel\u00e7ikada\u00a0ya\u015fayan az\u0259rbaycanl\u0131lar\u0131n Koordinasiya \u015euras\u0131n\u0131n \u0259laq\u0259l\u0259ndiricisi\u00a0<strong>Mais\u0259 A\u011famirz\u0259yeva<\/strong>\u00a0ba\u015f ver\u0259n hadis\u0259l\u0259r\u0259 bigan\u0259 qalmad\u0131qlar\u0131n\u0131 deyib:<\/p>\n<p><img src=\"https:\/\/cdn.oxu.az\/uploads\/W1siZiIsIjIwMjIvMDkvMjEvMTMvMzIvMzkvN2RlNWE1ZWItYjIwNy00YWZlLWJmZDQtYzE3ZmU0YjhjOTE0L0ZvdG9KZXQgKDc4KS5qcGciXSxbInAiLCJlbmNvZGUiLCJqcGciLCItcXVhbGl0eSA4MCJdLFsicCIsInRodW1iIiwiNTkweDU5MFx1MDAzZSJdXQ?sha=48781c15392c0f7a\" alt=\"\" \/>\u201cAvropa Parlamentin\u0259, Niderland\u00a0Xarici \u0130\u015fl\u0259r Nazirliyin\u0259 v\u0259 dig\u0259r aidiyy\u0259ti qurumlara b\u0259yanat g\u00f6nd\u0259rdik. Bu b\u0259yanatlarda Az\u0259rbaycan\u0131n yenid\u0259nqurma i\u015fl\u0259ri apard\u0131\u011f\u0131 \u0259razil\u0259rind\u0259 erm\u0259nil\u0259rin i\u015f\u011fal\u00e7\u0131, t\u0259xribat\u00e7\u0131 siyas\u0259tind\u0259n b\u0259hs etdik.<\/p>\n<p>Sentyabr\u0131n 18-d\u0259 Niderland v\u0259 Bel\u00e7ika Az\u0259rbaycan Koordinasiya \u015euras\u0131n\u0131n t\u0259\u015fkilatlar\u0131ndan biri, Az\u0259rbaycan Niderland Odlar Yurdu C\u0259miyy\u0259tinin s\u0259dri Fir\u0259ngiz Ba\u011f\u0131rovan\u0131n t\u0259\u015fkilat\u00e7\u0131l\u0131\u011f\u0131 v\u0259 t\u0259\u015f\u0259bb\u00fcs\u00fc il\u0259 \u015f\u0259hidl\u0259rin an\u0131m t\u0259dbiri ke\u00e7irildi, soyda\u015flar\u0131m\u0131z\u00a0da i\u015ftirak etdil\u0259r\u201d.<\/p>\n<p>M.A\u011famirz\u0259yeva s\u0259drlik etdiyi t\u0259\u015fkilat\u0131n Haaqan\u0131n m\u0259rk\u0259zi k\u00fc\u00e7\u0259l\u0259rind\u0259 icaz\u0259li piket ke\u00e7irdiyini qeyd edib:<\/p>\n<p>\u201cHaaqan\u0131n m\u0259rk\u0259zi k\u00fc\u00e7\u0259sind\u0259 ke\u00e7irdiyimiz piketd\u0259 s\u00fclh ist\u0259diyimizi bildirdik. Bununla yana\u015f\u0131, erm\u0259ni i\u015f\u011fal\u00e7\u0131lar\u0131na plakatlarla b\u0259yanatlar g\u00f6nd\u0259rdik, \u015f\u00fcarlardan istifad\u0259 etdik.\u00a0\u201cS\u00fclh m\u00fcqavil\u0259sini imzala!\u201d, \u201c\u0130\u015f\u011fal\u00e7\u0131 siyas\u0259tind\u0259n \u0259l \u00e7\u0259k!\u201d, \u201cMinalama siyas\u0259tind\u0259n \u0259l \u00e7\u0259k!\u201d, \u201cKommunikasiyalar\u0131 b\u0259rpa et!\u201d, \u201cC\u0259nubi Qafqazda \u00fc\u00e7\u00fcnc\u00fc \u00f6lk\u0259l\u0259rin mara\u011f\u0131na xidm\u0259t ed\u0259n siyas\u0259t y\u00fcr\u00fctm\u0259!\u201d \u015f\u00fcarlar\u0131n\u0131 s\u0259sl\u0259ndirdik.<\/p>\n<p>Biz burada m\u00fcbariz\u0259miz\u0259 davam ed\u0259c\u0259yik. Xalq\u0131m\u0131za d\u0259st\u0259k olma\u011fa \u00e7al\u0131\u015f\u0131r\u0131q. Beyn\u0259lxalq ictimaiyy\u0259td\u0259n Erm\u0259nistan\u0131n t\u0259cav\u00fczkar siyas\u0259tinin qar\u015f\u0131s\u0131n\u0131 almaq \u00fc\u00e7\u00fcn t\u0259zyiql\u0259ri g\u00fccl\u0259ndirm\u0259yi t\u0259l\u0259b edirik\u201d.<\/p>\n<p>Paris Az\u0259rbaycan Evinin r\u0259hb\u0259ri, Fransada Az\u0259rbaycan Dostlar\u0131 Assosiasiyas\u0131n\u0131n ba\u015f katibi\u00a0<strong>Mirvari F\u0259t\u0259liyeva<\/strong>\u00a0Fransada erm\u0259ni t\u0259r\u0259fdarlar\u0131n\u0131n daha \u00e7ox oldu\u011funu bildirib:<\/p>\n<p><img src=\"https:\/\/cdn.oxu.az\/uploads\/W1siZiIsIjIwMjIvMDkvMjEvMTMvMzEvNTcvOTg4MWE4NjAtMjJlOS00OWYxLTlmMTEtZTY2OWUyN2ZmMmMwL0ZvdG9KZXQgKDc3KS5qcGciXSxbInAiLCJlbmNvZGUiLCJqcGciLCItcXVhbGl0eSA4MCJdLFsicCIsInRodW1iIiwiNTkweDU5MFx1MDAzZSJdXQ?sha=6196f1d4507f4e69\" alt=\"\" \/>\u201cH\u0259r iki t\u0259\u015fkilat 12-13 sentyabr tarixl\u0259rind\u0259 Erm\u0259nistan t\u0259r\u0259find\u0259n t\u00f6r\u0259dil\u0259n t\u0259xribat il\u0259 ba\u011fl\u0131 b\u0259yanatlar verdi. Bu b\u0259yanatlar\u00a0Fransa h\u00f6kum\u0259tin\u0259, parlamentin\u0259, senat\u0131na \u00fcnvanlanm\u0131\u015fd\u0131. T\u0259bii ki, sosial \u015f\u0259b\u0259k\u0259l\u0259rd\u0259 d\u0259 bu sava\u015f davam edir.<\/p>\n<p>\u00c7ox t\u0259\u0259ss\u00fcf ki, Fransa ictimaiyy\u0259tind\u0259 Az\u0259rbaycan\u0131n aqressiv bir \u00f6lk\u0259 oldu\u011funu dem\u0259y\u0259 \u00e7al\u0131\u015f\u0131rlar. Halbuki \u0259razi b\u00fct\u00f6vl\u00fcy\u00fcm\u00fcz\u0259 g\u00f6z dik\u0259n Erm\u0259nistand\u0131r. Lakin burada f\u0259aliyy\u0259t g\u00f6st\u0259r\u0259n bir \u00e7ox erm\u0259ni diaspor t\u0259\u015fkilat\u0131 bunun \u0259ksini s\u00fcbut etm\u0259y\u0259 \u00e7al\u0131\u015f\u0131r. Biz d\u0259 bunu \u00e7ox g\u00f6z\u0259l bilirik\u201d.<\/p>\n<p>M.F\u0259t\u0259liyeva\u00a0erm\u0259ni m\u0259n\u015f\u0259li frans\u0131zlar\u0131n informasiya sava\u015f\u0131nda mane\u0259l\u0259r t\u00f6r\u0259tdikl\u0259rini qeyd edib:<\/p>\n<p>\u201cSosial \u015f\u0259b\u0259k\u0259l\u0259rd\u0259 m\u00fcbariz\u0259 \u00e7ox \u00e7\u0259tindir. \u00c7ox az\u0131q. Buna baxmayaraq, aktiv \u015f\u0259kild\u0259 f\u0259aliyy\u0259t g\u00f6st\u0259rm\u0259y\u0259 \u00e7al\u0131\u015f\u0131r\u0131q. Yalan m\u0259lumatlar\u0131n yay\u0131lmas\u0131na imkan vermirik. Burada erm\u0259ni m\u0259n\u015f\u0259li frans\u0131zlar \u00e7oxdur. 500 000-d\u0259n \u00e7oxdurlar. Bu da sosial \u015f\u0259b\u0259k\u0259l\u0259rd\u0259 informasiya sava\u015f\u0131nda biz\u0259 mane\u0259l\u0259r t\u00f6r\u0259dir. \u00dcmid edirik ki, tez bir zamanda bu m\u0259s\u0259l\u0259 h\u0259ll olunar. M\u00fcz\u0259ff\u0259r Ordumuza u\u011furlar dil\u0259yirik. \u00d6lk\u0259mizin daim yan\u0131nda olaca\u011f\u0131q\u201d.<\/p>\n<p>Ukrayna Az\u0259rbaycanl\u0131lar\u0131 Birl\u0259\u015fmi\u015f Diasporunun s\u0259dri\u00a0<strong>Hikm\u0259t Cavadov<\/strong>\u00a0is\u0259 Ukrayna ictimaiyy\u0259tini bu m\u0259s\u0259l\u0259 il\u0259 ba\u011fl\u0131 m\u0259lumatland\u0131rd\u0131qlar\u0131n\u0131 s\u00f6yl\u0259yib:<\/p>\n<p><img src=\"https:\/\/cdn.oxu.az\/uploads\/W1siZiIsIjIwMjIvMDkvMjEvMTMvMzUvMjEvMjRkMGM0NWUtNjIyMy00NjEyLWFlMzItMTAwODMxMDc2MzVmL0ZvdG9KZXQgKDc5KS5qcGciXSxbInAiLCJlbmNvZGUiLCJqcGciLCItcXVhbGl0eSA4MCJdLFsicCIsInRodW1iIiwiNTkweDU5MFx1MDAzZSJdXQ?sha=de81d368f64de80c\" alt=\"\" \/>\u201cErm\u0259nil\u0259rin t\u0259xribat\u0131 il\u0259 ba\u011fl\u0131 Ukraynan\u0131n \u0259n apar\u0131c\u0131 media, K\u0130V-d\u0259 m\u0259qal\u0259l\u0259r d\u0259rc olundu.\u00a0 Ukrayna Az\u0259rbaycanl\u0131lar\u0131n\u0131n Birl\u0259\u015fmi\u015f Diasporu bu m\u0259s\u0259l\u0259l\u0259ri i\u015f\u0131qland\u0131rd\u0131. Erm\u0259ni t\u0259xribatlar\u0131 il\u0259 ba\u011fl\u0131 b\u0259yanatlar yay\u0131ld\u0131. Ukraynan\u0131n Xarici \u0130\u015fl\u0259r Nazirliyin\u0259, beyn\u0259lxalq t\u0259\u015fkilatlara g\u00f6nd\u0259rildi. \u00dcmumiyy\u0259tl\u0259, informasiya m\u00fcharib\u0259si art\u0131q ba\u015flay\u0131b\u201d.<\/p>\n<p>H.Cavadov \u0259lav\u0259 edib ki, informasiya m\u00fcharib\u0259si, \u0259slind\u0259, postm\u00fcharib\u0259 d\u00f6n\u0259mind\u0259n bu g\u00fcn\u0259 q\u0259d\u0259r davam edir:<\/p>\n<p>\u201cUkraynan\u0131n medias\u0131nda erm\u0259nil\u0259r t\u0259xribat xarakterli yaz\u0131lar yayma\u011fa \u00e7al\u0131\u015f\u0131rd\u0131lar. Buna qar\u015f\u0131 media vasit\u0259sil\u0259 m\u00fcbariz\u0259 apar\u0131r\u0131q. Erm\u0259nil\u0259r h\u0259mi\u015f\u0259 informasiya m\u00fcharib\u0259sini y\u00fcks\u0259k s\u0259viyy\u0259d\u0259 aparma\u011fa \u00e7al\u0131\u015f\u0131rlar. Onlar\u0131n qar\u015f\u0131s\u0131n\u0131 alma\u011fa \u00e7al\u0131\u015f\u0131r, h\u0259qiq\u0259tl\u0259ri \u00e7atd\u0131r\u0131r\u0131q\u201d.<\/p>\n<p>Skandinaviya Az\u0259rbaycanl\u0131lar\u0131n\u0131n Koordinasiya \u015euras\u0131n\u0131n \u0259laq\u0259l\u0259ndiricisi\u00a0<strong>\u0130rad\u0259 \u018fliyeva\u00a0<\/strong>informasiya m\u00fcharib\u0259sini \u00fcmumiyy\u0259tl\u0259 dayand\u0131rmad\u0131qlar\u0131n\u0131 deyib:<\/p>\n<p><img src=\"https:\/\/cdn.oxu.az\/uploads\/W1siZiIsIjIwMjIvMDkvMjEvMTMvMzcvNDAvZGY3ZWRkMzktMzU0NS00YThkLThiMzctNTBhYWM4YjI3M2Y2L0ZvdG9KZXQgKDgwKS5qcGciXSxbInAiLCJlbmNvZGUiLCJqcGciLCItcXVhbGl0eSA4MCJdLFsicCIsInRodW1iIiwiNTkweDU5MFx1MDAzZSJdXQ?sha=bfd82ae88a5d3973\" alt=\"\" \/>\u201cQaraba\u011f m\u0259s\u0259l\u0259si h\u0259r zaman g\u00fcnd\u0259md\u0259 olub. Koordinasiya \u015euras\u0131 olaraq daim insanlar\u0131 m\u0259lumatl\u0131 tuturuq. Sentyabr\u0131n 12-13-d\u0259 ba\u015f ver\u0259nl\u0259r\u0259 g\u00f6r\u0259\u00a0art\u0131q ay\u0131n 13-d\u0259 biz b\u00fct\u00fcn beyn\u0259lxalq t\u0259\u015fkilatlara b\u0259yanat g\u00f6nd\u0259rdik. \u015e\u0259hidl\u0259rimiz haqda insanlara bilgil\u0259r verdik. Bunlar\u0131n arxas\u0131nda kimin dayand\u0131\u011f\u0131 m\u0259lum m\u0259s\u0259l\u0259dir\u201d.<\/p>\n<p>\u0130.\u018fliyeva \u0259lav\u0259 edib ki, yax\u0131n g\u00fcnl\u0259rd\u0259 erm\u0259nil\u0259rin\u00a0s\u0259firliyi qar\u015f\u0131s\u0131nda dinc n\u00fcmayi\u015fl\u0259r etm\u0259yi d\u00fc\u015f\u00fcn\u00fcrl\u0259r:<\/p>\n<p>\u201cS\u00fclh olmas\u0131n\u0131 ist\u0259m\u0259y\u0259n q\u00fcvv\u0259l\u0259r var.\u00a0\u00dcmid edirik ki, Avropa \u0130ttifaq\u0131, \u0130sve\u00e7 d\u0259 daxil olmaqla, Qafqazda s\u00fclh\u00fcn olmas\u0131n\u0131n t\u0259r\u0259fdar\u0131d\u0131r.<\/p>\n<p>Yax\u0131n g\u00fcnl\u0259rd\u0259 erm\u0259ni s\u0259firliyi qar\u015f\u0131s\u0131nda dinc n\u00fcmayi\u015fl\u0259r etm\u0259yi d\u00fc\u015f\u00fcn\u00fcr\u00fck. M\u00fczakir\u0259l\u0259r edirik. \u0130caz\u0259 alaca\u011f\u0131q. T\u0259xribatlar\u0131n dayand\u0131r\u0131lmas\u0131 t\u0259l\u0259bi il\u0259\u00a0\u015f\u00fcarlar\u00a0s\u0259sl\u0259ndir\u0259c\u0259yik. Eyni zamanda \u015f\u0259hidl\u0259rimizin an\u0131m m\u0259rasiml\u0259rini ke\u00e7iririk. \u0130nformasiya \u00e7ox m\u00fch\u00fcmd\u00fcr\u201d.<\/p>\n<p>\u0130sve\u00e7r\u0259 Az\u0259rbaycanl\u0131lar\u0131n\u0131n Koordinasiya \u015euras\u0131n\u0131n r\u0259hb\u0259ri\u00a0<strong>\u018fkb\u0259r G\u0259nc\u0259\u00a0<\/strong>is\u0259 Cenevr\u0259d\u0259 Birl\u0259\u015fmi\u015f Mill\u0259tl\u0259r parlamentaril\u0259rin\u0259 bu m\u0259s\u0259l\u0259 il\u0259 ba\u011fl\u0131 m\u0259ktublar g\u00f6nd\u0259rdikl\u0259rini bildirib:<\/p>\n<p>\u201cSentyabr\u0131n 12-si v\u0259 13-d\u0259 Az\u0259rbaycan\u0131n b\u00fct\u00fcn d\u00fcnyadak\u0131 diasporunun, mill\u0259tinin \u00fcr\u0259yini da\u011flayan x\u0259b\u0259rl\u0259r ald\u0131q. Erm\u0259nil\u0259rin t\u00f6r\u0259tdikl\u0259ri t\u0259xribatlar, insanl\u0131\u011fa s\u0131\u011fmaz h\u0259r\u0259k\u0259tl\u0259ri\u00a0 ciy\u0259rimizi yand\u0131rd\u0131. Lakin he\u00e7 bir zaman \u0259zilm\u0259dik. Onlar\u0131n qar\u015f\u0131s\u0131nda yenilm\u0259dik. Etdikl\u0259ri b\u00fct\u00fcn \u00e7irkinlikl\u0259ri biz diaspor olaraq d\u00fcnya mill\u0259tl\u0259rin\u0259 dan\u0131\u015fd\u0131q.<strong><img src=\"https:\/\/cdn.oxu.az\/uploads\/W1siZiIsIjIwMjIvMDkvMjEvMTMvMzkvNDkvZTI1ZjgwNWItMWUyNi00Y2IyLWIxYzMtNTM0YmZiZmJmZDQzL0ZvdG9KZXQgKDgxKS5qcGciXSxbInAiLCJlbmNvZGUiLCJqcGciLCItcXVhbGl0eSA4MCJdLFsicCIsInRodW1iIiwiNTkweDU5MFx1MDAzZSJdXQ?sha=4872ccb3a6e3ec4c\" alt=\"\" \/><\/strong><\/p>\n<p>Parisd\u0259ki s\u0259firliyimiz\u0259 erm\u0259nil\u0259r t\u0259r\u0259find\u0259n edil\u0259n \u00e7irkin m\u00fcqavim\u0259t var. Bunun \u00f6n\u00fcn\u00fc almaq \u00fc\u00e7\u00fcn b\u00fct\u00fcn dostlar\u0131m\u0131za x\u0259b\u0259r verdik\u201d.<\/p>\n<p>\u018f.G\u0259nc\u0259 informasiya sava\u015f\u0131n\u0131 davam etdirdikl\u0259rini \u0259lav\u0259 edib:<\/p>\n<p>\u201cAz\u0259rbaycan diasporu d\u00fcnyan\u0131n h\u0259r yerind\u0259, o c\u00fcml\u0259d\u0259n \u0130sve\u00e7r\u0259d\u0259, 44 g\u00fcn boyunca haqq m\u00fcbariz\u0259sini davam etdirdi. Bundan sonra da davam etdir\u0259c\u0259yik.<\/p>\n<p>Biz kilometrl\u0259rl\u0259 uzaqda olsaq da, \u00fcr\u0259yimiz, ruhumuz h\u0259r zaman Az\u0259rbaycan mill\u0259tinin yan\u0131ndad\u0131r. Daim\u00a0d\u0259st\u0259k olaca\u011f\u0131q\u201d.<\/p>\n","protected":false},"excerpt":{"rendered":"<p>V\u0259t\u0259n m\u00fcharib\u0259si d\u00f6vr\u00fcnd\u0259 d\u00fcnya az\u0259rbaycanl\u0131lar\u0131n\u0131n birl\u0259\u015f\u0259r\u0259k Ordumuza, haqq s\u0259simiz\u0259 d\u0259st\u0259yinin \u015fahidi olduq. Onlar\u0131n aras\u0131nda adi v\u0259t\u0259nda\u015flar, diaspor n\u00fcmay\u0259nd\u0259l\u0259ri, i\u015f adamlar\u0131 &#8211;\u00a0h\u0259r k\u0259s\u0259 rast g\u0259lm\u0259k m\u00fcmk\u00fcn idi. Sentyabr\u0131n 12-d\u0259 gec\u0259 saatlar\u0131nda Erm\u0259nistan silahl\u0131 q\u00fcvv\u0259l\u0259rinin b\u00f6lm\u0259l\u0259ri Az\u0259rbaycan-Erm\u0259nistan d\u00f6vl\u0259t s\u0259rh\u0259dinin Da\u015fk\u0259s\u0259n, K\u0259lb\u0259c\u0259r v\u0259 La\u00e7\u0131n istiqam\u0259tl\u0259rind\u0259 geni\u015fmiqyasl\u0131 t\u0259xribat t\u00f6r\u0259tdil\u0259r. Bu \u0259m\u0259ll\u0259rin qar\u015f\u0131s\u0131n\u0131n d\u0259rhal al\u0131nmas\u0131 m\u0259qs\u0259dil\u0259 Az\u0259rbaycan Ordusunun b\u00f6lm\u0259l\u0259ri t\u0259r\u0259find\u0259n g\u00f6r\u00fcl\u0259n t\u0259xir\u0259sal\u0131nmaz t\u0259dbirl\u0259r n\u0259tic\u0259sind\u0259 d\u00f6y\u00fc\u015f toqqu\u015fmas\u0131 ba\u015f verdi. Son m\u0259lumatlara g\u00f6r\u0259, 80 h\u0259rb\u00e7imiz \u015f\u0259hid oldu. Bu hadis\u0259d\u0259n sonra xaricd\u0259 erm\u0259nil\u0259rin az\u0259rbaycanl\u0131lara qar\u015f\u0131 t\u0259xribatlar\u0131 yenid\u0259n q\u0131z\u0131\u015fd\u0131. Bir ne\u00e7\u0259 s\u0259firliyimiz\u0259 erm\u0259nil\u0259r h\u00fccum etdil\u0259r. Eyni zamanda m\u0259d\u0259niyy\u0259t, inc\u0259s\u0259n\u0259t,&hellip;<\/p>\n","protected":false},"author":2,"featured_media":515737,"comment_status":"closed","ping_status":"closed","sticky":false,"template":"","format":"standard","meta":{"om_disable_all_campaigns":false,"_monsterinsights_skip_tracking":false,"_monsterinsights_sitenote_active":false,"_monsterinsights_sitenote_note":"","_monsterinsights_sitenote_category":0},"categories":[4],"tags":[],"aioseo_notices":[],"gutentor_comment":0,"rttpg_featured_image_url":{"full":["https:\/\/arantv.az\/wp-content\/uploads\/2022\/09\/FotoJet-82-2.jpg",620,413,false],"landscape":["https:\/\/arantv.az\/wp-content\/uploads\/2022\/09\/FotoJet-82-2.jpg",620,413,false],"portraits":["https:\/\/arantv.az\/wp-content\/uploads\/2022\/09\/FotoJet-82-2.jpg",620,413,false],"thumbnail":["https:\/\/arantv.az\/wp-content\/uploads\/2022\/09\/FotoJet-82-2-500x280.jpg",500,280,true],"medium":["https:\/\/arantv.az\/wp-content\/uploads\/2022\/09\/FotoJet-82-2-548x365.jpg",548,365,true],"large":["https:\/\/arantv.az\/wp-content\/uploads\/2022\/09\/FotoJet-82-2.jpg",620,413,false],"1536x1536":["https:\/\/arantv.az\/wp-content\/uploads\/2022\/09\/FotoJet-82-2.jpg",620,413,false],"2048x2048":["https:\/\/arantv.az\/wp-content\/uploads\/2022\/09\/FotoJet-82-2.jpg",620,413,false],"post-thumbnail":["https:\/\/arantv.az\/wp-content\/uploads\/2022\/09\/FotoJet-82-2-240x172.jpg",240,172,true],"advps-thumb-one":["https:\/\/arantv.az\/wp-content\/uploads\/2022\/09\/FotoJet-82-2.jpg",620,413,false]},"rttpg_author":{"display_name":"V\u00fcsal Rafiqo\u011flu","author_link":"https:\/\/arantv.az\/?author=2"},"rttpg_comment":0,"rttpg_category":"<a href=\"https:\/\/arantv.az\/?cat=4\" rel=\"category\">Siyas\u0259t<\/a>","rttpg_excerpt":"V\u0259t\u0259n m\u00fcharib\u0259si d\u00f6vr\u00fcnd\u0259 d\u00fcnya az\u0259rbaycanl\u0131lar\u0131n\u0131n birl\u0259\u015f\u0259r\u0259k Ordumuza, haqq s\u0259simiz\u0259 d\u0259st\u0259yinin \u015fahidi olduq. Onlar\u0131n aras\u0131nda adi v\u0259t\u0259nda\u015flar, diaspor n\u00fcmay\u0259nd\u0259l\u0259ri, i\u015f adamlar\u0131 &#8211;\u00a0h\u0259r k\u0259s\u0259 rast g\u0259lm\u0259k m\u00fcmk\u00fcn idi. Sentyabr\u0131n 12-d\u0259 gec\u0259 saatlar\u0131nda Erm\u0259nistan silahl\u0131 q\u00fcvv\u0259l\u0259rinin b\u00f6lm\u0259l\u0259ri Az\u0259rbaycan-Erm\u0259nistan d\u00f6vl\u0259t s\u0259rh\u0259dinin Da\u015fk\u0259s\u0259n, K\u0259lb\u0259c\u0259r v\u0259 La\u00e7\u0131n istiqam\u0259tl\u0259rind\u0259 geni\u015fmiqyasl\u0131 t\u0259xribat t\u00f6r\u0259tdil\u0259r. Bu \u0259m\u0259ll\u0259rin qar\u015f\u0131s\u0131n\u0131n d\u0259rhal al\u0131nmas\u0131 m\u0259qs\u0259dil\u0259 Az\u0259rbaycan Ordusunun b\u00f6lm\u0259l\u0259ri t\u0259r\u0259find\u0259n&hellip;","_links":{"self":[{"href":"https:\/\/arantv.az\/index.php?rest_route=\/wp\/v2\/posts\/515736"}],"collection":[{"href":"https:\/\/arantv.az\/index.php?rest_route=\/wp\/v2\/posts"}],"about":[{"href":"https:\/\/arantv.az\/index.php?rest_route=\/wp\/v2\/types\/post"}],"author":[{"embeddable":true,"href":"https:\/\/arantv.az\/index.php?rest_route=\/wp\/v2\/users\/2"}],"replies":[{"embeddable":true,"href":"https:\/\/arantv.az\/index.php?rest_route=%2Fwp%2Fv2%2Fcomments&post=515736"}],"version-history":[{"count":0,"href":"https:\/\/arantv.az\/index.php?rest_route=\/wp\/v2\/posts\/515736\/revisions"}],"wp:featuredmedia":[{"embeddable":true,"href":"https:\/\/arantv.az\/index.php?rest_route=\/wp\/v2\/media\/515737"}],"wp:attachment":[{"href":"https:\/\/arantv.az\/index.php?rest_route=%2Fwp%2Fv2%2Fmedia&parent=515736"}],"wp:term":[{"taxonomy":"category","embeddable":true,"href":"https:\/\/arantv.az\/index.php?rest_route=%2Fwp%2Fv2%2Fcategories&post=515736"},{"taxonomy":"post_tag","embeddable":true,"href":"https:\/\/arantv.az\/index.php?rest_route=%2Fwp%2Fv2%2Ftags&post=515736"}],"curies":[{"name":"wp","href":"https:\/\/api.w.org\/{rel}","templated":true}]}}