{"id":515756,"date":"2022-09-21T14:51:03","date_gmt":"2022-09-21T11:51:03","guid":{"rendered":"https:\/\/arantv.az\/?p=515756"},"modified":"2022-09-21T14:51:03","modified_gmt":"2022-09-21T11:51:03","slug":"erm%c9%99nistan-ktmt-d%c9%99n-cixmagi-muzakir%c9%99-edir-rusiya-texnologiyalari-il%c9%99-biz-h%c9%99mis%c9%99-az%c9%99rbaycana-uduzacagiq","status":"publish","type":"post","link":"https:\/\/arantv.az\/?p=515756","title":{"rendered":"Erm\u0259nistan KTMT-d\u0259n \u00e7\u0131xma\u011f\u0131 m\u00fczakir\u0259 edir: \u201cRusiya texnologiyalar\u0131 il\u0259 biz h\u0259mi\u015f\u0259 Az\u0259rbaycana uduzaca\u011f\u0131q\u201d"},"content":{"rendered":"<p>Erm\u0259nistan ba\u015f naziri Nikol Pa\u015finyanla parlamentd\u0259nk\u0259nar q\u00fcvv\u0259l\u0259r aras\u0131nda bu g\u00fcn ke\u00e7iril\u0259n g\u00f6r\u00fc\u015fd\u0259 Rusiyan\u0131n r\u0259hb\u0259rlik etdiyi Kollektiv T\u0259hl\u00fck\u0259sizlik M\u00fcqavil\u0259si T\u0259\u015fkilat\u0131 (KTMT) h\u0259rbi blokundan \u00e7\u0131xmaq m\u0259s\u0259l\u0259si m\u00fczakir\u0259 olunub.<\/p>\n<p>Bu bar\u0259d\u0259 Erm\u0259nistan\u0131n \u201cRespublika\u201d partiyas\u0131n\u0131n s\u0259dri Aram Sarkisyan jurnalistl\u0259r\u0259 bildirib.<\/p>\n<div class=\"AdviadNativeVideo\"><\/div>\n<p>Sarkisyan v\u0259 iclasda i\u015ftirak ed\u0259n bir ne\u00e7\u0259 h\u0259mkar\u0131 \u0130r\u0259van\u0131n KTMT \u00fczvl\u00fcy\u00fcn\u0259 d\u0259rhal xitam verilm\u0259si il\u0259 ba\u011fl\u0131 t\u0259klif s\u0259sl\u0259ndirib.<\/p>\n<p>Sarkisyan, h\u0259m\u00e7inin bundan sonra at\u0131lacaq z\u0259ruri add\u0131mlar bar\u0259d\u0259 sual\u0131 cavabland\u0131r\u0131b.<\/p>\n<p>\u201cD\u00fcnyada he\u00e7 bir h\u0259rbi ittifaqa daxil olmayan \u00e7oxlu \u00f6lk\u0259l\u0259r var. M\u0259s\u0259l\u0259n, \u0130ordaniya he\u00e7 bir h\u0259rbi alyans\u0131n \u00fczv\u00fc deyil. V\u0259 yaxud \u0130srail he\u00e7 bir h\u0259rbi alyans\u0131n \u00fczv\u00fc deyil, lakin AB\u015e-\u0131n t\u0259r\u0259fda\u015f\u0131d\u0131r. AB\u015e h\u0259r il \u0130ordaniyaya 800 milyon dollar d\u0259y\u0259rind\u0259 h\u0259rbi yard\u0131m g\u00f6st\u0259rir. M\u0259nim hesablamalar\u0131ma g\u00f6r\u0259, bel\u0259 halda Erm\u0259nistana h\u0259r il 400 milyon dollar m\u0259bl\u0259\u011find\u0259 h\u0259rbi yard\u0131m g\u00f6st\u0259ril\u0259 bil\u0259r. Erm\u0259nistan hakimiyy\u0259tind\u0259n KTMT-d\u0259n \u00e7\u0131xmaqla ba\u011fl\u0131 effektiv add\u0131mlar g\u00f6zl\u0259yir\u0259m. V\u0259 h\u0259m\u00e7inin onlar qar\u015f\u0131s\u0131nda bu t\u0259l\u0259bi qoyuram.<\/p>\n<p>\u018fg\u0259r buna nail olsalar, lap yax\u015f\u0131, olmasalar da, bu, onlar\u0131n problemidir. Biz Rusiya bataql\u0131\u011f\u0131nday\u0131q v\u0259 bu bataql\u0131q bizd\u0259n bir \u015fey ist\u0259yir: Mehri d\u0259hlizi. Az\u0259rbaycan da bizd\u0259n bir \u015fey ist\u0259yir: onun \u0259razi b\u00fct\u00f6vl\u00fcy\u00fcn\u00fc tan\u0131ma\u011f\u0131m\u0131z\u0131 v\u0259 Qaraba\u011fdan imtina etm\u0259yimizi. Biz bu v\u0259ziyy\u0259td\u0259n \u00e7\u0131xa bilirik, ya yox? Bu v\u0259ziyy\u0259td\u0259n \u00e7\u0131xa bilmiriks\u0259, o zaman h\u0259m d\u0259hlizin verilm\u0259si, h\u0259m d\u0259 Qaraba\u011fdan imtina edilm\u0259si variant\u0131 il\u0259 raz\u0131la\u015fm\u0131\u015f oluruq. V\u0259 bu g\u00fcn biz\u0259 bir \u0259l uzad\u0131l\u0131b, \u0259g\u0259r bu \u0259ld\u0259n istifad\u0259 ets\u0259k, qeyd edil\u0259n variantla raz\u0131la\u015fmaya bil\u0259rik\u201d, &#8211; dey\u0259 Sarkisyan bildirib.<\/p>\n<p>Sarkisyan h\u0259m\u00e7inin Erm\u0259nistan\u0131n AB\u015e-dan h\u0259rbi \u0259m\u0259kda\u015fl\u0131q t\u0259klifi al\u0131b-almamas\u0131 il\u0259 ba\u011fl\u0131 sual\u0131 da cavabland\u0131r\u0131b. O qeyd edib ki, AB\u015e Konqresinin N\u00fcmay\u0259nd\u0259l\u0259r Palatas\u0131 s\u0259drinin \u0130r\u0259vana s\u0259f\u0259rini m\u00fcsb\u0259t cavab hesab etm\u0259k olar. Nensi Pelosi ictimai b\u0259yanatlar\u0131nda bu q\u0259bild\u0259n\u00a0 birba\u015fa t\u0259klifl\u0259r s\u0259sl\u0259ndirm\u0259s\u0259 d\u0259, Sarkisyan bu s\u0259f\u0259rin a\u00e7\u0131q mesaj oldu\u011funu iddia edir.<\/p>\n<p>\u201cNensi Pelosi a\u00e7\u0131q \u015f\u0259kild\u0259 Erm\u0259nistana \u0259lini uzad\u0131r v\u0259 bizi b\u00fct\u00fcn m\u0259s\u0259l\u0259l\u0259rd\u0259 d\u0259st\u0259kl\u0259m\u0259y\u0259 haz\u0131r oldu\u011funu deyir\u201d, &#8211; dey\u0259 \u201cRespublika\u201d partiyas\u0131n\u0131n r\u0259hb\u0259ri \u0259lav\u0259 edib.<\/p>\n<p>Sarkisyan \u0259mindir ki, yegan\u0259 mane\u0259 Erm\u0259nistan\u0131n KTMT-y\u0259 \u00fczv olmas\u0131d\u0131r. \u201cOnlar r\u0259qib v\u0259 ya d\u00fc\u015fm\u0259n olan \u00f6lk\u0259nin r\u0259hb\u0259rlik etdiyi h\u0259rbi blokun \u00fczv\u00fc olan \u00f6lk\u0259y\u0259 yeni texnologiyalar vermirl\u0259r. Y\u0259ni KTMT-y\u0259 \u00fczv olma\u011f\u0131m\u0131z yeni h\u0259rbi texnologiyalarla silah v\u0259 sursat alma\u011f\u0131m\u0131za mane olur. Rusiya silah v\u0259 sursatlar\u0131 il\u0259, Rusiya texnologiyalar\u0131 il\u0259 is\u0259 biz h\u0259mi\u015f\u0259 Az\u0259rbaycana uduzaca\u011f\u0131q\u201d, &#8211; dey\u0259 Aram Sarkisyan \u0259min oldu\u011funu bildirib.<\/p>\n<p>M\u0259nb\u0259: Radio \u201cAzatutyun\u201d<\/p>\n","protected":false},"excerpt":{"rendered":"<p>Erm\u0259nistan ba\u015f naziri Nikol Pa\u015finyanla parlamentd\u0259nk\u0259nar q\u00fcvv\u0259l\u0259r aras\u0131nda bu g\u00fcn ke\u00e7iril\u0259n g\u00f6r\u00fc\u015fd\u0259 Rusiyan\u0131n r\u0259hb\u0259rlik etdiyi Kollektiv T\u0259hl\u00fck\u0259sizlik M\u00fcqavil\u0259si T\u0259\u015fkilat\u0131 (KTMT) h\u0259rbi blokundan \u00e7\u0131xmaq m\u0259s\u0259l\u0259si m\u00fczakir\u0259 olunub. Bu bar\u0259d\u0259 Erm\u0259nistan\u0131n \u201cRespublika\u201d partiyas\u0131n\u0131n s\u0259dri Aram Sarkisyan jurnalistl\u0259r\u0259 bildirib. Sarkisyan v\u0259 iclasda i\u015ftirak ed\u0259n bir ne\u00e7\u0259 h\u0259mkar\u0131 \u0130r\u0259van\u0131n KTMT \u00fczvl\u00fcy\u00fcn\u0259 d\u0259rhal xitam verilm\u0259si il\u0259 ba\u011fl\u0131 t\u0259klif s\u0259sl\u0259ndirib. Sarkisyan, h\u0259m\u00e7inin bundan sonra at\u0131lacaq z\u0259ruri add\u0131mlar bar\u0259d\u0259 sual\u0131 cavabland\u0131r\u0131b. \u201cD\u00fcnyada he\u00e7 bir h\u0259rbi ittifaqa daxil olmayan \u00e7oxlu \u00f6lk\u0259l\u0259r var. M\u0259s\u0259l\u0259n, \u0130ordaniya he\u00e7 bir h\u0259rbi alyans\u0131n \u00fczv\u00fc deyil. V\u0259 yaxud \u0130srail he\u00e7 bir h\u0259rbi alyans\u0131n \u00fczv\u00fc&hellip;<\/p>\n","protected":false},"author":2,"featured_media":515757,"comment_status":"closed","ping_status":"closed","sticky":false,"template":"","format":"standard","meta":{"om_disable_all_campaigns":false,"_monsterinsights_skip_tracking":false,"_monsterinsights_sitenote_active":false,"_monsterinsights_sitenote_note":"","_monsterinsights_sitenote_category":0},"categories":[10],"tags":[],"aioseo_notices":[],"gutentor_comment":0,"rttpg_featured_image_url":{"full":["https:\/\/arantv.az\/wp-content\/uploads\/2022\/09\/306860442_2297584090392174_1961681768049136738_n.jpg",620,413,false],"landscape":["https:\/\/arantv.az\/wp-content\/uploads\/2022\/09\/306860442_2297584090392174_1961681768049136738_n.jpg",620,413,false],"portraits":["https:\/\/arantv.az\/wp-content\/uploads\/2022\/09\/306860442_2297584090392174_1961681768049136738_n.jpg",620,413,false],"thumbnail":["https:\/\/arantv.az\/wp-content\/uploads\/2022\/09\/306860442_2297584090392174_1961681768049136738_n-500x280.jpg",500,280,true],"medium":["https:\/\/arantv.az\/wp-content\/uploads\/2022\/09\/306860442_2297584090392174_1961681768049136738_n-548x365.jpg",548,365,true],"large":["https:\/\/arantv.az\/wp-content\/uploads\/2022\/09\/306860442_2297584090392174_1961681768049136738_n.jpg",620,413,false],"1536x1536":["https:\/\/arantv.az\/wp-content\/uploads\/2022\/09\/306860442_2297584090392174_1961681768049136738_n.jpg",620,413,false],"2048x2048":["https:\/\/arantv.az\/wp-content\/uploads\/2022\/09\/306860442_2297584090392174_1961681768049136738_n.jpg",620,413,false],"post-thumbnail":["https:\/\/arantv.az\/wp-content\/uploads\/2022\/09\/306860442_2297584090392174_1961681768049136738_n-240x172.jpg",240,172,true],"advps-thumb-one":["https:\/\/arantv.az\/wp-content\/uploads\/2022\/09\/306860442_2297584090392174_1961681768049136738_n.jpg",620,413,false]},"rttpg_author":{"display_name":"V\u00fcsal Rafiqo\u011flu","author_link":"https:\/\/arantv.az\/?author=2"},"rttpg_comment":0,"rttpg_category":"<a href=\"https:\/\/arantv.az\/?cat=10\" rel=\"category\">C\u0259bh\u0259d\u0259n X\u0259b\u0259r<\/a>","rttpg_excerpt":"Erm\u0259nistan ba\u015f naziri Nikol Pa\u015finyanla parlamentd\u0259nk\u0259nar q\u00fcvv\u0259l\u0259r aras\u0131nda bu g\u00fcn ke\u00e7iril\u0259n g\u00f6r\u00fc\u015fd\u0259 Rusiyan\u0131n r\u0259hb\u0259rlik etdiyi Kollektiv T\u0259hl\u00fck\u0259sizlik M\u00fcqavil\u0259si T\u0259\u015fkilat\u0131 (KTMT) h\u0259rbi blokundan \u00e7\u0131xmaq m\u0259s\u0259l\u0259si m\u00fczakir\u0259 olunub. Bu bar\u0259d\u0259 Erm\u0259nistan\u0131n \u201cRespublika\u201d partiyas\u0131n\u0131n s\u0259dri Aram Sarkisyan jurnalistl\u0259r\u0259 bildirib. Sarkisyan v\u0259 iclasda i\u015ftirak ed\u0259n bir ne\u00e7\u0259 h\u0259mkar\u0131 \u0130r\u0259van\u0131n KTMT \u00fczvl\u00fcy\u00fcn\u0259 d\u0259rhal xitam verilm\u0259si il\u0259 ba\u011fl\u0131 t\u0259klif s\u0259sl\u0259ndirib. Sarkisyan,&hellip;","_links":{"self":[{"href":"https:\/\/arantv.az\/index.php?rest_route=\/wp\/v2\/posts\/515756"}],"collection":[{"href":"https:\/\/arantv.az\/index.php?rest_route=\/wp\/v2\/posts"}],"about":[{"href":"https:\/\/arantv.az\/index.php?rest_route=\/wp\/v2\/types\/post"}],"author":[{"embeddable":true,"href":"https:\/\/arantv.az\/index.php?rest_route=\/wp\/v2\/users\/2"}],"replies":[{"embeddable":true,"href":"https:\/\/arantv.az\/index.php?rest_route=%2Fwp%2Fv2%2Fcomments&post=515756"}],"version-history":[{"count":0,"href":"https:\/\/arantv.az\/index.php?rest_route=\/wp\/v2\/posts\/515756\/revisions"}],"wp:featuredmedia":[{"embeddable":true,"href":"https:\/\/arantv.az\/index.php?rest_route=\/wp\/v2\/media\/515757"}],"wp:attachment":[{"href":"https:\/\/arantv.az\/index.php?rest_route=%2Fwp%2Fv2%2Fmedia&parent=515756"}],"wp:term":[{"taxonomy":"category","embeddable":true,"href":"https:\/\/arantv.az\/index.php?rest_route=%2Fwp%2Fv2%2Fcategories&post=515756"},{"taxonomy":"post_tag","embeddable":true,"href":"https:\/\/arantv.az\/index.php?rest_route=%2Fwp%2Fv2%2Ftags&post=515756"}],"curies":[{"name":"wp","href":"https:\/\/api.w.org\/{rel}","templated":true}]}}