{"id":51576,"date":"2019-04-19T11:22:15","date_gmt":"2019-04-19T08:22:15","guid":{"rendered":"http:\/\/arantv.az\/?p=51576"},"modified":"2019-04-19T11:22:15","modified_gmt":"2019-04-19T08:22:15","slug":"nazirl%c9%99r-iranla-az%c9%99rbaycanin-birg%c9%99-gorduyu-isl%c9%99rd%c9%99n-danisdi","status":"publish","type":"post","link":"https:\/\/arantv.az\/?p=51576","title":{"rendered":"Nazirl\u0259r \u0130ranla Az\u0259rbaycan\u0131n birg\u0259 g\u00f6rd\u00fcy\u00fc i\u015fl\u0259rd\u0259n dan\u0131\u015fd\u0131"},"content":{"rendered":"<p>Hac\u0131qabulda istehsal olunacaq avtobus v\u0259 y\u00fck avtomobill\u0259ri\u00a0xaric\u0259 d\u0259 sat\u0131lacaq.<\/p>\n<p><strong>ARANTV.AZ\u00a0<\/strong>\u00a0x\u0259b\u0259r verir ki, bu bar\u0259d\u0259\u00a0iqtisadiyyat naziri \u015eahin Mustafayev Hac\u0131qabul S\u0259naye M\u0259h\u0259ll\u0259sind\u0259 \u201cAz\u0259rma\u015f S\u0259naye\u201d MMC-nin avtobus v\u0259 y\u00fck ma\u015f\u0131nlar\u0131n\u0131n istehsal\u0131 zavodunun t\u0259m\u0259lqoyma m\u0259rasimind\u0259 m\u0259lumat verib.<\/p>\n<p>Bildirib ki,\u00a0\u0130ranla Az\u0259rbaycan aras\u0131nda ticar\u0259t \u0259laq\u0259l\u0259ri u\u011furla inki\u015faf edir. Nazirin s\u00f6zl\u0259rin\u0259 g\u00f6r\u0259, cari ilin ilk iki ay\u0131 \u0259rzind\u0259 \u00f6t\u0259n ilin m\u00fcvafiq d\u00f6vr\u00fc\u00a0il\u0259 m\u00fcqayis\u0259d\u0259, ticar\u0259t d\u00f6vriy\u0259si d\u00f6rd\u00a0d\u0259f\u0259d\u0259n \u00e7ox art\u0131b.<\/p>\n<div id=\"AdviadNativeVideo0\" class=\"AdviadNativeVideo\"><\/div>\n<p>\u201cPirallah\u0131 S\u0259nay\u0259 M\u0259h\u0259ll\u0259sind\u0259 t\u0259m\u0259li qoyulmu\u015f d\u0259rman istehsal\u0131 zavodunun tikintisi d\u0259 s\u00fcr\u0259tl\u0259ndiril\u0259c\u0259k\u201d.<\/p>\n<p>A\u00e7\u0131l\u0131\u015f m\u0259rasimind\u0259 i\u015ftirak ed\u0259n \u0130ran \u0130slam Respublikas\u0131n\u0131n s\u0259nay\u0259, m\u0259d\u0259niyy\u0259t\u00a0v\u0259 turizm naziri Rza Mehmani bildirib ki, iki \u00f6lk\u0259 aras\u0131nda ticari \u0259laq\u0259l\u0259rin inki\u015faf\u0131 \u00fc\u00e7\u00fcn b\u00f6y\u00fck potensial m\u00fcmk\u00fcnd\u00fcr. O qeyd edib ki, bunun \u00fc\u00e7\u00fcn \u015fimal-c\u0259nub, \u015f\u0259rq-q\u0259rb d\u0259hlizl\u0259rind\u0259n daha geni\u015f istifad\u0259 olunmal\u0131d\u0131r.oxu.az<\/p>\n","protected":false},"excerpt":{"rendered":"<p>Hac\u0131qabulda istehsal olunacaq avtobus v\u0259 y\u00fck avtomobill\u0259ri\u00a0xaric\u0259 d\u0259 sat\u0131lacaq. ARANTV.AZ\u00a0\u00a0x\u0259b\u0259r verir ki, bu bar\u0259d\u0259\u00a0iqtisadiyyat naziri \u015eahin Mustafayev Hac\u0131qabul S\u0259naye M\u0259h\u0259ll\u0259sind\u0259 \u201cAz\u0259rma\u015f S\u0259naye\u201d MMC-nin avtobus v\u0259 y\u00fck ma\u015f\u0131nlar\u0131n\u0131n istehsal\u0131 zavodunun t\u0259m\u0259lqoyma m\u0259rasimind\u0259 m\u0259lumat verib. Bildirib ki,\u00a0\u0130ranla Az\u0259rbaycan aras\u0131nda ticar\u0259t \u0259laq\u0259l\u0259ri u\u011furla inki\u015faf edir. Nazirin s\u00f6zl\u0259rin\u0259 g\u00f6r\u0259, cari ilin ilk iki ay\u0131 \u0259rzind\u0259 \u00f6t\u0259n ilin m\u00fcvafiq d\u00f6vr\u00fc\u00a0il\u0259 m\u00fcqayis\u0259d\u0259, ticar\u0259t d\u00f6vriy\u0259si d\u00f6rd\u00a0d\u0259f\u0259d\u0259n \u00e7ox art\u0131b. \u201cPirallah\u0131 S\u0259nay\u0259 M\u0259h\u0259ll\u0259sind\u0259 t\u0259m\u0259li qoyulmu\u015f d\u0259rman istehsal\u0131 zavodunun tikintisi d\u0259 s\u00fcr\u0259tl\u0259ndiril\u0259c\u0259k\u201d. A\u00e7\u0131l\u0131\u015f m\u0259rasimind\u0259 i\u015ftirak ed\u0259n \u0130ran \u0130slam Respublikas\u0131n\u0131n s\u0259nay\u0259, m\u0259d\u0259niyy\u0259t\u00a0v\u0259 turizm naziri Rza Mehmani bildirib ki, iki \u00f6lk\u0259 aras\u0131nda&hellip;<\/p>\n","protected":false},"author":2,"featured_media":51577,"comment_status":"closed","ping_status":"closed","sticky":false,"template":"","format":"standard","meta":{"om_disable_all_campaigns":false,"_monsterinsights_skip_tracking":false,"_monsterinsights_sitenote_active":false,"_monsterinsights_sitenote_note":"","_monsterinsights_sitenote_category":0},"categories":[19],"tags":[],"aioseo_notices":[],"gutentor_comment":0,"rttpg_featured_image_url":{"full":["https:\/\/arantv.az\/wp-content\/uploads\/2019\/04\/57534108_312884556069019_8978138797346652160_n.jpg",620,391,false],"landscape":["https:\/\/arantv.az\/wp-content\/uploads\/2019\/04\/57534108_312884556069019_8978138797346652160_n.jpg",620,391,false],"portraits":["https:\/\/arantv.az\/wp-content\/uploads\/2019\/04\/57534108_312884556069019_8978138797346652160_n.jpg",620,391,false],"thumbnail":["https:\/\/arantv.az\/wp-content\/uploads\/2019\/04\/57534108_312884556069019_8978138797346652160_n-150x150.jpg",150,150,true],"medium":["https:\/\/arantv.az\/wp-content\/uploads\/2019\/04\/57534108_312884556069019_8978138797346652160_n-300x189.jpg",300,189,true],"large":["https:\/\/arantv.az\/wp-content\/uploads\/2019\/04\/57534108_312884556069019_8978138797346652160_n.jpg",620,391,false],"1536x1536":["https:\/\/arantv.az\/wp-content\/uploads\/2019\/04\/57534108_312884556069019_8978138797346652160_n.jpg",620,391,false],"2048x2048":["https:\/\/arantv.az\/wp-content\/uploads\/2019\/04\/57534108_312884556069019_8978138797346652160_n.jpg",620,391,false],"post-thumbnail":["https:\/\/arantv.az\/wp-content\/uploads\/2019\/04\/57534108_312884556069019_8978138797346652160_n-240x172.jpg",240,172,true],"advps-thumb-one":["https:\/\/arantv.az\/wp-content\/uploads\/2019\/04\/57534108_312884556069019_8978138797346652160_n.jpg",620,391,false]},"rttpg_author":{"display_name":"V\u00fcsal Rafiqo\u011flu","author_link":"https:\/\/arantv.az\/?author=2"},"rttpg_comment":0,"rttpg_category":"<a href=\"https:\/\/arantv.az\/?cat=19\" rel=\"category\">G\u00fcnd\u0259m<\/a>","rttpg_excerpt":"Hac\u0131qabulda istehsal olunacaq avtobus v\u0259 y\u00fck avtomobill\u0259ri\u00a0xaric\u0259 d\u0259 sat\u0131lacaq. ARANTV.AZ\u00a0\u00a0x\u0259b\u0259r verir ki, bu bar\u0259d\u0259\u00a0iqtisadiyyat naziri \u015eahin Mustafayev Hac\u0131qabul S\u0259naye M\u0259h\u0259ll\u0259sind\u0259 \u201cAz\u0259rma\u015f S\u0259naye\u201d MMC-nin avtobus v\u0259 y\u00fck ma\u015f\u0131nlar\u0131n\u0131n istehsal\u0131 zavodunun t\u0259m\u0259lqoyma m\u0259rasimind\u0259 m\u0259lumat verib. Bildirib ki,\u00a0\u0130ranla Az\u0259rbaycan aras\u0131nda ticar\u0259t \u0259laq\u0259l\u0259ri u\u011furla inki\u015faf edir. Nazirin s\u00f6zl\u0259rin\u0259 g\u00f6r\u0259, cari ilin ilk iki ay\u0131 \u0259rzind\u0259 \u00f6t\u0259n ilin m\u00fcvafiq d\u00f6vr\u00fc\u00a0il\u0259&hellip;","_links":{"self":[{"href":"https:\/\/arantv.az\/index.php?rest_route=\/wp\/v2\/posts\/51576"}],"collection":[{"href":"https:\/\/arantv.az\/index.php?rest_route=\/wp\/v2\/posts"}],"about":[{"href":"https:\/\/arantv.az\/index.php?rest_route=\/wp\/v2\/types\/post"}],"author":[{"embeddable":true,"href":"https:\/\/arantv.az\/index.php?rest_route=\/wp\/v2\/users\/2"}],"replies":[{"embeddable":true,"href":"https:\/\/arantv.az\/index.php?rest_route=%2Fwp%2Fv2%2Fcomments&post=51576"}],"version-history":[{"count":0,"href":"https:\/\/arantv.az\/index.php?rest_route=\/wp\/v2\/posts\/51576\/revisions"}],"wp:featuredmedia":[{"embeddable":true,"href":"https:\/\/arantv.az\/index.php?rest_route=\/wp\/v2\/media\/51577"}],"wp:attachment":[{"href":"https:\/\/arantv.az\/index.php?rest_route=%2Fwp%2Fv2%2Fmedia&parent=51576"}],"wp:term":[{"taxonomy":"category","embeddable":true,"href":"https:\/\/arantv.az\/index.php?rest_route=%2Fwp%2Fv2%2Fcategories&post=51576"},{"taxonomy":"post_tag","embeddable":true,"href":"https:\/\/arantv.az\/index.php?rest_route=%2Fwp%2Fv2%2Ftags&post=51576"}],"curies":[{"name":"wp","href":"https:\/\/api.w.org\/{rel}","templated":true}]}}