{"id":515785,"date":"2022-09-21T15:29:10","date_gmt":"2022-09-21T12:29:10","guid":{"rendered":"https:\/\/arantv.az\/?p=515785"},"modified":"2022-09-21T15:29:10","modified_gmt":"2022-09-21T12:29:10","slug":"s%c9%99hid-bacisi-adindan-istifad%c9%99-edib-d%c9%99l%c9%99duzluq-ed%c9%99n-s%c9%99xs-saxlanilib-video","status":"publish","type":"post","link":"https:\/\/arantv.az\/?p=515785","title":{"rendered":"\u201c\u015e\u0259hid bac\u0131s\u0131\u201d ad\u0131ndan istifad\u0259 edib d\u0259l\u0259duzluq ed\u0259n \u015f\u0259xs saxlan\u0131l\u0131b &#8211; V\u0130DEO"},"content":{"rendered":"<p>Sosial \u015f\u0259b\u0259k\u0259 seqmentl\u0259rind\u0259 \u201c\u015f\u0259hid bac\u0131s\u0131\u201d ad\u0131 alt\u0131nda feyk profill\u0259r vasit\u0259sil\u0259 v\u0259t\u0259nda\u015flardan onlayn pul toplayan \u015f\u0259xs m\u00fc\u0259yy\u0259n olunub.<\/p>\n<div class=\"AdviadNativeVideo\"><\/div>\n<p>Bu bar\u0259d\u0259 Daxili \u0130\u015fl\u0259r Nazirliyinin M\u0259tbuat Xidm\u0259ti m\u0259lumat yay\u0131b.<\/p>\n<p>Bildirilib ki, polis \u0259m\u0259kda\u015flar\u0131n\u0131n ke\u00e7irdikl\u0259ri t\u0259dbirl\u0259rl\u0259 2000-ci il t\u0259v\u0259ll\u00fcdl\u00fc El\u015fad Quliyev saxlan\u0131laraq m\u0259suliyy\u0259t\u0259 c\u0259lb edilib. O, t\u00f6r\u0259tdiyi \u0259m\u0259li etiraf edib. Ara\u015fd\u0131rmalar davam etdirilir.<\/p>\n<div><iframe loading=\"lazy\" id=\"telegram-post-oxuaze-27885\" src=\"https:\/\/t.me\/oxuaze\/27885?embed=1\" width=\"100%\" height=\"\" frameborder=\"0\" scrolling=\"no\" data-mce-fragment=\"1\"><\/iframe><\/div>\n<p>&nbsp;<\/p>\n","protected":false},"excerpt":{"rendered":"<p>Sosial \u015f\u0259b\u0259k\u0259 seqmentl\u0259rind\u0259 \u201c\u015f\u0259hid bac\u0131s\u0131\u201d ad\u0131 alt\u0131nda feyk profill\u0259r vasit\u0259sil\u0259 v\u0259t\u0259nda\u015flardan onlayn pul toplayan \u015f\u0259xs m\u00fc\u0259yy\u0259n olunub. Bu bar\u0259d\u0259 Daxili \u0130\u015fl\u0259r Nazirliyinin M\u0259tbuat Xidm\u0259ti m\u0259lumat yay\u0131b. Bildirilib ki, polis \u0259m\u0259kda\u015flar\u0131n\u0131n ke\u00e7irdikl\u0259ri t\u0259dbirl\u0259rl\u0259 2000-ci il t\u0259v\u0259ll\u00fcdl\u00fc El\u015fad Quliyev saxlan\u0131laraq m\u0259suliyy\u0259t\u0259 c\u0259lb edilib. O, t\u00f6r\u0259tdiyi \u0259m\u0259li etiraf edib. Ara\u015fd\u0131rmalar davam etdirilir. &nbsp;<\/p>\n","protected":false},"author":2,"featured_media":515786,"comment_status":"closed","ping_status":"closed","sticky":false,"template":"","format":"standard","meta":{"om_disable_all_campaigns":false,"_monsterinsights_skip_tracking":false,"_monsterinsights_sitenote_active":false,"_monsterinsights_sitenote_note":"","_monsterinsights_sitenote_category":0},"categories":[5],"tags":[],"aioseo_notices":[],"gutentor_comment":0,"rttpg_featured_image_url":{"full":["https:\/\/arantv.az\/wp-content\/uploads\/2022\/09\/FotoJet-72-1.jpg",620,413,false],"landscape":["https:\/\/arantv.az\/wp-content\/uploads\/2022\/09\/FotoJet-72-1.jpg",620,413,false],"portraits":["https:\/\/arantv.az\/wp-content\/uploads\/2022\/09\/FotoJet-72-1.jpg",620,413,false],"thumbnail":["https:\/\/arantv.az\/wp-content\/uploads\/2022\/09\/FotoJet-72-1-500x280.jpg",500,280,true],"medium":["https:\/\/arantv.az\/wp-content\/uploads\/2022\/09\/FotoJet-72-1-548x365.jpg",548,365,true],"large":["https:\/\/arantv.az\/wp-content\/uploads\/2022\/09\/FotoJet-72-1.jpg",620,413,false],"1536x1536":["https:\/\/arantv.az\/wp-content\/uploads\/2022\/09\/FotoJet-72-1.jpg",620,413,false],"2048x2048":["https:\/\/arantv.az\/wp-content\/uploads\/2022\/09\/FotoJet-72-1.jpg",620,413,false],"post-thumbnail":["https:\/\/arantv.az\/wp-content\/uploads\/2022\/09\/FotoJet-72-1-240x172.jpg",240,172,true],"advps-thumb-one":["https:\/\/arantv.az\/wp-content\/uploads\/2022\/09\/FotoJet-72-1.jpg",620,413,false]},"rttpg_author":{"display_name":"V\u00fcsal Rafiqo\u011flu","author_link":"https:\/\/arantv.az\/?author=2"},"rttpg_comment":0,"rttpg_category":"<a href=\"https:\/\/arantv.az\/?cat=5\" rel=\"category\">Hadis\u0259<\/a>","rttpg_excerpt":"Sosial \u015f\u0259b\u0259k\u0259 seqmentl\u0259rind\u0259 \u201c\u015f\u0259hid bac\u0131s\u0131\u201d ad\u0131 alt\u0131nda feyk profill\u0259r vasit\u0259sil\u0259 v\u0259t\u0259nda\u015flardan onlayn pul toplayan \u015f\u0259xs m\u00fc\u0259yy\u0259n olunub. Bu bar\u0259d\u0259 Daxili \u0130\u015fl\u0259r Nazirliyinin M\u0259tbuat Xidm\u0259ti m\u0259lumat yay\u0131b. Bildirilib ki, polis \u0259m\u0259kda\u015flar\u0131n\u0131n ke\u00e7irdikl\u0259ri t\u0259dbirl\u0259rl\u0259 2000-ci il t\u0259v\u0259ll\u00fcdl\u00fc El\u015fad Quliyev saxlan\u0131laraq m\u0259suliyy\u0259t\u0259 c\u0259lb edilib. O, t\u00f6r\u0259tdiyi \u0259m\u0259li etiraf edib. Ara\u015fd\u0131rmalar davam etdirilir. &nbsp;","_links":{"self":[{"href":"https:\/\/arantv.az\/index.php?rest_route=\/wp\/v2\/posts\/515785"}],"collection":[{"href":"https:\/\/arantv.az\/index.php?rest_route=\/wp\/v2\/posts"}],"about":[{"href":"https:\/\/arantv.az\/index.php?rest_route=\/wp\/v2\/types\/post"}],"author":[{"embeddable":true,"href":"https:\/\/arantv.az\/index.php?rest_route=\/wp\/v2\/users\/2"}],"replies":[{"embeddable":true,"href":"https:\/\/arantv.az\/index.php?rest_route=%2Fwp%2Fv2%2Fcomments&post=515785"}],"version-history":[{"count":0,"href":"https:\/\/arantv.az\/index.php?rest_route=\/wp\/v2\/posts\/515785\/revisions"}],"wp:featuredmedia":[{"embeddable":true,"href":"https:\/\/arantv.az\/index.php?rest_route=\/wp\/v2\/media\/515786"}],"wp:attachment":[{"href":"https:\/\/arantv.az\/index.php?rest_route=%2Fwp%2Fv2%2Fmedia&parent=515785"}],"wp:term":[{"taxonomy":"category","embeddable":true,"href":"https:\/\/arantv.az\/index.php?rest_route=%2Fwp%2Fv2%2Fcategories&post=515785"},{"taxonomy":"post_tag","embeddable":true,"href":"https:\/\/arantv.az\/index.php?rest_route=%2Fwp%2Fv2%2Ftags&post=515785"}],"curies":[{"name":"wp","href":"https:\/\/api.w.org\/{rel}","templated":true}]}}