{"id":51579,"date":"2019-04-19T11:23:25","date_gmt":"2019-04-19T08:23:25","guid":{"rendered":"http:\/\/arantv.az\/?p=51579"},"modified":"2019-04-19T11:23:25","modified_gmt":"2019-04-19T08:23:25","slug":"az%c9%99rbaycanda-ata-kas-ki-ol%c9%99ydi-dediyi-qizini-bagisladi-video","status":"publish","type":"post","link":"https:\/\/arantv.az\/?p=51579","title":{"rendered":"Az\u0259rbaycanda ata &#8220;Ka\u015f ki \u00f6l\u0259ydi&#8221; dediyi q\u0131z\u0131n\u0131 ba\u011f\u0131\u015flad\u0131 &#8211; V\u0130DEO"},"content":{"rendered":"<p>Bir ne\u00e7\u0259 g\u00fcn \u00f6nc\u0259 ail\u0259si onu q\u0259bul etm\u0259diyi \u00fc\u00e7\u00fcn &#8220;S\u0259ni Axtar\u0131ram&#8221; verili\u015fin\u0259 s\u0131\u011f\u0131nan g\u0259nc q\u0131z\u0131n atas\u0131 verili\u015f\u0259 g\u0259l\u0259r\u0259k onu ba\u011f\u0131\u015flad\u0131\u011f\u0131n\u0131 deyib.<br \/>\n<b>ARANTV.AZ\u00a0<\/b> M\u0259tbuat.az-a istinad\u0259n x\u0259b\u0259r verir ki, &#8220;ka\u015f ki, o da gedib \u00f6l\u0259ydi&#8221; dediyi q\u0131z\u0131n\u0131 ata canl\u0131 efird\u0259 ba\u011f\u0131\u015flay\u0131b.<br \/>\nH\u0259min kadrlar\u0131 t\u0259qdim edirik:<\/p>\n<div class=\"embed-responsive embed-responsive-16by9\"><iframe loading=\"lazy\" id=\"nmqembedid\" class=\"embed-responsive-item\" title=\"video player\" src=\"https:\/\/izle.az\/embed\/qyyxLXUy80sJd0r3KjcBAA~~\" width=\"600\" height=\"340\" frameborder=\"0\" scrolling=\"no\" allowfullscreen=\"allowfullscreen\" data-mce-fragment=\"1\"><\/iframe><\/div>\n<div id=\"AdviadNativeVideo0\" class=\"AdviadNativeVideo\"><\/div>\n<div id=\"myrekopen\" class=\"bannerklass\">\n<div id=\"SC_TBlock_538956\" class=\"SC_TBlock\"><\/div>\n<\/div>\n","protected":false},"excerpt":{"rendered":"<p>Bir ne\u00e7\u0259 g\u00fcn \u00f6nc\u0259 ail\u0259si onu q\u0259bul etm\u0259diyi \u00fc\u00e7\u00fcn &#8220;S\u0259ni Axtar\u0131ram&#8221; verili\u015fin\u0259 s\u0131\u011f\u0131nan g\u0259nc q\u0131z\u0131n atas\u0131 verili\u015f\u0259 g\u0259l\u0259r\u0259k onu ba\u011f\u0131\u015flad\u0131\u011f\u0131n\u0131 deyib. ARANTV.AZ\u00a0 M\u0259tbuat.az-a istinad\u0259n x\u0259b\u0259r verir ki, &#8220;ka\u015f ki, o da gedib \u00f6l\u0259ydi&#8221; dediyi q\u0131z\u0131n\u0131 ata canl\u0131 efird\u0259 ba\u011f\u0131\u015flay\u0131b. H\u0259min kadrlar\u0131 t\u0259qdim edirik:<\/p>\n","protected":false},"author":2,"featured_media":51580,"comment_status":"closed","ping_status":"closed","sticky":false,"template":"","format":"standard","meta":{"om_disable_all_campaigns":false,"_monsterinsights_skip_tracking":false,"_monsterinsights_sitenote_active":false,"_monsterinsights_sitenote_note":"","_monsterinsights_sitenote_category":0},"categories":[1],"tags":[],"aioseo_notices":[],"gutentor_comment":0,"rttpg_featured_image_url":{"full":["https:\/\/arantv.az\/wp-content\/uploads\/2019\/04\/1169851.jpg",549,411,false],"landscape":["https:\/\/arantv.az\/wp-content\/uploads\/2019\/04\/1169851.jpg",549,411,false],"portraits":["https:\/\/arantv.az\/wp-content\/uploads\/2019\/04\/1169851.jpg",549,411,false],"thumbnail":["https:\/\/arantv.az\/wp-content\/uploads\/2019\/04\/1169851-150x150.jpg",150,150,true],"medium":["https:\/\/arantv.az\/wp-content\/uploads\/2019\/04\/1169851-300x225.jpg",300,225,true],"large":["https:\/\/arantv.az\/wp-content\/uploads\/2019\/04\/1169851.jpg",549,411,false],"1536x1536":["https:\/\/arantv.az\/wp-content\/uploads\/2019\/04\/1169851.jpg",549,411,false],"2048x2048":["https:\/\/arantv.az\/wp-content\/uploads\/2019\/04\/1169851.jpg",549,411,false],"post-thumbnail":["https:\/\/arantv.az\/wp-content\/uploads\/2019\/04\/1169851-240x172.jpg",240,172,true],"advps-thumb-one":["https:\/\/arantv.az\/wp-content\/uploads\/2019\/04\/1169851.jpg",549,411,false]},"rttpg_author":{"display_name":"V\u00fcsal Rafiqo\u011flu","author_link":"https:\/\/arantv.az\/?author=2"},"rttpg_comment":0,"rttpg_category":"<a href=\"https:\/\/arantv.az\/?cat=1\" rel=\"category\">C\u0259miyy\u0259t<\/a>","rttpg_excerpt":"Bir ne\u00e7\u0259 g\u00fcn \u00f6nc\u0259 ail\u0259si onu q\u0259bul etm\u0259diyi \u00fc\u00e7\u00fcn &#8220;S\u0259ni Axtar\u0131ram&#8221; verili\u015fin\u0259 s\u0131\u011f\u0131nan g\u0259nc q\u0131z\u0131n atas\u0131 verili\u015f\u0259 g\u0259l\u0259r\u0259k onu ba\u011f\u0131\u015flad\u0131\u011f\u0131n\u0131 deyib. ARANTV.AZ\u00a0 M\u0259tbuat.az-a istinad\u0259n x\u0259b\u0259r verir ki, &#8220;ka\u015f ki, o da gedib \u00f6l\u0259ydi&#8221; dediyi q\u0131z\u0131n\u0131 ata canl\u0131 efird\u0259 ba\u011f\u0131\u015flay\u0131b. H\u0259min kadrlar\u0131 t\u0259qdim edirik:","_links":{"self":[{"href":"https:\/\/arantv.az\/index.php?rest_route=\/wp\/v2\/posts\/51579"}],"collection":[{"href":"https:\/\/arantv.az\/index.php?rest_route=\/wp\/v2\/posts"}],"about":[{"href":"https:\/\/arantv.az\/index.php?rest_route=\/wp\/v2\/types\/post"}],"author":[{"embeddable":true,"href":"https:\/\/arantv.az\/index.php?rest_route=\/wp\/v2\/users\/2"}],"replies":[{"embeddable":true,"href":"https:\/\/arantv.az\/index.php?rest_route=%2Fwp%2Fv2%2Fcomments&post=51579"}],"version-history":[{"count":0,"href":"https:\/\/arantv.az\/index.php?rest_route=\/wp\/v2\/posts\/51579\/revisions"}],"wp:featuredmedia":[{"embeddable":true,"href":"https:\/\/arantv.az\/index.php?rest_route=\/wp\/v2\/media\/51580"}],"wp:attachment":[{"href":"https:\/\/arantv.az\/index.php?rest_route=%2Fwp%2Fv2%2Fmedia&parent=51579"}],"wp:term":[{"taxonomy":"category","embeddable":true,"href":"https:\/\/arantv.az\/index.php?rest_route=%2Fwp%2Fv2%2Fcategories&post=51579"},{"taxonomy":"post_tag","embeddable":true,"href":"https:\/\/arantv.az\/index.php?rest_route=%2Fwp%2Fv2%2Ftags&post=51579"}],"curies":[{"name":"wp","href":"https:\/\/api.w.org\/{rel}","templated":true}]}}