{"id":515812,"date":"2022-09-21T19:15:36","date_gmt":"2022-09-21T16:15:36","guid":{"rendered":"https:\/\/arantv.az\/?p=515812"},"modified":"2022-09-21T19:15:36","modified_gmt":"2022-09-21T16:15:36","slug":"qarsima-cixan-%c9%99sg%c9%99rl%c9%99rin-alnindan-opdum-yarali-halda-yenid%c9%99n-doyus-meydanina-qayidan-qazi-foto","status":"publish","type":"post","link":"https:\/\/arantv.az\/?p=515812","title":{"rendered":"\u201cQar\u015f\u0131ma \u00e7\u0131xan \u0259sg\u0259rl\u0259rin aln\u0131ndan \u00f6pd\u00fcm\u201d &#8211; Yaral\u0131 halda yenid\u0259n d\u00f6y\u00fc\u015f meydan\u0131na qay\u0131dan qazi &#8211; FOTO"},"content":{"rendered":"<p>\u201cD\u00fc\u015fm\u0259n 12 sentyabrda geni\u015fmiqyasl\u0131 t\u0259xribat t\u00f6r\u0259tm\u0259y\u0259 c\u0259hd etdi. B\u00fct\u00fcn d\u00fcnya bunun \u015fahidi\u00a0oldu. \u0130gid o\u011fullar\u0131m\u0131z onlar\u0131n ba\u015f\u0131n\u0131 \u0259zib, layiqli cavablar\u0131n\u0131 verdil\u0259r\u201d.<\/p>\n<p>Bu s\u00f6zl\u0259ri\u00a0Oxu.Az-a a\u00e7\u0131qlamas\u0131nda X\u00fcsusi T\u0259yinatl\u0131 Q\u00fcvv\u0259l\u0259rd\u0259 (XTQ) xidm\u0259t etmi\u015f V\u0259t\u0259n m\u00fcharib\u0259si qazisi\u00a0<strong>R\u0259fail Nuriyev<\/strong>\u00a0deyib.<\/p>\n<div class=\"AdviadNativeVideo\"><\/div>\n<p>Onun s\u00f6zl\u0259rin\u0259 g\u00f6r\u0259, son t\u0259xribatlar zaman\u0131\u00a0o, d\u00f6y\u00fc\u015fl\u0259rin getdiyi\u00a0b\u00f6lg\u0259y\u0259 yollan\u0131b:<\/p>\n<p><img src=\"https:\/\/cdn.oxu.az\/uploads\/W1siZiIsIjIwMjIvMDkvMjEvMTYvNDMvMjAvZGQzNzRiNTctOWJjZC00MTBjLWFlNmUtYTM3YTUxYzQ3MWQ3L0ZvdG9KZXQgKDg1KS5qcGciXSxbInAiLCJlbmNvZGUiLCJqcGciLCItcXVhbGl0eSA4MCJdLFsicCIsInRodW1iIiwiNTkweDU5MFx1MDAzZSJdXQ?sha=90ceab3c374521fa\" alt=\"\" \/>\u201cBu yax\u0131nlarda c\u0259bh\u0259 b\u00f6lg\u0259sind\u0259 oldum. Qar\u015f\u0131ma \u00e7\u0131xan \u0259sg\u0259rl\u0259rin aln\u0131ndan \u00f6p\u00fcrd\u00fcm. Dem\u0259k ist\u0259diyim odur ki, Az\u0259rbaycan xalq\u0131 Az\u0259rbaycan \u0259sg\u0259rinin yan\u0131ndad\u0131r. H\u0259r zaman m\u0259tin, m\u0259rd, \u015f\u00fcca\u0259tli olublar. D\u00fc\u015f\u00fcn\u0259nd\u0259 ki, biz z\u0259f\u0259r \u00e7alm\u0131\u015f, qalib ordunun \u0259sg\u0259riyik, o zaman ba\u015fqa s\u00f6z\u0259 ehtiyac qalm\u0131r. Onlar \u00f6zl\u0259ri il\u0259 f\u0259xr etm\u0259lidirl\u0259r\u201d.<\/p>\n<p>V\u0259t\u0259n m\u00fcharib\u0259si qazisi h\u0259r il faci\u0259l\u0259rimizi yad etm\u0259yin, olanlar\u0131 t\u0259krar ya\u015fama\u011f\u0131n ona \u00e7ox pis t\u0259sir etdiyini deyib:<\/p>\n<p><img src=\"https:\/\/cdn.oxu.az\/uploads\/W1siZiIsIjIwMjIvMDkvMjEvMTYvNDIvMzMvMDkwYjc2YzgtYTg5Mi00ZjQxLWFhNTQtZjcwNGViYzA2NmE2L0ZvdG9KZXQgKDg0KS5qcGciXSxbInAiLCJlbmNvZGUiLCJqcGciLCItcXVhbGl0eSA4MCJdLFsicCIsInRodW1iIiwiNTkweDU5MFx1MDAzZSJdXQ?sha=aeccf31a1e667c40\" alt=\"\" \/>\u201cOna g\u00f6r\u0259 d\u0259 h\u0259rb\u00e7i olmaq q\u0259rar\u0131na g\u0259ldim. 44 g\u00fcnl\u00fck V\u0259t\u0259n m\u00fcharib\u0259sind\u0259 Az\u0259rbaycan el\u0259 bir q\u0259l\u0259b\u0259 \u00e7ald\u0131 ki, b\u00fct\u00fcn d\u00fcnya bu z\u0259f\u0259ri q\u0131sqanma\u011fa ba\u015flad\u0131. Bizim \u0259sg\u0259rl\u0259rimiz ba\u015fa d\u00fc\u015f\u00fcrl\u0259r ki, onlar g\u00fccl\u00fc v\u0259 q\u00fcdr\u0259tlidirl\u0259r. Az\u0259rbaycan \u0259sg\u0259ri c\u0259sur, \u015f\u00fcca\u0259tli \u0259sg\u0259rdir. \u00c7\u00fcnki bu q\u0259hr\u0259manl\u0131q irsi olaraq g\u0259lib. Onlar Bab\u0259kin, Cavan\u015firin, Koro\u011flunun varisl\u0259ridir. Birl\u0259\u015fmi\u015f xalq bel\u0259 d\u0259 olmal\u0131d\u0131r\u201d.<\/p>\n<p>Qazi deyir ki, d\u00f6y\u00fc\u015fd\u0259 yaralansan bel\u0259, ir\u0259li getm\u0259yi d\u00fc\u015f\u00fcn\u00fcrs\u0259n:<\/p>\n<p><img src=\"https:\/\/cdn.oxu.az\/uploads\/W1siZiIsIjIwMjIvMDkvMjEvMTYvNDYvMzcvMGRkNjk1MmMtOGQwYy00YWZjLWJiMTgtYmE3ZjY4ZjMyMGVkL0ZvdG9KZXQgKDg3KS5qcGciXSxbInAiLCJlbmNvZGUiLCJqcGciLCItcXVhbGl0eSA4MCJdLFsicCIsInRodW1iIiwiNTkweDU5MFx1MDAzZSJdXQ?sha=96c5970a64809a51\" alt=\"\" \/>\u201cBiz bir mill\u0259tik. H\u0259r\u0259 bir yerd\u0259n g\u0259lib, bir olur. T\u0259liml\u0259r ke\u00e7ib, t\u0259r t\u00f6k\u00fcr\u00fck. Bunun n\u0259tic\u0259si olaraq d\u00f6y\u00fc\u015f\u0259 at\u0131l\u0131r\u0131q ki, torpaqlar\u0131m\u0131z\u0131 i\u015f\u011faldan azad ed\u0259k.\u00a0Yaral\u0131 olsan da, d\u00f6y\u00fc\u015fm\u0259k ist\u0259yirs\u0259n. V\u0259t\u0259n m\u00fcharib\u0259sind\u0259 h\u0259r k\u0259s z\u0259f\u0259ri \u00f6z g\u00f6zl\u0259ri il\u0259 g\u00f6rm\u0259k ist\u0259yirdi. He\u00e7 k\u0259s tibb m\u0259nt\u0259q\u0259sind\u0259 vaxt\u0131n\u0131 ke\u00e7irm\u0259k ist\u0259mirdi. Ham\u0131 ilk yard\u0131mdan sonra yenid\u0259n d\u00f6y\u00fc\u015f\u0259 qat\u0131l\u0131rd\u0131\u201d.<\/p>\n<p><img src=\"https:\/\/cdn.oxu.az\/uploads\/W1siZiIsIjIwMjIvMDkvMjEvMTYvNDQvMzAvYzRhNTlhNWQtOWFmNC00ZjJkLWFlZWUtYTVmYmMwOTIwMDA4L0ZvdG9KZXQgKDg2KS5qcGciXSxbInAiLCJlbmNvZGUiLCJqcGciLCItcXVhbGl0eSA4MCJdLFsicCIsInRodW1iIiwiNTkweDU5MFx1MDAzZSJdXQ?sha=86832ed1ff2d1bf6\" alt=\"\" \/><\/p>\n<p>Qeyd ed\u0259k ki, V\u0259t\u0259n m\u00fcharib\u0259si qazisi R\u0259fail Nuriyev d\u00f6y\u00fc\u015f\u0259 Murov y\u00fcks\u0259kliyind\u0259n ba\u015flay\u0131b, \u015eu\u015faya q\u0259d\u0259r torpaqlar\u0131n azad edilm\u0259sind\u0259 i\u015ftirak edib. Noyabr\u0131n 9-da\u00a0\u015eu\u015fada yaralan\u0131b, k\u0259ll\u0259-beyin travmas\u0131 al\u0131b. Bel nahiy\u0259sind\u0259n q\u0259lp\u0259l\u0259r \u00e7\u0131xar\u0131l\u0131b. Noyabr\u0131n 10-da q\u0259l\u0259b\u0259 x\u0259b\u0259rini e\u015fid\u0259n kimi, d\u00f6y\u00fc\u015f yolda\u015flar\u0131n\u0131n yan\u0131na qay\u0131d\u0131b. K\u0259lb\u0259c\u0259r, \u015eu\u015fa, La\u00e7\u0131n, C\u0259bray\u0131l, Xocav\u0259nd, La\u00e7\u0131n\u0131n i\u015f\u011faldan azad olunmas\u0131nda i\u015ftirak etdiyi \u00fc\u00e7\u00fcn medallarla t\u0259ltif olunub.<\/p>\n","protected":false},"excerpt":{"rendered":"<p>\u201cD\u00fc\u015fm\u0259n 12 sentyabrda geni\u015fmiqyasl\u0131 t\u0259xribat t\u00f6r\u0259tm\u0259y\u0259 c\u0259hd etdi. B\u00fct\u00fcn d\u00fcnya bunun \u015fahidi\u00a0oldu. \u0130gid o\u011fullar\u0131m\u0131z onlar\u0131n ba\u015f\u0131n\u0131 \u0259zib, layiqli cavablar\u0131n\u0131 verdil\u0259r\u201d. Bu s\u00f6zl\u0259ri\u00a0Oxu.Az-a a\u00e7\u0131qlamas\u0131nda X\u00fcsusi T\u0259yinatl\u0131 Q\u00fcvv\u0259l\u0259rd\u0259 (XTQ) xidm\u0259t etmi\u015f V\u0259t\u0259n m\u00fcharib\u0259si qazisi\u00a0R\u0259fail Nuriyev\u00a0deyib. Onun s\u00f6zl\u0259rin\u0259 g\u00f6r\u0259, son t\u0259xribatlar zaman\u0131\u00a0o, d\u00f6y\u00fc\u015fl\u0259rin getdiyi\u00a0b\u00f6lg\u0259y\u0259 yollan\u0131b: \u201cBu yax\u0131nlarda c\u0259bh\u0259 b\u00f6lg\u0259sind\u0259 oldum. Qar\u015f\u0131ma \u00e7\u0131xan \u0259sg\u0259rl\u0259rin aln\u0131ndan \u00f6p\u00fcrd\u00fcm. Dem\u0259k ist\u0259diyim odur ki, Az\u0259rbaycan xalq\u0131 Az\u0259rbaycan \u0259sg\u0259rinin yan\u0131ndad\u0131r. H\u0259r zaman m\u0259tin, m\u0259rd, \u015f\u00fcca\u0259tli olublar. D\u00fc\u015f\u00fcn\u0259nd\u0259 ki, biz z\u0259f\u0259r \u00e7alm\u0131\u015f, qalib ordunun \u0259sg\u0259riyik, o zaman ba\u015fqa s\u00f6z\u0259 ehtiyac qalm\u0131r. Onlar \u00f6zl\u0259ri il\u0259 f\u0259xr etm\u0259lidirl\u0259r\u201d. V\u0259t\u0259n m\u00fcharib\u0259si qazisi h\u0259r&hellip;<\/p>\n","protected":false},"author":2,"featured_media":515813,"comment_status":"closed","ping_status":"closed","sticky":false,"template":"","format":"standard","meta":{"om_disable_all_campaigns":false,"_monsterinsights_skip_tracking":false,"_monsterinsights_sitenote_active":false,"_monsterinsights_sitenote_note":"","_monsterinsights_sitenote_category":0},"categories":[1],"tags":[],"aioseo_notices":[],"gutentor_comment":0,"rttpg_featured_image_url":{"full":["https:\/\/arantv.az\/wp-content\/uploads\/2022\/09\/FotoJet-83-1.jpg",620,413,false],"landscape":["https:\/\/arantv.az\/wp-content\/uploads\/2022\/09\/FotoJet-83-1.jpg",620,413,false],"portraits":["https:\/\/arantv.az\/wp-content\/uploads\/2022\/09\/FotoJet-83-1.jpg",620,413,false],"thumbnail":["https:\/\/arantv.az\/wp-content\/uploads\/2022\/09\/FotoJet-83-1-500x280.jpg",500,280,true],"medium":["https:\/\/arantv.az\/wp-content\/uploads\/2022\/09\/FotoJet-83-1-548x365.jpg",548,365,true],"large":["https:\/\/arantv.az\/wp-content\/uploads\/2022\/09\/FotoJet-83-1.jpg",620,413,false],"1536x1536":["https:\/\/arantv.az\/wp-content\/uploads\/2022\/09\/FotoJet-83-1.jpg",620,413,false],"2048x2048":["https:\/\/arantv.az\/wp-content\/uploads\/2022\/09\/FotoJet-83-1.jpg",620,413,false],"post-thumbnail":["https:\/\/arantv.az\/wp-content\/uploads\/2022\/09\/FotoJet-83-1-240x172.jpg",240,172,true],"advps-thumb-one":["https:\/\/arantv.az\/wp-content\/uploads\/2022\/09\/FotoJet-83-1.jpg",620,413,false]},"rttpg_author":{"display_name":"V\u00fcsal Rafiqo\u011flu","author_link":"https:\/\/arantv.az\/?author=2"},"rttpg_comment":0,"rttpg_category":"<a href=\"https:\/\/arantv.az\/?cat=1\" rel=\"category\">C\u0259miyy\u0259t<\/a>","rttpg_excerpt":"\u201cD\u00fc\u015fm\u0259n 12 sentyabrda geni\u015fmiqyasl\u0131 t\u0259xribat t\u00f6r\u0259tm\u0259y\u0259 c\u0259hd etdi. B\u00fct\u00fcn d\u00fcnya bunun \u015fahidi\u00a0oldu. \u0130gid o\u011fullar\u0131m\u0131z onlar\u0131n ba\u015f\u0131n\u0131 \u0259zib, layiqli cavablar\u0131n\u0131 verdil\u0259r\u201d. Bu s\u00f6zl\u0259ri\u00a0Oxu.Az-a a\u00e7\u0131qlamas\u0131nda X\u00fcsusi T\u0259yinatl\u0131 Q\u00fcvv\u0259l\u0259rd\u0259 (XTQ) xidm\u0259t etmi\u015f V\u0259t\u0259n m\u00fcharib\u0259si qazisi\u00a0R\u0259fail Nuriyev\u00a0deyib. Onun s\u00f6zl\u0259rin\u0259 g\u00f6r\u0259, son t\u0259xribatlar zaman\u0131\u00a0o, d\u00f6y\u00fc\u015fl\u0259rin getdiyi\u00a0b\u00f6lg\u0259y\u0259 yollan\u0131b: \u201cBu yax\u0131nlarda c\u0259bh\u0259 b\u00f6lg\u0259sind\u0259 oldum. Qar\u015f\u0131ma \u00e7\u0131xan \u0259sg\u0259rl\u0259rin aln\u0131ndan \u00f6p\u00fcrd\u00fcm. Dem\u0259k ist\u0259diyim odur&hellip;","_links":{"self":[{"href":"https:\/\/arantv.az\/index.php?rest_route=\/wp\/v2\/posts\/515812"}],"collection":[{"href":"https:\/\/arantv.az\/index.php?rest_route=\/wp\/v2\/posts"}],"about":[{"href":"https:\/\/arantv.az\/index.php?rest_route=\/wp\/v2\/types\/post"}],"author":[{"embeddable":true,"href":"https:\/\/arantv.az\/index.php?rest_route=\/wp\/v2\/users\/2"}],"replies":[{"embeddable":true,"href":"https:\/\/arantv.az\/index.php?rest_route=%2Fwp%2Fv2%2Fcomments&post=515812"}],"version-history":[{"count":0,"href":"https:\/\/arantv.az\/index.php?rest_route=\/wp\/v2\/posts\/515812\/revisions"}],"wp:featuredmedia":[{"embeddable":true,"href":"https:\/\/arantv.az\/index.php?rest_route=\/wp\/v2\/media\/515813"}],"wp:attachment":[{"href":"https:\/\/arantv.az\/index.php?rest_route=%2Fwp%2Fv2%2Fmedia&parent=515812"}],"wp:term":[{"taxonomy":"category","embeddable":true,"href":"https:\/\/arantv.az\/index.php?rest_route=%2Fwp%2Fv2%2Fcategories&post=515812"},{"taxonomy":"post_tag","embeddable":true,"href":"https:\/\/arantv.az\/index.php?rest_route=%2Fwp%2Fv2%2Ftags&post=515812"}],"curies":[{"name":"wp","href":"https:\/\/api.w.org\/{rel}","templated":true}]}}