{"id":515816,"date":"2022-09-21T19:16:40","date_gmt":"2022-09-21T16:16:40","guid":{"rendered":"https:\/\/arantv.az\/?p=515816"},"modified":"2022-09-21T19:16:40","modified_gmt":"2022-09-21T16:16:40","slug":"prezident-lacinlilarin-birinci-qrupu-lacin-s%c9%99h%c9%99rin%c9%99-g%c9%99l%c9%99n-ilin-sonuna-q%c9%99d%c9%99r-qayida-bil%c9%99rl%c9%99r","status":"publish","type":"post","link":"https:\/\/arantv.az\/?p=515816","title":{"rendered":"Prezident: \u201cLa\u00e7\u0131nl\u0131lar\u0131n birinci qrupu La\u00e7\u0131n \u015f\u0259h\u0259rin\u0259 g\u0259l\u0259n ilin sonuna q\u0259d\u0259r qay\u0131da bil\u0259rl\u0259r\u201d"},"content":{"rendered":"<p>\u201c\u00dcmid edir\u0259m ki, la\u00e7\u0131nl\u0131lar\u0131n birinci qrupu La\u00e7\u0131n \u015f\u0259h\u0259rin\u0259 g\u0259l\u0259n ilin sonuna q\u0259d\u0259r qay\u0131da bil\u0259rl\u0259r\u201d.<\/p>\n<p><a href=\"https:\/\/azertag.az\/xeber\/Prezident_Ilham_Aliyev_Lachin_seherinde_Azerbaycan_Bayragini_ucaldib-2301368?fbclid=IwAR2E3nCriCoBEPVMdrGUwaONh60eaUELzdZ2jJrC3fdA3o2bDCEp4uNRYU0\" target=\"_blank\" rel=\"noopener\">AZ\u018fRTAC<\/a>\u00a0x\u0259b\u0259r verir ki, bu bar\u0259d\u0259 Prezident<strong>\u00a0\u0130lham \u018fliyev<\/strong>\u00a0La\u00e7\u0131n \u015f\u0259h\u0259rind\u0259 Az\u0259rbaycan Bayra\u011f\u0131n\u0131n ucald\u0131lmas\u0131 m\u0259rasimind\u0259ki \u00e7\u0131x\u0131\u015f\u0131nda bildirib.<\/p>\n<div class=\"AdviadNativeVideo\"><\/div>\n<p>\u201c\u201dBu g\u00fcn Murov da\u011f\u0131ndan buraya g\u0259l\u0259rk\u0259n, bu g\u00f6z\u0259l da\u011flara baxark\u0259n bir daha g\u00f6r\u00fcr\u0259m ki, bizim V\u0259t\u0259nimiz n\u0259 q\u0259d\u0259r g\u00f6z\u0259ldir. Murov da\u011f\u0131ndan, bax, La\u00e7\u0131n \u015f\u0259h\u0259rin\u0259 q\u0259d\u0259r 12 tunel tikilir, t\u0259s\u0259vv\u00fcr edin, t\u0259kc\u0259 bu istiqam\u0259td\u0259. M\u0259n h\u0259l\u0259 F\u00fczuli-\u015eu\u015fa istiqam\u0259tini, dig\u0259r istiqam\u0259tl\u0259ri, Horadiz-A\u011fb\u0259nd istiqam\u0259tini demir\u0259m. Ancaq Murov da\u011f\u0131ndan La\u00e7\u0131n \u015f\u0259h\u0259rin\u0259 q\u0259d\u0259r 12 tunel tikilir. Bu tunell\u0259rin \u00fcmumi uzunlu\u011fu 17,5 kilometrdir. Onlar\u0131n i\u00e7ind\u0259 \u0259n b\u00f6y\u00fcy\u00fc \u2013 Murovda\u011f tuneli 12 kilometr uzunlu\u011fundad\u0131r. Y\u0259ni, m\u0259n indi bir ne\u00e7\u0259 saat yol g\u0259lmi\u015f\u0259m. Amma g\u00fcn g\u0259l\u0259c\u0259k, &#8211; o g\u00fcn uzaqda deyil, iki il\u0259, maksimum iki il yar\u0131ma, &#8211; \u00e7ox rahatl\u0131qla G\u00f6yg\u00f6ld\u0259n Murov da\u011f\u0131n\u0131n alt\u0131 il\u0259 insanlar g\u0259lib burada quracaqlar, ya\u015fayacaqlar. Eyni zamanda, Qubadl\u0131-La\u00e7\u0131n avtomobil yolunun in\u015fas\u0131 il\u0259 ba\u011fl\u0131 g\u00f6st\u0259ri\u015f verilibdir. Biz Horadiz-Z\u0259ngilan-Qubadl\u0131 avtomobil yolunun in\u015fas\u0131 il\u0259 m\u0259\u015f\u011fuluq. G\u00f6st\u0259ri\u015f vermi\u015f\u0259m, Qubadl\u0131-La\u00e7\u0131n avtomobil yolu da d\u00f6rdzolaql\u0131 in\u015fa edil\u0259c\u0259k. Y\u0259ni, bu yol \u0259sasd\u0131r\u201d, &#8211; \u0130lham \u018fliyev bildirib.<\/p>\n<p>D\u00f6vl\u0259t ba\u015f\u00e7\u0131s\u0131 qeyd edib ki, elektrik enerjisi il\u0259 ba\u011fl\u0131 d\u0259rhal buraya m\u00fct\u0259x\u0259ssisl\u0259r ezam edilib:<\/p>\n<p>\u201cLa\u00e7\u0131n\u0131n elektrik t\u0259s\u0259rr\u00fcfat\u0131na bax\u0131\u015f ke\u00e7irildi, laz\u0131mi t\u0259dbirl\u0259r g\u00f6r\u00fcld\u00fc, generatorlar g\u0259tirildi. G\u00fcl\u0259bird Su Elektrik Stansiyas\u0131ndan, &#8211; hans\u0131 ki, biz q\u0131sa m\u00fcdd\u0259t \u0259rzind\u0259 in\u015fa etmi\u015fik, &#8211; buraya x\u0259tl\u0259r \u00e7\u0259kil\u0259c\u0259k v\u0259 bel\u0259likl\u0259, elektrik enerjisi il\u0259 burada he\u00e7 bir problem olmayacaq. \u015e\u0259h\u0259rin vaxtil\u0259 &#8211; 1980-ci ill\u0259rd\u0259 t\u0259rtib edilmi\u015f Ba\u015f Plan\u0131 vard\u0131r. Bu, indi t\u0259hlil edilir, \u0259lav\u0259l\u0259r olunacaqd\u0131r v\u0259 La\u00e7\u0131n \u015f\u0259h\u0259rini biz b\u0259rpa ed\u0259c\u0259yik. \u00dcmid edir\u0259m ki, la\u00e7\u0131nl\u0131lar\u0131n birinci qrupu La\u00e7\u0131n \u015f\u0259h\u0259rin\u0259 g\u0259l\u0259n ilin sonuna q\u0259d\u0259r qay\u0131da bil\u0259rl\u0259r. M\u0259n buna \u00fcmid edir\u0259m v\u0259 \u0259limd\u0259n g\u0259l\u0259ni ed\u0259c\u0259y\u0259m ki, biz buna nail olaq, tezlikl\u0259 La\u00e7\u0131n \u015f\u0259h\u0259rini b\u0259rpa ed\u0259k. Biz b\u00fct\u00f6vl\u00fckd\u0259 La\u00e7\u0131n rayonunu v\u0259 b\u00fct\u00fcn ba\u015fqa rayonlar\u0131 b\u0259rpa ed\u0259c\u0259yik\u201d.<\/p>\n<p>\u201c\u0130ndi Az\u0259rbaycan xalq\u0131 g\u00f6r\u00fcr ki, biz n\u0259y\u0259 qadirik. G\u00f6r\u00fcr ki, biz m\u00fcharib\u0259d\u0259 d\u0259 q\u0259l\u0259b\u0259 qazan\u0131r\u0131q, h\u0259yatda da q\u0259l\u0259b\u0259 qazan\u0131r\u0131q v\u0259 bizi g\u00fccl\u00fc ed\u0259n xalq\u0131n irad\u0259sidir, xalq\u0131n birliyidir. M\u00fcharib\u0259d\u0259 d\u0259 Z\u0259f\u0259rimiz xalq\u0131n birliyi n\u0259tic\u0259sind\u0259 olmu\u015fdur. Bu g\u00fcn quruculuq-abadl\u0131q i\u015fl\u0259rini aparark\u0259n bizi g\u00fccl\u0259ndir\u0259n xalq\u0131n irad\u0259si, d\u0259st\u0259yidir.\u00a0Bir daha dem\u0259k ist\u0259yir\u0259m, f\u0259xr edir\u0259m ki, La\u00e7\u0131n \u015f\u0259h\u0259rinin m\u0259rk\u0259zind\u0259 milli bayra\u011f\u0131m\u0131z\u0131 ucaltd\u0131m. Bu bayraq burada \u0259b\u0259di dal\u011falanacaq! Biz burada \u0259b\u0259di ya\u015fayaca\u011f\u0131q! Ya\u015fas\u0131n La\u00e7\u0131n! Ya\u015fas\u0131n Az\u0259rbaycan!\u201d, &#8211; Ali Ba\u015f Komandan vur\u011fulay\u0131b.<\/p>\n","protected":false},"excerpt":{"rendered":"<p>\u201c\u00dcmid edir\u0259m ki, la\u00e7\u0131nl\u0131lar\u0131n birinci qrupu La\u00e7\u0131n \u015f\u0259h\u0259rin\u0259 g\u0259l\u0259n ilin sonuna q\u0259d\u0259r qay\u0131da bil\u0259rl\u0259r\u201d. AZ\u018fRTAC\u00a0x\u0259b\u0259r verir ki, bu bar\u0259d\u0259 Prezident\u00a0\u0130lham \u018fliyev\u00a0La\u00e7\u0131n \u015f\u0259h\u0259rind\u0259 Az\u0259rbaycan Bayra\u011f\u0131n\u0131n ucald\u0131lmas\u0131 m\u0259rasimind\u0259ki \u00e7\u0131x\u0131\u015f\u0131nda bildirib. \u201c\u201dBu g\u00fcn Murov da\u011f\u0131ndan buraya g\u0259l\u0259rk\u0259n, bu g\u00f6z\u0259l da\u011flara baxark\u0259n bir daha g\u00f6r\u00fcr\u0259m ki, bizim V\u0259t\u0259nimiz n\u0259 q\u0259d\u0259r g\u00f6z\u0259ldir. Murov da\u011f\u0131ndan, bax, La\u00e7\u0131n \u015f\u0259h\u0259rin\u0259 q\u0259d\u0259r 12 tunel tikilir, t\u0259s\u0259vv\u00fcr edin, t\u0259kc\u0259 bu istiqam\u0259td\u0259. M\u0259n h\u0259l\u0259 F\u00fczuli-\u015eu\u015fa istiqam\u0259tini, dig\u0259r istiqam\u0259tl\u0259ri, Horadiz-A\u011fb\u0259nd istiqam\u0259tini demir\u0259m. Ancaq Murov da\u011f\u0131ndan La\u00e7\u0131n \u015f\u0259h\u0259rin\u0259 q\u0259d\u0259r 12 tunel tikilir. Bu tunell\u0259rin \u00fcmumi uzunlu\u011fu 17,5 kilometrdir. Onlar\u0131n i\u00e7ind\u0259 \u0259n b\u00f6y\u00fcy\u00fc \u2013&hellip;<\/p>\n","protected":false},"author":2,"featured_media":515817,"comment_status":"closed","ping_status":"closed","sticky":false,"template":"","format":"standard","meta":{"om_disable_all_campaigns":false,"_monsterinsights_skip_tracking":false,"_monsterinsights_sitenote_active":false,"_monsterinsights_sitenote_note":"","_monsterinsights_sitenote_category":0},"categories":[4],"tags":[],"aioseo_notices":[],"gutentor_comment":0,"rttpg_featured_image_url":{"full":["https:\/\/arantv.az\/wp-content\/uploads\/2022\/09\/3c4ec149-a465-32b3-a2bf-c22aa85940fb_850.jpg",620,413,false],"landscape":["https:\/\/arantv.az\/wp-content\/uploads\/2022\/09\/3c4ec149-a465-32b3-a2bf-c22aa85940fb_850.jpg",620,413,false],"portraits":["https:\/\/arantv.az\/wp-content\/uploads\/2022\/09\/3c4ec149-a465-32b3-a2bf-c22aa85940fb_850.jpg",620,413,false],"thumbnail":["https:\/\/arantv.az\/wp-content\/uploads\/2022\/09\/3c4ec149-a465-32b3-a2bf-c22aa85940fb_850-500x280.jpg",500,280,true],"medium":["https:\/\/arantv.az\/wp-content\/uploads\/2022\/09\/3c4ec149-a465-32b3-a2bf-c22aa85940fb_850-548x365.jpg",548,365,true],"large":["https:\/\/arantv.az\/wp-content\/uploads\/2022\/09\/3c4ec149-a465-32b3-a2bf-c22aa85940fb_850.jpg",620,413,false],"1536x1536":["https:\/\/arantv.az\/wp-content\/uploads\/2022\/09\/3c4ec149-a465-32b3-a2bf-c22aa85940fb_850.jpg",620,413,false],"2048x2048":["https:\/\/arantv.az\/wp-content\/uploads\/2022\/09\/3c4ec149-a465-32b3-a2bf-c22aa85940fb_850.jpg",620,413,false],"post-thumbnail":["https:\/\/arantv.az\/wp-content\/uploads\/2022\/09\/3c4ec149-a465-32b3-a2bf-c22aa85940fb_850-240x172.jpg",240,172,true],"advps-thumb-one":["https:\/\/arantv.az\/wp-content\/uploads\/2022\/09\/3c4ec149-a465-32b3-a2bf-c22aa85940fb_850.jpg",620,413,false]},"rttpg_author":{"display_name":"V\u00fcsal Rafiqo\u011flu","author_link":"https:\/\/arantv.az\/?author=2"},"rttpg_comment":0,"rttpg_category":"<a href=\"https:\/\/arantv.az\/?cat=4\" rel=\"category\">Siyas\u0259t<\/a>","rttpg_excerpt":"\u201c\u00dcmid edir\u0259m ki, la\u00e7\u0131nl\u0131lar\u0131n birinci qrupu La\u00e7\u0131n \u015f\u0259h\u0259rin\u0259 g\u0259l\u0259n ilin sonuna q\u0259d\u0259r qay\u0131da bil\u0259rl\u0259r\u201d. AZ\u018fRTAC\u00a0x\u0259b\u0259r verir ki, bu bar\u0259d\u0259 Prezident\u00a0\u0130lham \u018fliyev\u00a0La\u00e7\u0131n \u015f\u0259h\u0259rind\u0259 Az\u0259rbaycan Bayra\u011f\u0131n\u0131n ucald\u0131lmas\u0131 m\u0259rasimind\u0259ki \u00e7\u0131x\u0131\u015f\u0131nda bildirib. \u201c\u201dBu g\u00fcn Murov da\u011f\u0131ndan buraya g\u0259l\u0259rk\u0259n, bu g\u00f6z\u0259l da\u011flara baxark\u0259n bir daha g\u00f6r\u00fcr\u0259m ki, bizim V\u0259t\u0259nimiz n\u0259 q\u0259d\u0259r g\u00f6z\u0259ldir. Murov da\u011f\u0131ndan, bax, La\u00e7\u0131n \u015f\u0259h\u0259rin\u0259 q\u0259d\u0259r 12 tunel&hellip;","_links":{"self":[{"href":"https:\/\/arantv.az\/index.php?rest_route=\/wp\/v2\/posts\/515816"}],"collection":[{"href":"https:\/\/arantv.az\/index.php?rest_route=\/wp\/v2\/posts"}],"about":[{"href":"https:\/\/arantv.az\/index.php?rest_route=\/wp\/v2\/types\/post"}],"author":[{"embeddable":true,"href":"https:\/\/arantv.az\/index.php?rest_route=\/wp\/v2\/users\/2"}],"replies":[{"embeddable":true,"href":"https:\/\/arantv.az\/index.php?rest_route=%2Fwp%2Fv2%2Fcomments&post=515816"}],"version-history":[{"count":0,"href":"https:\/\/arantv.az\/index.php?rest_route=\/wp\/v2\/posts\/515816\/revisions"}],"wp:featuredmedia":[{"embeddable":true,"href":"https:\/\/arantv.az\/index.php?rest_route=\/wp\/v2\/media\/515817"}],"wp:attachment":[{"href":"https:\/\/arantv.az\/index.php?rest_route=%2Fwp%2Fv2%2Fmedia&parent=515816"}],"wp:term":[{"taxonomy":"category","embeddable":true,"href":"https:\/\/arantv.az\/index.php?rest_route=%2Fwp%2Fv2%2Fcategories&post=515816"},{"taxonomy":"post_tag","embeddable":true,"href":"https:\/\/arantv.az\/index.php?rest_route=%2Fwp%2Fv2%2Ftags&post=515816"}],"curies":[{"name":"wp","href":"https:\/\/api.w.org\/{rel}","templated":true}]}}