{"id":515819,"date":"2022-09-21T19:17:30","date_gmt":"2022-09-21T16:17:30","guid":{"rendered":"https:\/\/arantv.az\/?p=515819"},"modified":"2022-09-21T19:17:30","modified_gmt":"2022-09-21T16:17:30","slug":"ilham-%c9%99liyev-erm%c9%99nistan-sulh-ist%c9%99mir-yen%c9%99-d%c9%99-revansist-fikirl%c9%99rl%c9%99-yasayir","status":"publish","type":"post","link":"https:\/\/arantv.az\/?p=515819","title":{"rendered":"\u0130lham \u018fliyev: \u201cErm\u0259nistan s\u00fclh ist\u0259mir, yen\u0259 d\u0259 revan\u015fist fikirl\u0259rl\u0259 ya\u015fay\u0131r\u201d"},"content":{"rendered":"<p>\u201cYen\u0259 d\u0259 g\u00f6r\u00fcr\u00fck ki, Erm\u0259nistan s\u00fclh ist\u0259mir, yen\u0259 d\u0259 revan\u015fist fikirl\u0259rl\u0259 ya\u015fay\u0131r\u201d.<\/p>\n<div class=\"AdviadNativeVideo\"><\/div>\n<p><a href=\"https:\/\/azertag.az\/xeber\/Prezident_Ilham_Aliyev_Lachin_seherinde_Azerbaycan_Bayragini_ucaldib-2301368?fbclid=IwAR2E3nCriCoBEPVMdrGUwaONh60eaUELzdZ2jJrC3fdA3o2bDCEp4uNRYU0\" target=\"_blank\" rel=\"noopener\">AZ\u018fRTAC<\/a>\u00a0x\u0259b\u0259r verir ki, bu bar\u0259d\u0259 Prezident\u00a0<strong>\u0130lham \u018fliyev<\/strong>\u00a0La\u00e7\u0131n \u015f\u0259h\u0259rind\u0259 Az\u0259rbaycan Bayra\u011f\u0131n\u0131n ucald\u0131lmas\u0131 m\u0259rasimind\u0259ki \u00e7\u0131x\u0131\u015f\u0131nda bildirib.<\/p>\n<p>D\u00f6vl\u0259t ba\u015f\u00e7\u0131s\u0131 bildirib ki, aprel d\u00f6y\u00fc\u015fl\u0259rind\u0259n sonra Erm\u0259nistan qorxuya d\u00fc\u015fm\u00fc\u015fd\u00fc v\u0259 faktiki olaraq i\u015f\u011fal edilmi\u015f torpaqlardan qo\u015funlar\u0131 \u00e7\u0131xarma\u011fa haz\u0131r idi, h\u0259tta buna s\u00f6z vermi\u015fdi:<\/p>\n<p>\u201cAncaq ondan sonra s\u00f6z\u00fcn\u00fc tutmad\u0131. Aprel d\u00f6y\u00fc\u015fl\u0259ri onlar \u00fc\u00e7\u00fcn d\u0259rs olmad\u0131. Ondan iki il sonra Nax\u00e7\u0131vanda \u201cG\u00fcnn\u00fct\u201d \u0259m\u0259liyyat\u0131 ke\u00e7irildi, strateji y\u00fcks\u0259klikl\u0259r n\u0259zar\u0259t\u0259 g\u00f6t\u00fcr\u00fcld\u00fc. Bu da onlara d\u0259rs olmad\u0131. N\u0259hay\u0259t \u0130kinci Qaraba\u011f m\u00fcharib\u0259si Erm\u0259nistan ordusunun tamamil\u0259 darmada\u011f\u0131n edilm\u0259si il\u0259 n\u0259tic\u0259l\u0259ndi v\u0259 m\u00fcz\u0259ff\u0259r Az\u0259rbaycan Ordusu \u00f6z do\u011fma torpaqlar\u0131n\u0131 azad etdi. Biz hesab edirdik ki, n\u0259hay\u0259t bu, onlara d\u0259rs olacaq. \u00c7\u00fcnki Erm\u0259nistan ordusu tamamil\u0259 da\u011f\u0131lm\u0131\u015f v\u0259ziyy\u0259td\u0259dir. M\u00fcharib\u0259 d\u00f6vr\u00fcnd\u0259 10 min f\u0259rarisi olan \u00f6lk\u0259 m\u00fcharib\u0259 aparmaq iqtidar\u0131nda deyil, n\u0259 fiziki c\u0259h\u0259td\u0259n, n\u0259 m\u0259n\u0259vi c\u0259h\u0259td\u0259n\u201d.<\/p>\n<p>\u201cBiz m\u00fcharib\u0259d\u0259n d\u0259rhal sonra onlara s\u00fclh t\u0259klif etdik. Bu da d\u00fcnya h\u0259rb tarixind\u0259 b\u0259lk\u0259 d\u0259 nadir hallardan biridir ki, 30 il \u0259rzind\u0259 torpa\u011f\u0131m\u0131z i\u015f\u011fal alt\u0131nda olsun, insanlar\u0131m\u0131z \u0259zab-\u0259ziyy\u0259t i\u00e7ind\u0259 ya\u015fas\u0131n, tarixi-dini abid\u0259l\u0259rimiz da\u011f\u0131d\u0131ls\u0131n, \u015f\u0259h\u0259rl\u0259rimiz da\u011f\u0131d\u0131ls\u0131n, milyondan \u00e7ox mina d\u00f6\u015f\u0259nsin, buna baxmayaraq, biz s\u00fclh t\u0259klif etdik. Ancaq yen\u0259 d\u0259 g\u00f6r\u00fcr\u00fck ki, Erm\u0259nistan s\u00fclh ist\u0259mir, yen\u0259 d\u0259 revan\u015fist fikirl\u0259rl\u0259 ya\u015fay\u0131r. Biz t\u0259klif etdik ki, delimitasiya prosesin\u0259 start ver\u0259k. Bunu t\u0259xmin\u0259n bir ild\u0259n \u00e7ox m\u00fcdd\u0259t \u0259rzind\u0259 uzatd\u0131. \u0130ndi is\u0259 bu proses ba\u015flasa da, s\u0131rf formal xarakter da\u015f\u0131y\u0131r, mahiyy\u0259t \u00fczr\u0259 he\u00e7 bir dan\u0131\u015f\u0131qlar apar\u0131lm\u0131r, x\u0259rit\u0259l\u0259r \u00fczr\u0259 he\u00e7 bir m\u00fczakir\u0259 apar\u0131lm\u0131r. Biz b\u00fct\u00fcn x\u0259rit\u0259l\u0259ri haz\u0131rlam\u0131\u015f\u0131q. H\u0259m XX \u0259srin x\u0259rit\u0259l\u0259rini, h\u0259m \u0259vv\u0259lki d\u00f6vr\u00fcn x\u0259rit\u0259l\u0259rini v\u0259 delimitasiya i\u015fl\u0259ri bu x\u0259rit\u0259l\u0259r \u00fczr\u0259 apar\u0131lmal\u0131d\u0131r\u201d, &#8211; Prezident \u0130lham \u018fliyev vur\u011fulay\u0131b.<\/p>\n","protected":false},"excerpt":{"rendered":"<p>\u201cYen\u0259 d\u0259 g\u00f6r\u00fcr\u00fck ki, Erm\u0259nistan s\u00fclh ist\u0259mir, yen\u0259 d\u0259 revan\u015fist fikirl\u0259rl\u0259 ya\u015fay\u0131r\u201d. AZ\u018fRTAC\u00a0x\u0259b\u0259r verir ki, bu bar\u0259d\u0259 Prezident\u00a0\u0130lham \u018fliyev\u00a0La\u00e7\u0131n \u015f\u0259h\u0259rind\u0259 Az\u0259rbaycan Bayra\u011f\u0131n\u0131n ucald\u0131lmas\u0131 m\u0259rasimind\u0259ki \u00e7\u0131x\u0131\u015f\u0131nda bildirib. D\u00f6vl\u0259t ba\u015f\u00e7\u0131s\u0131 bildirib ki, aprel d\u00f6y\u00fc\u015fl\u0259rind\u0259n sonra Erm\u0259nistan qorxuya d\u00fc\u015fm\u00fc\u015fd\u00fc v\u0259 faktiki olaraq i\u015f\u011fal edilmi\u015f torpaqlardan qo\u015funlar\u0131 \u00e7\u0131xarma\u011fa haz\u0131r idi, h\u0259tta buna s\u00f6z vermi\u015fdi: \u201cAncaq ondan sonra s\u00f6z\u00fcn\u00fc tutmad\u0131. Aprel d\u00f6y\u00fc\u015fl\u0259ri onlar \u00fc\u00e7\u00fcn d\u0259rs olmad\u0131. Ondan iki il sonra Nax\u00e7\u0131vanda \u201cG\u00fcnn\u00fct\u201d \u0259m\u0259liyyat\u0131 ke\u00e7irildi, strateji y\u00fcks\u0259klikl\u0259r n\u0259zar\u0259t\u0259 g\u00f6t\u00fcr\u00fcld\u00fc. Bu da onlara d\u0259rs olmad\u0131. N\u0259hay\u0259t \u0130kinci Qaraba\u011f m\u00fcharib\u0259si Erm\u0259nistan ordusunun tamamil\u0259 darmada\u011f\u0131n edilm\u0259si il\u0259 n\u0259tic\u0259l\u0259ndi v\u0259&hellip;<\/p>\n","protected":false},"author":2,"featured_media":515821,"comment_status":"closed","ping_status":"closed","sticky":false,"template":"","format":"standard","meta":{"om_disable_all_campaigns":false,"_monsterinsights_skip_tracking":false,"_monsterinsights_sitenote_active":false,"_monsterinsights_sitenote_note":"","_monsterinsights_sitenote_category":0},"categories":[4],"tags":[],"aioseo_notices":[],"gutentor_comment":0,"rttpg_featured_image_url":{"full":["https:\/\/arantv.az\/wp-content\/uploads\/2022\/09\/16637707732032049031_1000x669.jpg",620,413,false],"landscape":["https:\/\/arantv.az\/wp-content\/uploads\/2022\/09\/16637707732032049031_1000x669.jpg",620,413,false],"portraits":["https:\/\/arantv.az\/wp-content\/uploads\/2022\/09\/16637707732032049031_1000x669.jpg",620,413,false],"thumbnail":["https:\/\/arantv.az\/wp-content\/uploads\/2022\/09\/16637707732032049031_1000x669-500x280.jpg",500,280,true],"medium":["https:\/\/arantv.az\/wp-content\/uploads\/2022\/09\/16637707732032049031_1000x669-548x365.jpg",548,365,true],"large":["https:\/\/arantv.az\/wp-content\/uploads\/2022\/09\/16637707732032049031_1000x669.jpg",620,413,false],"1536x1536":["https:\/\/arantv.az\/wp-content\/uploads\/2022\/09\/16637707732032049031_1000x669.jpg",620,413,false],"2048x2048":["https:\/\/arantv.az\/wp-content\/uploads\/2022\/09\/16637707732032049031_1000x669.jpg",620,413,false],"post-thumbnail":["https:\/\/arantv.az\/wp-content\/uploads\/2022\/09\/16637707732032049031_1000x669-240x172.jpg",240,172,true],"advps-thumb-one":["https:\/\/arantv.az\/wp-content\/uploads\/2022\/09\/16637707732032049031_1000x669.jpg",620,413,false]},"rttpg_author":{"display_name":"V\u00fcsal Rafiqo\u011flu","author_link":"https:\/\/arantv.az\/?author=2"},"rttpg_comment":0,"rttpg_category":"<a href=\"https:\/\/arantv.az\/?cat=4\" rel=\"category\">Siyas\u0259t<\/a>","rttpg_excerpt":"\u201cYen\u0259 d\u0259 g\u00f6r\u00fcr\u00fck ki, Erm\u0259nistan s\u00fclh ist\u0259mir, yen\u0259 d\u0259 revan\u015fist fikirl\u0259rl\u0259 ya\u015fay\u0131r\u201d. AZ\u018fRTAC\u00a0x\u0259b\u0259r verir ki, bu bar\u0259d\u0259 Prezident\u00a0\u0130lham \u018fliyev\u00a0La\u00e7\u0131n \u015f\u0259h\u0259rind\u0259 Az\u0259rbaycan Bayra\u011f\u0131n\u0131n ucald\u0131lmas\u0131 m\u0259rasimind\u0259ki \u00e7\u0131x\u0131\u015f\u0131nda bildirib. D\u00f6vl\u0259t ba\u015f\u00e7\u0131s\u0131 bildirib ki, aprel d\u00f6y\u00fc\u015fl\u0259rind\u0259n sonra Erm\u0259nistan qorxuya d\u00fc\u015fm\u00fc\u015fd\u00fc v\u0259 faktiki olaraq i\u015f\u011fal edilmi\u015f torpaqlardan qo\u015funlar\u0131 \u00e7\u0131xarma\u011fa haz\u0131r idi, h\u0259tta buna s\u00f6z vermi\u015fdi: \u201cAncaq ondan sonra s\u00f6z\u00fcn\u00fc tutmad\u0131.&hellip;","_links":{"self":[{"href":"https:\/\/arantv.az\/index.php?rest_route=\/wp\/v2\/posts\/515819"}],"collection":[{"href":"https:\/\/arantv.az\/index.php?rest_route=\/wp\/v2\/posts"}],"about":[{"href":"https:\/\/arantv.az\/index.php?rest_route=\/wp\/v2\/types\/post"}],"author":[{"embeddable":true,"href":"https:\/\/arantv.az\/index.php?rest_route=\/wp\/v2\/users\/2"}],"replies":[{"embeddable":true,"href":"https:\/\/arantv.az\/index.php?rest_route=%2Fwp%2Fv2%2Fcomments&post=515819"}],"version-history":[{"count":0,"href":"https:\/\/arantv.az\/index.php?rest_route=\/wp\/v2\/posts\/515819\/revisions"}],"wp:featuredmedia":[{"embeddable":true,"href":"https:\/\/arantv.az\/index.php?rest_route=\/wp\/v2\/media\/515821"}],"wp:attachment":[{"href":"https:\/\/arantv.az\/index.php?rest_route=%2Fwp%2Fv2%2Fmedia&parent=515819"}],"wp:term":[{"taxonomy":"category","embeddable":true,"href":"https:\/\/arantv.az\/index.php?rest_route=%2Fwp%2Fv2%2Fcategories&post=515819"},{"taxonomy":"post_tag","embeddable":true,"href":"https:\/\/arantv.az\/index.php?rest_route=%2Fwp%2Fv2%2Ftags&post=515819"}],"curies":[{"name":"wp","href":"https:\/\/api.w.org\/{rel}","templated":true}]}}