{"id":515822,"date":"2022-09-21T19:18:10","date_gmt":"2022-09-21T16:18:10","guid":{"rendered":"https:\/\/arantv.az\/?p=515822"},"modified":"2022-09-21T19:18:10","modified_gmt":"2022-09-21T16:18:10","slug":"ali-bas-komandan-s%c9%99hidl%c9%99rimizin-cani-qani-bahasina-bu-gun-bu-torpaqlardayiq","status":"publish","type":"post","link":"https:\/\/arantv.az\/?p=515822","title":{"rendered":"Ali Ba\u015f Komandan: \u201c\u015e\u0259hidl\u0259rimizin can\u0131, qan\u0131 bahas\u0131na bu g\u00fcn bu torpaqlarday\u0131q\u201d"},"content":{"rendered":"<p>\u201cBiz \u015f\u0259hidl\u0259rimizin can\u0131, qan\u0131 bahas\u0131na, q\u0259hr\u0259man \u0259sg\u0259r v\u0259 zabitl\u0259rimizin f\u0259dakarl\u0131\u011f\u0131 say\u0259sind\u0259 bu g\u00fcn bu torpaqlarday\u0131q\u201d.<\/p>\n<p><a href=\"https:\/\/azertag.az\/xeber\/Prezident_Ilham_Aliyev_Lachin_seherinde_Azerbaycan_Bayragini_ucaldib-2301368?fbclid=IwAR2E3nCriCoBEPVMdrGUwaONh60eaUELzdZ2jJrC3fdA3o2bDCEp4uNRYU0\" target=\"_blank\" rel=\"noopener\">AZ\u018fRTAC<\/a>\u00a0x\u0259b\u0259r verir ki, bu bar\u0259d\u0259 Prezident\u00a0<strong>\u0130lham \u018fliyev<\/strong>\u00a0La\u00e7\u0131n \u015f\u0259h\u0259rind\u0259 Az\u0259rbaycan Bayra\u011f\u0131n\u0131n ucald\u0131lmas\u0131 m\u0259rasimind\u0259ki \u00e7\u0131x\u0131\u015f\u0131nda bildirib.<\/p>\n<p>\u201cHe\u00e7 kim bu torpaqlar\u0131 biz\u0259 ba\u011f\u0131\u015flamay\u0131b, he\u00e7 kim bu torpaqlar\u0131 biz\u0259 dan\u0131\u015f\u0131qlar yolu il\u0259 qaytarmay\u0131b. Beyn\u0259lxalq t\u0259\u015fkilatlar, o c\u00fcml\u0259d\u0259n BMT, onun T\u0259hl\u00fck\u0259sizlik \u015euras\u0131, AT\u018fT i\u015f\u011fal\u00e7\u0131 d\u00f6vl\u0259ti m\u0259cbur edib buradan \u00e7\u0131xarmal\u0131 idi. Erm\u0259nistana qar\u015f\u0131 sanksiyalar t\u0259tbiq edilm\u0259li idi. Bunlar\u0131n he\u00e7 biri g\u00f6r\u00fclm\u0259di. \u018fksin\u0259, bu i\u015f\u011fal\u0131 \u0259b\u0259dil\u0259\u015fdirm\u0259k \u00fc\u00e7\u00fcn Erm\u0259nistan, d\u00fcnya erm\u0259niliyi v\u0259 onlar\u0131n xaricd\u0259ki havadarlar\u0131 birl\u0259\u015f\u0259r\u0259k bu \u00e7irkin niyy\u0259ti h\u0259yata ke\u00e7irm\u0259k ist\u0259yirdil\u0259r. M\u0259n is\u0259 h\u0259mi\u015f\u0259 deyirdim ki, Az\u0259rbaycan xalq\u0131 buna he\u00e7 vaxt raz\u0131 olmayacaq. H\u0259mi\u015f\u0259 deyirdim ki, m\u0259s\u0259l\u0259 s\u00fclh yolu il\u0259 h\u0259ll olunmasa, bunu h\u0259rb yolu il\u0259 h\u0259ll ed\u0259c\u0259yik v\u0259 etdik. C\u0259mi 44 g\u00fcn \u0259rzind\u0259 Erm\u0259nistan ordusunu darmada\u011f\u0131n etdik. Al\u0131nmaz qala say\u0131lan \u015eu\u015fan\u0131 azad etdik. C\u0259bray\u0131l\u0131, F\u00fczulini, Z\u0259ngilan\u0131, Qubadl\u0131n\u0131, Hadrutu, Xocav\u0259ndi d\u00f6y\u00fc\u015f meydan\u0131nda azad etdik. D\u00fc\u015fm\u0259n diz \u00e7\u00f6kd\u00fc v\u0259 La\u00e7\u0131n\u0131, K\u0259lb\u0259c\u0259ri, A\u011fdam\u0131 t\u0259rk etm\u0259y\u0259 m\u0259cbur oldu. Bu g\u00fcn La\u00e7\u0131n \u015f\u0259h\u0259rind\u0259 olark\u0259n haql\u0131 olaraq q\u00fcrur hissi ke\u00e7irir\u0259m ki, q\u0259dim Az\u0259rbaycan torpa\u011f\u0131nda bizim \u00fc\u00e7r\u0259ngli Bayra\u011f\u0131m\u0131z dal\u011falan\u0131r. \u0130kinci Qaraba\u011f m\u00fcharib\u0259si olmaya da bil\u0259rdi, \u0259g\u0259r Erm\u0259nistan bizim s\u00f6z\u00fcm\u00fcz\u0259 baxsayd\u0131. \u018fg\u0259r \u00f6z xo\u015fu il\u0259 torpaqlar\u0131m\u0131zdan \u00e7\u0131xsayd\u0131, \u0130kinci Qaraba\u011f m\u00fcharib\u0259si olmaya bil\u0259rdi. 2016-c\u0131 ilin Aprel d\u00f6y\u00fc\u015fl\u0259ri bizim \u00e7ox b\u00f6y\u00fck q\u0259l\u0259b\u0259miz idi, m\u0259n\u0259vi c\u0259h\u0259td\u0259n v\u0259 strateji n\u00f6qteyi-n\u0259z\u0259rd\u0259n. O d\u00f6y\u00fc\u015fl\u0259r n\u0259tic\u0259sind\u0259 azad etdiyimiz y\u00fcks\u0259klikl\u0259r biz\u0259 \u0259lav\u0259 imkanlar yaratd\u0131, o c\u00fcml\u0259d\u0259n \u0130kinci Qaraba\u011f m\u00fcharib\u0259sind\u0259 u\u011furlu y\u00fcr\u00fc\u015f\u00fcm\u00fcz\u0259 d\u0259 z\u0259min yaratd\u0131\u201d, &#8211; d\u00f6vl\u0259t ba\u015f\u00e7\u0131s\u0131 qeyd edib.<\/p>\n","protected":false},"excerpt":{"rendered":"<p>\u201cBiz \u015f\u0259hidl\u0259rimizin can\u0131, qan\u0131 bahas\u0131na, q\u0259hr\u0259man \u0259sg\u0259r v\u0259 zabitl\u0259rimizin f\u0259dakarl\u0131\u011f\u0131 say\u0259sind\u0259 bu g\u00fcn bu torpaqlarday\u0131q\u201d. AZ\u018fRTAC\u00a0x\u0259b\u0259r verir ki, bu bar\u0259d\u0259 Prezident\u00a0\u0130lham \u018fliyev\u00a0La\u00e7\u0131n \u015f\u0259h\u0259rind\u0259 Az\u0259rbaycan Bayra\u011f\u0131n\u0131n ucald\u0131lmas\u0131 m\u0259rasimind\u0259ki \u00e7\u0131x\u0131\u015f\u0131nda bildirib. \u201cHe\u00e7 kim bu torpaqlar\u0131 biz\u0259 ba\u011f\u0131\u015flamay\u0131b, he\u00e7 kim bu torpaqlar\u0131 biz\u0259 dan\u0131\u015f\u0131qlar yolu il\u0259 qaytarmay\u0131b. Beyn\u0259lxalq t\u0259\u015fkilatlar, o c\u00fcml\u0259d\u0259n BMT, onun T\u0259hl\u00fck\u0259sizlik \u015euras\u0131, AT\u018fT i\u015f\u011fal\u00e7\u0131 d\u00f6vl\u0259ti m\u0259cbur edib buradan \u00e7\u0131xarmal\u0131 idi. Erm\u0259nistana qar\u015f\u0131 sanksiyalar t\u0259tbiq edilm\u0259li idi. Bunlar\u0131n he\u00e7 biri g\u00f6r\u00fclm\u0259di. \u018fksin\u0259, bu i\u015f\u011fal\u0131 \u0259b\u0259dil\u0259\u015fdirm\u0259k \u00fc\u00e7\u00fcn Erm\u0259nistan, d\u00fcnya erm\u0259niliyi v\u0259 onlar\u0131n xaricd\u0259ki havadarlar\u0131 birl\u0259\u015f\u0259r\u0259k bu \u00e7irkin niyy\u0259ti h\u0259yata ke\u00e7irm\u0259k ist\u0259yirdil\u0259r. M\u0259n&hellip;<\/p>\n","protected":false},"author":2,"featured_media":515826,"comment_status":"closed","ping_status":"closed","sticky":false,"template":"","format":"standard","meta":{"om_disable_all_campaigns":false,"_monsterinsights_skip_tracking":false,"_monsterinsights_sitenote_active":false,"_monsterinsights_sitenote_note":"","_monsterinsights_sitenote_category":0},"categories":[4],"tags":[],"aioseo_notices":[],"gutentor_comment":0,"rttpg_featured_image_url":{"full":["https:\/\/arantv.az\/wp-content\/uploads\/2022\/09\/1663770773833733715_1000x669.jpg",620,413,false],"landscape":["https:\/\/arantv.az\/wp-content\/uploads\/2022\/09\/1663770773833733715_1000x669.jpg",620,413,false],"portraits":["https:\/\/arantv.az\/wp-content\/uploads\/2022\/09\/1663770773833733715_1000x669.jpg",620,413,false],"thumbnail":["https:\/\/arantv.az\/wp-content\/uploads\/2022\/09\/1663770773833733715_1000x669-500x280.jpg",500,280,true],"medium":["https:\/\/arantv.az\/wp-content\/uploads\/2022\/09\/1663770773833733715_1000x669-548x365.jpg",548,365,true],"large":["https:\/\/arantv.az\/wp-content\/uploads\/2022\/09\/1663770773833733715_1000x669.jpg",620,413,false],"1536x1536":["https:\/\/arantv.az\/wp-content\/uploads\/2022\/09\/1663770773833733715_1000x669.jpg",620,413,false],"2048x2048":["https:\/\/arantv.az\/wp-content\/uploads\/2022\/09\/1663770773833733715_1000x669.jpg",620,413,false],"post-thumbnail":["https:\/\/arantv.az\/wp-content\/uploads\/2022\/09\/1663770773833733715_1000x669-240x172.jpg",240,172,true],"advps-thumb-one":["https:\/\/arantv.az\/wp-content\/uploads\/2022\/09\/1663770773833733715_1000x669.jpg",620,413,false]},"rttpg_author":{"display_name":"V\u00fcsal Rafiqo\u011flu","author_link":"https:\/\/arantv.az\/?author=2"},"rttpg_comment":0,"rttpg_category":"<a href=\"https:\/\/arantv.az\/?cat=4\" rel=\"category\">Siyas\u0259t<\/a>","rttpg_excerpt":"\u201cBiz \u015f\u0259hidl\u0259rimizin can\u0131, qan\u0131 bahas\u0131na, q\u0259hr\u0259man \u0259sg\u0259r v\u0259 zabitl\u0259rimizin f\u0259dakarl\u0131\u011f\u0131 say\u0259sind\u0259 bu g\u00fcn bu torpaqlarday\u0131q\u201d. AZ\u018fRTAC\u00a0x\u0259b\u0259r verir ki, bu bar\u0259d\u0259 Prezident\u00a0\u0130lham \u018fliyev\u00a0La\u00e7\u0131n \u015f\u0259h\u0259rind\u0259 Az\u0259rbaycan Bayra\u011f\u0131n\u0131n ucald\u0131lmas\u0131 m\u0259rasimind\u0259ki \u00e7\u0131x\u0131\u015f\u0131nda bildirib. \u201cHe\u00e7 kim bu torpaqlar\u0131 biz\u0259 ba\u011f\u0131\u015flamay\u0131b, he\u00e7 kim bu torpaqlar\u0131 biz\u0259 dan\u0131\u015f\u0131qlar yolu il\u0259 qaytarmay\u0131b. Beyn\u0259lxalq t\u0259\u015fkilatlar, o c\u00fcml\u0259d\u0259n BMT, onun T\u0259hl\u00fck\u0259sizlik \u015euras\u0131, AT\u018fT i\u015f\u011fal\u00e7\u0131 d\u00f6vl\u0259ti&hellip;","_links":{"self":[{"href":"https:\/\/arantv.az\/index.php?rest_route=\/wp\/v2\/posts\/515822"}],"collection":[{"href":"https:\/\/arantv.az\/index.php?rest_route=\/wp\/v2\/posts"}],"about":[{"href":"https:\/\/arantv.az\/index.php?rest_route=\/wp\/v2\/types\/post"}],"author":[{"embeddable":true,"href":"https:\/\/arantv.az\/index.php?rest_route=\/wp\/v2\/users\/2"}],"replies":[{"embeddable":true,"href":"https:\/\/arantv.az\/index.php?rest_route=%2Fwp%2Fv2%2Fcomments&post=515822"}],"version-history":[{"count":0,"href":"https:\/\/arantv.az\/index.php?rest_route=\/wp\/v2\/posts\/515822\/revisions"}],"wp:featuredmedia":[{"embeddable":true,"href":"https:\/\/arantv.az\/index.php?rest_route=\/wp\/v2\/media\/515826"}],"wp:attachment":[{"href":"https:\/\/arantv.az\/index.php?rest_route=%2Fwp%2Fv2%2Fmedia&parent=515822"}],"wp:term":[{"taxonomy":"category","embeddable":true,"href":"https:\/\/arantv.az\/index.php?rest_route=%2Fwp%2Fv2%2Fcategories&post=515822"},{"taxonomy":"post_tag","embeddable":true,"href":"https:\/\/arantv.az\/index.php?rest_route=%2Fwp%2Fv2%2Ftags&post=515822"}],"curies":[{"name":"wp","href":"https:\/\/api.w.org\/{rel}","templated":true}]}}