{"id":515825,"date":"2022-09-21T19:18:59","date_gmt":"2022-09-21T16:18:59","guid":{"rendered":"https:\/\/arantv.az\/?p=515825"},"modified":"2022-09-21T19:18:59","modified_gmt":"2022-09-21T16:18:59","slug":"ilham-%c9%99liyev-biziml%c9%99-hec-kim-ultimatum-dili-il%c9%99-danisa-bilm%c9%99z-v%c9%99-hec-kim%c9%99-d%c9%99-bel-baglamasinlar","status":"publish","type":"post","link":"https:\/\/arantv.az\/?p=515825","title":{"rendered":"\u0130lham \u018fliyev: \u201cBiziml\u0259 he\u00e7 kim ultimatum dili il\u0259 dan\u0131\u015fa bilm\u0259z v\u0259 he\u00e7 kim\u0259 d\u0259 bel ba\u011flamas\u0131nlar\u201d"},"content":{"rendered":"<p>\u201cBiziml\u0259 he\u00e7 kim ultimatum dili il\u0259 dan\u0131\u015fa bilm\u0259z v\u0259 he\u00e7 kim\u0259 d\u0259 bel ba\u011flamas\u0131nlar\u201d.<\/p>\n<div class=\"AdviadNativeVideo\"><\/div>\n<p><a href=\"https:\/\/azertag.az\/xeber\/Prezident_Ilham_Aliyev_Lachin_seherinde_Azerbaycan_Bayragini_ucaldib-2301368?fbclid=IwAR1EOrA7CWPRg36Mo3v39nkY28S5Ep_jV3rMx1tdmgvQJ5DyhnCwVdnqaRM\" target=\"_blank\" rel=\"noopener\">AZ\u018fRTAC<\/a>\u00a0x\u0259b\u0259r verir ki, bu bar\u0259d\u0259 Az\u0259rbaycan Prezidenti\u00a0<strong>\u0130lham \u018fliyev<\/strong>\u00a0La\u00e7\u0131n \u015f\u0259h\u0259rind\u0259 Az\u0259rbaycan Bayra\u011f\u0131n\u0131 ucaldark\u0259n \u00e7\u0131x\u0131\u015f\u0131 zaman\u0131 deyib.<\/p>\n<p>Prezident qeyd edib:<\/p>\n<p>\u201cBu g\u00fcn Erm\u0259nistan yax\u015f\u0131 fikirl\u0259\u015fm\u0259lidir. Biziml\u0259 he\u00e7 kim ultimatum dili il\u0259 dan\u0131\u015fa bilm\u0259z v\u0259 he\u00e7 kim\u0259 d\u0259 bel ba\u011flamas\u0131nlar. M\u0259n bir daha dem\u0259k ist\u0259yir\u0259m ki, bizi he\u00e7 kim v\u0259 he\u00e7 n\u0259 dayand\u0131ra bilm\u0259z. Biz haqq\u0131n, \u0259dal\u0259tin, beyn\u0259lxalq h\u00fcququn t\u0259r\u0259fdar\u0131y\u0131q v\u0259 \u00f6z \u0259razi b\u00fct\u00f6vl\u00fcy\u00fcm\u00fcz\u00fc qoruyuruq, qorumu\u015fuq, b\u0259rpa etmi\u015fik. B\u00fct\u00fcn d\u00fcnyaya g\u00f6st\u0259r\u0259 bilmi\u015fik ki, n\u0259y\u0259 qadirik, torpaqlar\u0131m\u0131z\u0131 g\u00fcc yolu il\u0259 azad etmi\u015fik v\u0259 bununla f\u0259xr edirik. B\u00fct\u00fcn Az\u0259rbaycan xalq\u0131, b\u00fct\u00fcn d\u00fcnya az\u0259rbaycanl\u0131lar\u0131 bununla f\u0259xr edir. Biz \u015f\u0259hidl\u0259rimizl\u0259, Ordumuzla, h\u0259rb\u00e7il\u0259rimizl\u0259 f\u0259xr edirik v\u0259 bu g\u00fcn burada dal\u011falanan \u00fc\u00e7r\u0259ngli Bayra\u011f\u0131m\u0131z bizim Z\u0259f\u0259rimizin r\u0259mzidir.<\/p>\n<p>\u0130ndi is\u0259 vaxt g\u0259lib \u00e7at\u0131b ki, biz La\u00e7\u0131n \u015f\u0259h\u0259rini b\u0259rpa ed\u0259k. Art\u0131q buna haz\u0131rl\u0131q i\u015fl\u0259ri g\u00f6r\u00fcl\u00fcr. M\u0259n avqustun 26-dan d\u0259rhal sonra buraya bir ne\u00e7\u0259 qrup g\u00f6nd\u0259rmi\u015f\u0259m, b\u00fct\u00fcn ya\u015fay\u0131\u015f fondunun t\u0259hlili, u\u00e7otu apar\u0131lacaqd\u0131r, d\u0259ymi\u015f ziyan hesablanacaqd\u0131r. Eyni zamanda, t\u0259xir\u0259sal\u0131nmaz i\u015fl\u0259rin g\u00f6r\u00fclm\u0259si \u00fc\u00e7\u00fcn t\u0259klifl\u0259r haz\u0131rlanacaqd\u0131r. La\u00e7\u0131n \u015f\u0259h\u0259ri, Zabux k\u0259ndi, Sus k\u0259ndi, ilk n\u00f6vb\u0259d\u0259, yenid\u0259n qurulacaq. \u018fmin\u0259m ki, biz buna tez bir zamanda nail olaca\u011f\u0131q. \u00c7\u00fcnki V\u0259t\u0259n m\u00fcharib\u0259sind\u0259n sonra bu g\u00fcn\u0259 q\u0259d\u0259r ke\u00e7\u0259n d\u00f6vr \u0259rzind\u0259 g\u00f6rd\u00fcy\u00fcm\u00fcz i\u015fl\u0259r &#8211; geni\u015fmiqyasl\u0131 quruculuq v\u0259 b\u0259rpa i\u015fl\u0259ri g\u00f6st\u0259rir ki, biz \u00f6z diyar\u0131m\u0131z\u0131, V\u0259t\u0259nimizi \u00f6z hesab\u0131m\u0131za b\u0259rpa edirik v\u0259 ed\u0259c\u0259yik\u201d.<\/p>\n","protected":false},"excerpt":{"rendered":"<p>\u201cBiziml\u0259 he\u00e7 kim ultimatum dili il\u0259 dan\u0131\u015fa bilm\u0259z v\u0259 he\u00e7 kim\u0259 d\u0259 bel ba\u011flamas\u0131nlar\u201d. AZ\u018fRTAC\u00a0x\u0259b\u0259r verir ki, bu bar\u0259d\u0259 Az\u0259rbaycan Prezidenti\u00a0\u0130lham \u018fliyev\u00a0La\u00e7\u0131n \u015f\u0259h\u0259rind\u0259 Az\u0259rbaycan Bayra\u011f\u0131n\u0131 ucaldark\u0259n \u00e7\u0131x\u0131\u015f\u0131 zaman\u0131 deyib. Prezident qeyd edib: \u201cBu g\u00fcn Erm\u0259nistan yax\u015f\u0131 fikirl\u0259\u015fm\u0259lidir. Biziml\u0259 he\u00e7 kim ultimatum dili il\u0259 dan\u0131\u015fa bilm\u0259z v\u0259 he\u00e7 kim\u0259 d\u0259 bel ba\u011flamas\u0131nlar. M\u0259n bir daha dem\u0259k ist\u0259yir\u0259m ki, bizi he\u00e7 kim v\u0259 he\u00e7 n\u0259 dayand\u0131ra bilm\u0259z. Biz haqq\u0131n, \u0259dal\u0259tin, beyn\u0259lxalq h\u00fcququn t\u0259r\u0259fdar\u0131y\u0131q v\u0259 \u00f6z \u0259razi b\u00fct\u00f6vl\u00fcy\u00fcm\u00fcz\u00fc qoruyuruq, qorumu\u015fuq, b\u0259rpa etmi\u015fik. B\u00fct\u00fcn d\u00fcnyaya g\u00f6st\u0259r\u0259 bilmi\u015fik ki, n\u0259y\u0259 qadirik, torpaqlar\u0131m\u0131z\u0131 g\u00fcc yolu il\u0259&hellip;<\/p>\n","protected":false},"author":2,"featured_media":515829,"comment_status":"closed","ping_status":"closed","sticky":false,"template":"","format":"standard","meta":{"om_disable_all_campaigns":false,"_monsterinsights_skip_tracking":false,"_monsterinsights_sitenote_active":false,"_monsterinsights_sitenote_note":"","_monsterinsights_sitenote_category":0},"categories":[4],"tags":[],"aioseo_notices":[],"gutentor_comment":0,"rttpg_featured_image_url":{"full":["https:\/\/arantv.az\/wp-content\/uploads\/2022\/09\/16637707732111252322_1000x669.jpg",620,413,false],"landscape":["https:\/\/arantv.az\/wp-content\/uploads\/2022\/09\/16637707732111252322_1000x669.jpg",620,413,false],"portraits":["https:\/\/arantv.az\/wp-content\/uploads\/2022\/09\/16637707732111252322_1000x669.jpg",620,413,false],"thumbnail":["https:\/\/arantv.az\/wp-content\/uploads\/2022\/09\/16637707732111252322_1000x669-500x280.jpg",500,280,true],"medium":["https:\/\/arantv.az\/wp-content\/uploads\/2022\/09\/16637707732111252322_1000x669-548x365.jpg",548,365,true],"large":["https:\/\/arantv.az\/wp-content\/uploads\/2022\/09\/16637707732111252322_1000x669.jpg",620,413,false],"1536x1536":["https:\/\/arantv.az\/wp-content\/uploads\/2022\/09\/16637707732111252322_1000x669.jpg",620,413,false],"2048x2048":["https:\/\/arantv.az\/wp-content\/uploads\/2022\/09\/16637707732111252322_1000x669.jpg",620,413,false],"post-thumbnail":["https:\/\/arantv.az\/wp-content\/uploads\/2022\/09\/16637707732111252322_1000x669-240x172.jpg",240,172,true],"advps-thumb-one":["https:\/\/arantv.az\/wp-content\/uploads\/2022\/09\/16637707732111252322_1000x669.jpg",620,413,false]},"rttpg_author":{"display_name":"V\u00fcsal Rafiqo\u011flu","author_link":"https:\/\/arantv.az\/?author=2"},"rttpg_comment":0,"rttpg_category":"<a href=\"https:\/\/arantv.az\/?cat=4\" rel=\"category\">Siyas\u0259t<\/a>","rttpg_excerpt":"\u201cBiziml\u0259 he\u00e7 kim ultimatum dili il\u0259 dan\u0131\u015fa bilm\u0259z v\u0259 he\u00e7 kim\u0259 d\u0259 bel ba\u011flamas\u0131nlar\u201d. AZ\u018fRTAC\u00a0x\u0259b\u0259r verir ki, bu bar\u0259d\u0259 Az\u0259rbaycan Prezidenti\u00a0\u0130lham \u018fliyev\u00a0La\u00e7\u0131n \u015f\u0259h\u0259rind\u0259 Az\u0259rbaycan Bayra\u011f\u0131n\u0131 ucaldark\u0259n \u00e7\u0131x\u0131\u015f\u0131 zaman\u0131 deyib. Prezident qeyd edib: \u201cBu g\u00fcn Erm\u0259nistan yax\u015f\u0131 fikirl\u0259\u015fm\u0259lidir. Biziml\u0259 he\u00e7 kim ultimatum dili il\u0259 dan\u0131\u015fa bilm\u0259z v\u0259 he\u00e7 kim\u0259 d\u0259 bel ba\u011flamas\u0131nlar. M\u0259n bir daha dem\u0259k&hellip;","_links":{"self":[{"href":"https:\/\/arantv.az\/index.php?rest_route=\/wp\/v2\/posts\/515825"}],"collection":[{"href":"https:\/\/arantv.az\/index.php?rest_route=\/wp\/v2\/posts"}],"about":[{"href":"https:\/\/arantv.az\/index.php?rest_route=\/wp\/v2\/types\/post"}],"author":[{"embeddable":true,"href":"https:\/\/arantv.az\/index.php?rest_route=\/wp\/v2\/users\/2"}],"replies":[{"embeddable":true,"href":"https:\/\/arantv.az\/index.php?rest_route=%2Fwp%2Fv2%2Fcomments&post=515825"}],"version-history":[{"count":0,"href":"https:\/\/arantv.az\/index.php?rest_route=\/wp\/v2\/posts\/515825\/revisions"}],"wp:featuredmedia":[{"embeddable":true,"href":"https:\/\/arantv.az\/index.php?rest_route=\/wp\/v2\/media\/515829"}],"wp:attachment":[{"href":"https:\/\/arantv.az\/index.php?rest_route=%2Fwp%2Fv2%2Fmedia&parent=515825"}],"wp:term":[{"taxonomy":"category","embeddable":true,"href":"https:\/\/arantv.az\/index.php?rest_route=%2Fwp%2Fv2%2Fcategories&post=515825"},{"taxonomy":"post_tag","embeddable":true,"href":"https:\/\/arantv.az\/index.php?rest_route=%2Fwp%2Fv2%2Ftags&post=515825"}],"curies":[{"name":"wp","href":"https:\/\/api.w.org\/{rel}","templated":true}]}}