{"id":515828,"date":"2022-09-21T19:19:32","date_gmt":"2022-09-21T16:19:32","guid":{"rendered":"https:\/\/arantv.az\/?p=515828"},"modified":"2022-09-21T19:19:32","modified_gmt":"2022-09-21T16:19:32","slug":"prezident-delimitasiya-aparilmadan-bizi-hec-kim-ittiham-ed%c9%99-bilm%c9%99z","status":"publish","type":"post","link":"https:\/\/arantv.az\/?p=515828","title":{"rendered":"Prezident: \u201cDelimitasiya apar\u0131lmadan bizi he\u00e7 kim ittiham ed\u0259 bilm\u0259z\u201d"},"content":{"rendered":"<p>\u201cDelimitasiya apar\u0131lmadan bizi he\u00e7 kim ittiham ed\u0259 bilm\u0259z\u201d.<\/p>\n<div class=\"AdviadNativeVideo\"><\/div>\n<p><a href=\"https:\/\/azertag.az\/xeber\/Prezident_Ilham_Aliyev_Lachin_seherinde_Azerbaycan_Bayragini_ucaldib-2301368?fbclid=IwAR1EOrA7CWPRg36Mo3v39nkY28S5Ep_jV3rMx1tdmgvQJ5DyhnCwVdnqaRM\" target=\"_blank\" rel=\"noopener\">AZ\u018fRTAC<\/a>\u00a0x\u0259b\u0259r verir ki, bu bar\u0259d\u0259 Az\u0259rbaycan Prezidenti<strong>\u00a0\u0130lham \u018fliyev<\/strong>\u00a0La\u00e7\u0131n \u015f\u0259h\u0259rind\u0259 Az\u0259rbaycan Bayra\u011f\u0131n\u0131 ucaldark\u0259n \u00e7\u0131x\u0131\u015f\u0131 zaman\u0131 deyib.<\/p>\n<p>\u201c\u0130kinci Qaraba\u011f m\u00fcharib\u0259si ba\u015fa \u00e7atandan sonra biz s\u0259rh\u0259dl\u0259r\u0259 \u00e7\u0131xd\u0131q. \u018fg\u0259r Erm\u0259nistan bizi ittiham etm\u0259k ist\u0259yirs\u0259 ki, onlar\u0131n \u0259razisin\u0259 girmi\u015fik, bunun he\u00e7 bir \u0259sas\u0131 yoxdur. Birincisi, \u0259g\u0259r s\u0259rh\u0259d onlar\u0131n dediyi yerd\u0259 idis\u0259 s\u0259rh\u0259di qurayd\u0131lar, s\u0259rh\u0259d x\u0259tl\u0259rini in\u015fa ed\u0259ydil\u0259r, kommunikasiyalar\u0131, m\u00fch\u0259ndis i\u015fl\u0259rini qurayd\u0131lar. Onlar hesab edirdil\u0259r ki, b\u00fct\u00fcn Qaraba\u011f v\u0259 Z\u0259ng\u0259zur onlara qalacaq. M\u0259hz buna g\u00f6r\u0259 Az\u0259rbaycan-Erm\u0259nistan s\u0259rh\u0259dind\u0259 he\u00e7 bir i\u015f g\u00f6rm\u0259mi\u015fdil\u0259r.<\/p>\n<p>Y\u0259ni, bizim s\u0259rh\u0259dimizin delimitasiyas\u0131 ke\u00e7irilm\u0259d\u0259n he\u00e7 kim dey\u0259 bilm\u0259z s\u0259rh\u0259d haradan ke\u00e7ir. M\u0259n yen\u0259 d\u0259 deyir\u0259m, biz m\u00fczakir\u0259l\u0259r\u0259 haz\u0131r\u0131q v\u0259 delimitasiya komissiyalar\u0131n\u0131n &#8211; Az\u0259rbaycan-Erm\u0259nistan komissiyalar\u0131n\u0131n i\u015fin\u0259 m\u0259suliyy\u0259tl\u0259 yana\u015f\u0131r\u0131q. B\u00fct\u00fcn x\u0259rit\u0259l\u0259ri toplam\u0131\u015f\u0131q. Bir daha dem\u0259k ist\u0259yir\u0259m ki, b\u00fct\u00fcn x\u0259rit\u0259l\u0259r, o c\u00fcml\u0259d\u0259n XIX \u0259sr\u0259, XX \u0259sr\u0259, ondan \u0259vv\u0259lki d\u00f6vr\u0259 aid olan x\u0259rit\u0259l\u0259r bizd\u0259dir v\u0259 o x\u0259rit\u0259l\u0259r a\u00e7\u0131q-ayd\u0131n g\u00f6st\u0259rir, kim hans\u0131 torpaqda yerl\u0259\u015fibdir. Ona g\u00f6r\u0259 delimitasiya apar\u0131lmadan bizi he\u00e7 kim ittiham ed\u0259 bilm\u0259z.<\/p>\n<p>Sentyabr\u0131n 13-d\u0259 biz yen\u0259 d\u0259 \u015f\u0259hidl\u0259r verdik. Allah b\u00fct\u00fcn \u015f\u0259hidl\u0259rimiz\u0259 r\u0259hm\u0259t el\u0259sin. Allah qazil\u0259rimiz\u0259 \u015f\u0259fa versin. Allah \u015f\u0259hidl\u0259rimizin yax\u0131nlar\u0131na s\u0259bir versin. Amma onlar bilm\u0259lidirl\u0259r ki, \u015f\u0259hidl\u0259r V\u0259t\u0259n u\u011frunda \u015f\u0259had\u0259t\u0259 y\u00fcks\u0259libl\u0259r. Biz m\u00fcharib\u0259 ist\u0259mirik, ist\u0259mirdik. M\u0259hz buna g\u00f6r\u0259 30 il\u0259 yax\u0131n m\u00fcdd\u0259t \u0259rzind\u0259 dan\u0131\u015f\u0131qlar apar\u0131rd\u0131q. M\u0259hz ona g\u00f6r\u0259 \u0130kinci Qaraba\u011f m\u00fcharib\u0259sind\u0259n sonra Erm\u0259nistanla s\u00fclh m\u00fcqavil\u0259si imzalamaq ist\u0259yirik\u201d, &#8211; d\u00f6vl\u0259t ba\u015f\u00e7\u0131s\u0131 qeyd edib.<\/p>\n","protected":false},"excerpt":{"rendered":"<p>\u201cDelimitasiya apar\u0131lmadan bizi he\u00e7 kim ittiham ed\u0259 bilm\u0259z\u201d. AZ\u018fRTAC\u00a0x\u0259b\u0259r verir ki, bu bar\u0259d\u0259 Az\u0259rbaycan Prezidenti\u00a0\u0130lham \u018fliyev\u00a0La\u00e7\u0131n \u015f\u0259h\u0259rind\u0259 Az\u0259rbaycan Bayra\u011f\u0131n\u0131 ucaldark\u0259n \u00e7\u0131x\u0131\u015f\u0131 zaman\u0131 deyib. \u201c\u0130kinci Qaraba\u011f m\u00fcharib\u0259si ba\u015fa \u00e7atandan sonra biz s\u0259rh\u0259dl\u0259r\u0259 \u00e7\u0131xd\u0131q. \u018fg\u0259r Erm\u0259nistan bizi ittiham etm\u0259k ist\u0259yirs\u0259 ki, onlar\u0131n \u0259razisin\u0259 girmi\u015fik, bunun he\u00e7 bir \u0259sas\u0131 yoxdur. Birincisi, \u0259g\u0259r s\u0259rh\u0259d onlar\u0131n dediyi yerd\u0259 idis\u0259 s\u0259rh\u0259di qurayd\u0131lar, s\u0259rh\u0259d x\u0259tl\u0259rini in\u015fa ed\u0259ydil\u0259r, kommunikasiyalar\u0131, m\u00fch\u0259ndis i\u015fl\u0259rini qurayd\u0131lar. Onlar hesab edirdil\u0259r ki, b\u00fct\u00fcn Qaraba\u011f v\u0259 Z\u0259ng\u0259zur onlara qalacaq. M\u0259hz buna g\u00f6r\u0259 Az\u0259rbaycan-Erm\u0259nistan s\u0259rh\u0259dind\u0259 he\u00e7 bir i\u015f g\u00f6rm\u0259mi\u015fdil\u0259r. Y\u0259ni, bizim s\u0259rh\u0259dimizin delimitasiyas\u0131 ke\u00e7irilm\u0259d\u0259n he\u00e7 kim&hellip;<\/p>\n","protected":false},"author":2,"featured_media":515832,"comment_status":"closed","ping_status":"closed","sticky":false,"template":"","format":"standard","meta":{"om_disable_all_campaigns":false,"_monsterinsights_skip_tracking":false,"_monsterinsights_sitenote_active":false,"_monsterinsights_sitenote_note":"","_monsterinsights_sitenote_category":0},"categories":[4],"tags":[],"aioseo_notices":[],"gutentor_comment":0,"rttpg_featured_image_url":{"full":["https:\/\/arantv.az\/wp-content\/uploads\/2022\/09\/1663770773894013104_1000x669.jpg",620,413,false],"landscape":["https:\/\/arantv.az\/wp-content\/uploads\/2022\/09\/1663770773894013104_1000x669.jpg",620,413,false],"portraits":["https:\/\/arantv.az\/wp-content\/uploads\/2022\/09\/1663770773894013104_1000x669.jpg",620,413,false],"thumbnail":["https:\/\/arantv.az\/wp-content\/uploads\/2022\/09\/1663770773894013104_1000x669-500x280.jpg",500,280,true],"medium":["https:\/\/arantv.az\/wp-content\/uploads\/2022\/09\/1663770773894013104_1000x669-548x365.jpg",548,365,true],"large":["https:\/\/arantv.az\/wp-content\/uploads\/2022\/09\/1663770773894013104_1000x669.jpg",620,413,false],"1536x1536":["https:\/\/arantv.az\/wp-content\/uploads\/2022\/09\/1663770773894013104_1000x669.jpg",620,413,false],"2048x2048":["https:\/\/arantv.az\/wp-content\/uploads\/2022\/09\/1663770773894013104_1000x669.jpg",620,413,false],"post-thumbnail":["https:\/\/arantv.az\/wp-content\/uploads\/2022\/09\/1663770773894013104_1000x669-240x172.jpg",240,172,true],"advps-thumb-one":["https:\/\/arantv.az\/wp-content\/uploads\/2022\/09\/1663770773894013104_1000x669.jpg",620,413,false]},"rttpg_author":{"display_name":"V\u00fcsal Rafiqo\u011flu","author_link":"https:\/\/arantv.az\/?author=2"},"rttpg_comment":0,"rttpg_category":"<a href=\"https:\/\/arantv.az\/?cat=4\" rel=\"category\">Siyas\u0259t<\/a>","rttpg_excerpt":"\u201cDelimitasiya apar\u0131lmadan bizi he\u00e7 kim ittiham ed\u0259 bilm\u0259z\u201d. AZ\u018fRTAC\u00a0x\u0259b\u0259r verir ki, bu bar\u0259d\u0259 Az\u0259rbaycan Prezidenti\u00a0\u0130lham \u018fliyev\u00a0La\u00e7\u0131n \u015f\u0259h\u0259rind\u0259 Az\u0259rbaycan Bayra\u011f\u0131n\u0131 ucaldark\u0259n \u00e7\u0131x\u0131\u015f\u0131 zaman\u0131 deyib. \u201c\u0130kinci Qaraba\u011f m\u00fcharib\u0259si ba\u015fa \u00e7atandan sonra biz s\u0259rh\u0259dl\u0259r\u0259 \u00e7\u0131xd\u0131q. \u018fg\u0259r Erm\u0259nistan bizi ittiham etm\u0259k ist\u0259yirs\u0259 ki, onlar\u0131n \u0259razisin\u0259 girmi\u015fik, bunun he\u00e7 bir \u0259sas\u0131 yoxdur. Birincisi, \u0259g\u0259r s\u0259rh\u0259d onlar\u0131n dediyi yerd\u0259 idis\u0259 s\u0259rh\u0259di&hellip;","_links":{"self":[{"href":"https:\/\/arantv.az\/index.php?rest_route=\/wp\/v2\/posts\/515828"}],"collection":[{"href":"https:\/\/arantv.az\/index.php?rest_route=\/wp\/v2\/posts"}],"about":[{"href":"https:\/\/arantv.az\/index.php?rest_route=\/wp\/v2\/types\/post"}],"author":[{"embeddable":true,"href":"https:\/\/arantv.az\/index.php?rest_route=\/wp\/v2\/users\/2"}],"replies":[{"embeddable":true,"href":"https:\/\/arantv.az\/index.php?rest_route=%2Fwp%2Fv2%2Fcomments&post=515828"}],"version-history":[{"count":0,"href":"https:\/\/arantv.az\/index.php?rest_route=\/wp\/v2\/posts\/515828\/revisions"}],"wp:featuredmedia":[{"embeddable":true,"href":"https:\/\/arantv.az\/index.php?rest_route=\/wp\/v2\/media\/515832"}],"wp:attachment":[{"href":"https:\/\/arantv.az\/index.php?rest_route=%2Fwp%2Fv2%2Fmedia&parent=515828"}],"wp:term":[{"taxonomy":"category","embeddable":true,"href":"https:\/\/arantv.az\/index.php?rest_route=%2Fwp%2Fv2%2Fcategories&post=515828"},{"taxonomy":"post_tag","embeddable":true,"href":"https:\/\/arantv.az\/index.php?rest_route=%2Fwp%2Fv2%2Ftags&post=515828"}],"curies":[{"name":"wp","href":"https:\/\/api.w.org\/{rel}","templated":true}]}}