{"id":515831,"date":"2022-09-21T19:20:15","date_gmt":"2022-09-21T16:20:15","guid":{"rendered":"https:\/\/arantv.az\/?p=515831"},"modified":"2022-09-21T19:20:15","modified_gmt":"2022-09-21T16:20:15","slug":"dovl%c9%99t-bascisi-g%c9%99l%c9%99n-ilin-sonunda-erm%c9%99nistan-s%c9%99rh%c9%99din%c9%99-h%c9%99m-d%c9%99mir-yolunu-h%c9%99m-avtomobil-yolunu-g%c9%99tir%c9%99c%c9%99yik","status":"publish","type":"post","link":"https:\/\/arantv.az\/?p=515831","title":{"rendered":"D\u00f6vl\u0259t ba\u015f\u00e7\u0131s\u0131: \u201cG\u0259l\u0259n ilin sonunda Erm\u0259nistan s\u0259rh\u0259din\u0259 h\u0259m d\u0259mir yolunu, h\u0259m avtomobil yolunu g\u0259tir\u0259c\u0259yik\u201d"},"content":{"rendered":"<p>\u201cBiz g\u0259l\u0259n ilin sonunda Erm\u0259nistan s\u0259rh\u0259din\u0259 h\u0259m d\u0259mir yolunu, h\u0259m avtomobil yolunu g\u0259tir\u0259c\u0259yik\u201d.<\/p>\n<p><a href=\"https:\/\/azertag.az\/xeber\/Prezident_Ilham_Aliyev_Lachin_seherinde_Azerbaycan_Bayragini_ucaldib-2301368?fbclid=IwAR1EOrA7CWPRg36Mo3v39nkY28S5Ep_jV3rMx1tdmgvQJ5DyhnCwVdnqaRM\" target=\"_blank\" rel=\"noopener\">AZ\u018fRTAC<\/a>\u00a0x\u0259b\u0259r verir ki, bu bar\u0259d\u0259 Az\u0259rbaycan Prezidenti\u00a0<strong>\u0130lham \u018fliyev\u00a0<\/strong>La\u00e7\u0131n \u015f\u0259h\u0259rind\u0259 Az\u0259rbaycan Bayra\u011f\u0131n\u0131 ucaldark\u0259n \u00e7\u0131x\u0131\u015f\u0131 zaman\u0131 deyib.<\/p>\n<p>\u201cBiz Erm\u0259nistanla s\u00fclh m\u00fcqavil\u0259sini imzalamaq \u00fc\u00e7\u00fcn 5 prinsip t\u0259klif etmi\u015fik. S\u00f6zd\u0259 onlar\u0131 q\u0259bul edibl\u0259r, amma biz bunu \u0259m\u0259ld\u0259 g\u00f6rm\u00fcr\u00fck. Yen\u0259 d\u0259 vaxt uzatma taktikas\u0131. Erm\u0259nistan\u0131n 2020-ci il noyabr\u0131n 10-da imzalad\u0131\u011f\u0131 kapitulyasiya akt\u0131na \u0259sas\u0259n, erm\u0259ni silahl\u0131 q\u00fcvv\u0259l\u0259ri Qaraba\u011fdan \u00e7\u0131xar\u0131lmal\u0131 idi. H\u0259l\u0259 d\u0259 tam \u00e7\u0131xar\u0131lmay\u0131b. Erm\u0259nistan Az\u0259rbaycan\u0131n \u0259sas hiss\u0259si il\u0259 Nax\u00e7\u0131van Muxtar Respublikas\u0131n\u0131n birl\u0259\u015fm\u0259sini t\u0259min ed\u0259n d\u0259hliz verm\u0259li idi. Bu g\u00fcn\u0259 q\u0259d\u0259r n\u0259inki d\u0259hliz verilm\u0259yib, h\u0259tta d\u0259hlizin mar\u015frutu biz\u0259 deyilm\u0259yib. He\u00e7 bir praktiki i\u015f apar\u0131lmay\u0131b. Biz is\u0259 indi d\u0259mir yolunu Z\u0259ngilana q\u0259d\u0259r \u00e7\u0259kmi\u015fik. Avtomobil yolunu Z\u0259ngilana q\u0259d\u0259r \u00e7\u0259kmi\u015fik. Biz g\u0259l\u0259n ilin sonunda Erm\u0259nistan s\u0259rh\u0259din\u0259 h\u0259m d\u0259mir yolunu, h\u0259m avtomobil yolunu g\u0259tir\u0259c\u0259yik. Ancaq Erm\u0259nistan \u0259razisind\u0259 he\u00e7 bir i\u015f g\u00f6r\u00fclm\u00fcr v\u0259 g\u00f6r\u00fcn\u00fcr ki, he\u00e7 bir i\u015f g\u00f6rm\u0259k ist\u0259mirl\u0259r. Yen\u0259 d\u0259 vaxt uzad\u0131rlar\u201d, &#8211; d\u00f6vl\u0259t ba\u015f\u00e7\u0131s\u0131 vur\u011fulay\u0131b.<\/p>\n","protected":false},"excerpt":{"rendered":"<p>\u201cBiz g\u0259l\u0259n ilin sonunda Erm\u0259nistan s\u0259rh\u0259din\u0259 h\u0259m d\u0259mir yolunu, h\u0259m avtomobil yolunu g\u0259tir\u0259c\u0259yik\u201d. AZ\u018fRTAC\u00a0x\u0259b\u0259r verir ki, bu bar\u0259d\u0259 Az\u0259rbaycan Prezidenti\u00a0\u0130lham \u018fliyev\u00a0La\u00e7\u0131n \u015f\u0259h\u0259rind\u0259 Az\u0259rbaycan Bayra\u011f\u0131n\u0131 ucaldark\u0259n \u00e7\u0131x\u0131\u015f\u0131 zaman\u0131 deyib. \u201cBiz Erm\u0259nistanla s\u00fclh m\u00fcqavil\u0259sini imzalamaq \u00fc\u00e7\u00fcn 5 prinsip t\u0259klif etmi\u015fik. S\u00f6zd\u0259 onlar\u0131 q\u0259bul edibl\u0259r, amma biz bunu \u0259m\u0259ld\u0259 g\u00f6rm\u00fcr\u00fck. Yen\u0259 d\u0259 vaxt uzatma taktikas\u0131. Erm\u0259nistan\u0131n 2020-ci il noyabr\u0131n 10-da imzalad\u0131\u011f\u0131 kapitulyasiya akt\u0131na \u0259sas\u0259n, erm\u0259ni silahl\u0131 q\u00fcvv\u0259l\u0259ri Qaraba\u011fdan \u00e7\u0131xar\u0131lmal\u0131 idi. H\u0259l\u0259 d\u0259 tam \u00e7\u0131xar\u0131lmay\u0131b. Erm\u0259nistan Az\u0259rbaycan\u0131n \u0259sas hiss\u0259si il\u0259 Nax\u00e7\u0131van Muxtar Respublikas\u0131n\u0131n birl\u0259\u015fm\u0259sini t\u0259min ed\u0259n d\u0259hliz verm\u0259li idi. Bu g\u00fcn\u0259 q\u0259d\u0259r n\u0259inki d\u0259hliz&hellip;<\/p>\n","protected":false},"author":2,"featured_media":515836,"comment_status":"closed","ping_status":"closed","sticky":false,"template":"","format":"standard","meta":{"om_disable_all_campaigns":false,"_monsterinsights_skip_tracking":false,"_monsterinsights_sitenote_active":false,"_monsterinsights_sitenote_note":"","_monsterinsights_sitenote_category":0},"categories":[4],"tags":[],"aioseo_notices":[],"gutentor_comment":0,"rttpg_featured_image_url":{"full":["https:\/\/arantv.az\/wp-content\/uploads\/2022\/09\/67d712a5-e535-388f-8c27-043ab11df832_850-1.jpg",620,413,false],"landscape":["https:\/\/arantv.az\/wp-content\/uploads\/2022\/09\/67d712a5-e535-388f-8c27-043ab11df832_850-1.jpg",620,413,false],"portraits":["https:\/\/arantv.az\/wp-content\/uploads\/2022\/09\/67d712a5-e535-388f-8c27-043ab11df832_850-1.jpg",620,413,false],"thumbnail":["https:\/\/arantv.az\/wp-content\/uploads\/2022\/09\/67d712a5-e535-388f-8c27-043ab11df832_850-1-500x280.jpg",500,280,true],"medium":["https:\/\/arantv.az\/wp-content\/uploads\/2022\/09\/67d712a5-e535-388f-8c27-043ab11df832_850-1-548x365.jpg",548,365,true],"large":["https:\/\/arantv.az\/wp-content\/uploads\/2022\/09\/67d712a5-e535-388f-8c27-043ab11df832_850-1.jpg",620,413,false],"1536x1536":["https:\/\/arantv.az\/wp-content\/uploads\/2022\/09\/67d712a5-e535-388f-8c27-043ab11df832_850-1.jpg",620,413,false],"2048x2048":["https:\/\/arantv.az\/wp-content\/uploads\/2022\/09\/67d712a5-e535-388f-8c27-043ab11df832_850-1.jpg",620,413,false],"post-thumbnail":["https:\/\/arantv.az\/wp-content\/uploads\/2022\/09\/67d712a5-e535-388f-8c27-043ab11df832_850-1-240x172.jpg",240,172,true],"advps-thumb-one":["https:\/\/arantv.az\/wp-content\/uploads\/2022\/09\/67d712a5-e535-388f-8c27-043ab11df832_850-1.jpg",620,413,false]},"rttpg_author":{"display_name":"V\u00fcsal Rafiqo\u011flu","author_link":"https:\/\/arantv.az\/?author=2"},"rttpg_comment":0,"rttpg_category":"<a href=\"https:\/\/arantv.az\/?cat=4\" rel=\"category\">Siyas\u0259t<\/a>","rttpg_excerpt":"\u201cBiz g\u0259l\u0259n ilin sonunda Erm\u0259nistan s\u0259rh\u0259din\u0259 h\u0259m d\u0259mir yolunu, h\u0259m avtomobil yolunu g\u0259tir\u0259c\u0259yik\u201d. AZ\u018fRTAC\u00a0x\u0259b\u0259r verir ki, bu bar\u0259d\u0259 Az\u0259rbaycan Prezidenti\u00a0\u0130lham \u018fliyev\u00a0La\u00e7\u0131n \u015f\u0259h\u0259rind\u0259 Az\u0259rbaycan Bayra\u011f\u0131n\u0131 ucaldark\u0259n \u00e7\u0131x\u0131\u015f\u0131 zaman\u0131 deyib. \u201cBiz Erm\u0259nistanla s\u00fclh m\u00fcqavil\u0259sini imzalamaq \u00fc\u00e7\u00fcn 5 prinsip t\u0259klif etmi\u015fik. S\u00f6zd\u0259 onlar\u0131 q\u0259bul edibl\u0259r, amma biz bunu \u0259m\u0259ld\u0259 g\u00f6rm\u00fcr\u00fck. Yen\u0259 d\u0259 vaxt uzatma taktikas\u0131. Erm\u0259nistan\u0131n 2020-ci il&hellip;","_links":{"self":[{"href":"https:\/\/arantv.az\/index.php?rest_route=\/wp\/v2\/posts\/515831"}],"collection":[{"href":"https:\/\/arantv.az\/index.php?rest_route=\/wp\/v2\/posts"}],"about":[{"href":"https:\/\/arantv.az\/index.php?rest_route=\/wp\/v2\/types\/post"}],"author":[{"embeddable":true,"href":"https:\/\/arantv.az\/index.php?rest_route=\/wp\/v2\/users\/2"}],"replies":[{"embeddable":true,"href":"https:\/\/arantv.az\/index.php?rest_route=%2Fwp%2Fv2%2Fcomments&post=515831"}],"version-history":[{"count":0,"href":"https:\/\/arantv.az\/index.php?rest_route=\/wp\/v2\/posts\/515831\/revisions"}],"wp:featuredmedia":[{"embeddable":true,"href":"https:\/\/arantv.az\/index.php?rest_route=\/wp\/v2\/media\/515836"}],"wp:attachment":[{"href":"https:\/\/arantv.az\/index.php?rest_route=%2Fwp%2Fv2%2Fmedia&parent=515831"}],"wp:term":[{"taxonomy":"category","embeddable":true,"href":"https:\/\/arantv.az\/index.php?rest_route=%2Fwp%2Fv2%2Fcategories&post=515831"},{"taxonomy":"post_tag","embeddable":true,"href":"https:\/\/arantv.az\/index.php?rest_route=%2Fwp%2Fv2%2Ftags&post=515831"}],"curies":[{"name":"wp","href":"https:\/\/api.w.org\/{rel}","templated":true}]}}