{"id":515835,"date":"2022-09-21T19:20:55","date_gmt":"2022-09-21T16:20:55","guid":{"rendered":"https:\/\/arantv.az\/?p=515835"},"modified":"2022-09-21T19:20:55","modified_gmt":"2022-09-21T16:20:55","slug":"ilham-%c9%99liyev-erm%c9%99nistan-bir-daha-gordu-ki-hec-kimin-z%c9%99ngi-hec-bir-b%c9%99yanat-bizi-dayandira-bilm%c9%99z","status":"publish","type":"post","link":"https:\/\/arantv.az\/?p=515835","title":{"rendered":"\u0130lham \u018fliyev: \u201cErm\u0259nistan bir daha g\u00f6rd\u00fc ki, he\u00e7 kimin z\u0259ngi, he\u00e7 bir b\u0259yanat bizi dayand\u0131ra bilm\u0259z\u201d"},"content":{"rendered":"<p>\u201cBiz ta Murov da\u011f\u0131ndan Araz \u00e7ay\u0131na q\u0259d\u0259r Az\u0259rbaycan-Erm\u0259nistan s\u0259rh\u0259dind\u0259 \u0259lveri\u015fli m\u00f6vqel\u0259rd\u0259yik\u201d.<\/p>\n<div class=\"AdviadNativeVideo\"><\/div>\n<p><a href=\"https:\/\/azertag.az\/xeber\/Prezident_Ilham_Aliyev_Lachin_seherinde_Azerbaycan_Bayragini_ucaldib-2301368?fbclid=IwAR1EOrA7CWPRg36Mo3v39nkY28S5Ep_jV3rMx1tdmgvQJ5DyhnCwVdnqaRM\" target=\"_blank\" rel=\"noopener\">AZ\u018fRTAC<\/a>\u00a0x\u0259b\u0259r verir ki, bu bar\u0259d\u0259 Az\u0259rbaycan Prezidenti\u00a0<strong>\u0130lham \u018fliyev<\/strong>\u00a0La\u00e7\u0131n \u015f\u0259h\u0259rind\u0259 Az\u0259rbaycan Bayra\u011f\u0131n\u0131 ucaldark\u0259n \u00e7\u0131x\u0131\u015f\u0131 zaman\u0131 deyib.<\/p>\n<p>\u201cSon aylar \u0259rzind\u0259 d\u0259f\u0259l\u0259rl\u0259 biz\u0259 qar\u015f\u0131 h\u0259rbi t\u0259xribatlar t\u00f6r\u0259dilirdi. T\u0259kc\u0259 La\u00e7\u0131n rayonu \u0259razisind\u0259 1400-d\u0259n \u00e7ox yeni mina d\u00f6\u015f\u0259nmi\u015fdir v\u0259 bu minalar 2021-ci ild\u0259 basd\u0131r\u0131lm\u0131\u015fd\u0131r, y\u0259ni, m\u00fcharib\u0259d\u0259n sonra. Bu, Az\u0259rbaycana qar\u015f\u0131 a\u00e7\u0131q terror h\u0259r\u0259k\u0259tidir. M\u00fcharib\u0259d\u0259n sonra 240-dan \u00e7ox Az\u0259rbaycan v\u0259t\u0259nda\u015f\u0131 mina partlay\u0131\u015f\u0131 n\u0259tic\u0259sind\u0259 ya h\u0259lak olub, ya da a\u011f\u0131r yaralan\u0131b. Y\u0259ni, biz\u0259 qar\u015f\u0131 m\u00fcharib\u0259 davam edir, bizim insanlar\u0131m\u0131z h\u0259lak olur. Biz buna imkan ver\u0259 bil\u0259rikmi? He\u00e7 vaxt buna imkan ver\u0259 bilm\u0259rik. Erm\u0259nistan\u0131 d\u0259f\u0259l\u0259rl\u0259 x\u0259b\u0259rdar etmi\u015fik, bu \u00e7irkin \u0259m\u0259ll\u0259rd\u0259n \u0259l \u00e7\u0259ksin, pe\u015fman olacaq.<\/p>\n<p>N\u0259tic\u0259 etibaril\u0259 sentyabr\u0131n 13-d\u0259 biz\u0259 qar\u015f\u0131 n\u00f6vb\u0259ti t\u0259xribat t\u00f6r\u0259dil\u0259rk\u0259n Az\u0259rbaycan Ordusu cavab ver\u0259r\u0259k d\u00fc\u015fm\u0259ni yen\u0259 d\u0259 yerin\u0259 oturtdu. \u00dcmid edir\u0259m ki, n\u0259hay\u0259t bu, onlara d\u0259rs olacaq. \u00c7\u00fcnki g\u00f6rd\u00fcl\u0259r ki, bizi he\u00e7 kim v\u0259 he\u00e7 n\u0259 dayand\u0131ra bilm\u0259z. He\u00e7 kimin z\u0259ngi, he\u00e7 bir b\u0259yanat, he\u00e7 bir t\u0259\u015f\u0259bb\u00fcs bizi dayand\u0131ra bilm\u0259z. Biz \u00f6z torpa\u011f\u0131m\u0131zday\u0131q v\u0259 \u00f6z torpa\u011f\u0131m\u0131z\u0131 qoruyuruq. S\u0259rh\u0259d boyunca \u0259ld\u0259 etdiyimiz m\u00f6vqel\u0259r imkan verir ki, biz ist\u0259nil\u0259n erm\u0259ni t\u0259xribat\u0131n\u0131 qabaqcadan g\u00f6r\u0259k v\u0259 laz\u0131mi t\u0259dbirl\u0259r g\u00f6r\u0259k. Biz ta Murov da\u011f\u0131ndan Araz \u00e7ay\u0131na q\u0259d\u0259r Az\u0259rbaycan-Erm\u0259nistan s\u0259rh\u0259dind\u0259 \u0259lveri\u015fli m\u00f6vqel\u0259rd\u0259yik. Bu m\u00f6vqel\u0259r biz\u0259 h\u0259m h\u0259rbi \u00fcst\u00fcnl\u00fck verir, h\u0259m b\u00f6y\u00fck \u0259raziy\u0259 vizual n\u0259zar\u0259t imkan\u0131 yarad\u0131r, o c\u00fcml\u0259d\u0259n \u00f6n\u0259mli kommunikasiya x\u0259tl\u0259rin\u0259 n\u0259zar\u0259t etm\u0259y\u0259 imkan verir v\u0259 biz art\u0131q bu b\u00f6lg\u0259l\u0259rd\u0259 yerl\u0259\u015firik. Biz otuz il bu s\u0259rh\u0259dl\u0259rd\u0259 olmam\u0131\u015f\u0131q\u201d, &#8211; \u0130lham \u018fliyev qeyd edib.<\/p>\n","protected":false},"excerpt":{"rendered":"<p>\u201cBiz ta Murov da\u011f\u0131ndan Araz \u00e7ay\u0131na q\u0259d\u0259r Az\u0259rbaycan-Erm\u0259nistan s\u0259rh\u0259dind\u0259 \u0259lveri\u015fli m\u00f6vqel\u0259rd\u0259yik\u201d. AZ\u018fRTAC\u00a0x\u0259b\u0259r verir ki, bu bar\u0259d\u0259 Az\u0259rbaycan Prezidenti\u00a0\u0130lham \u018fliyev\u00a0La\u00e7\u0131n \u015f\u0259h\u0259rind\u0259 Az\u0259rbaycan Bayra\u011f\u0131n\u0131 ucaldark\u0259n \u00e7\u0131x\u0131\u015f\u0131 zaman\u0131 deyib. \u201cSon aylar \u0259rzind\u0259 d\u0259f\u0259l\u0259rl\u0259 biz\u0259 qar\u015f\u0131 h\u0259rbi t\u0259xribatlar t\u00f6r\u0259dilirdi. T\u0259kc\u0259 La\u00e7\u0131n rayonu \u0259razisind\u0259 1400-d\u0259n \u00e7ox yeni mina d\u00f6\u015f\u0259nmi\u015fdir v\u0259 bu minalar 2021-ci ild\u0259 basd\u0131r\u0131lm\u0131\u015fd\u0131r, y\u0259ni, m\u00fcharib\u0259d\u0259n sonra. Bu, Az\u0259rbaycana qar\u015f\u0131 a\u00e7\u0131q terror h\u0259r\u0259k\u0259tidir. M\u00fcharib\u0259d\u0259n sonra 240-dan \u00e7ox Az\u0259rbaycan v\u0259t\u0259nda\u015f\u0131 mina partlay\u0131\u015f\u0131 n\u0259tic\u0259sind\u0259 ya h\u0259lak olub, ya da a\u011f\u0131r yaralan\u0131b. Y\u0259ni, biz\u0259 qar\u015f\u0131 m\u00fcharib\u0259 davam edir, bizim insanlar\u0131m\u0131z h\u0259lak olur. Biz buna imkan ver\u0259 bil\u0259rikmi?&hellip;<\/p>\n","protected":false},"author":2,"featured_media":515839,"comment_status":"closed","ping_status":"closed","sticky":false,"template":"","format":"standard","meta":{"om_disable_all_campaigns":false,"_monsterinsights_skip_tracking":false,"_monsterinsights_sitenote_active":false,"_monsterinsights_sitenote_note":"","_monsterinsights_sitenote_category":0},"categories":[4],"tags":[],"aioseo_notices":[],"gutentor_comment":0,"rttpg_featured_image_url":{"full":["https:\/\/arantv.az\/wp-content\/uploads\/2022\/09\/aec37d28-797d-38a7-a925-027c2093002f_850.jpg",620,413,false],"landscape":["https:\/\/arantv.az\/wp-content\/uploads\/2022\/09\/aec37d28-797d-38a7-a925-027c2093002f_850.jpg",620,413,false],"portraits":["https:\/\/arantv.az\/wp-content\/uploads\/2022\/09\/aec37d28-797d-38a7-a925-027c2093002f_850.jpg",620,413,false],"thumbnail":["https:\/\/arantv.az\/wp-content\/uploads\/2022\/09\/aec37d28-797d-38a7-a925-027c2093002f_850-500x280.jpg",500,280,true],"medium":["https:\/\/arantv.az\/wp-content\/uploads\/2022\/09\/aec37d28-797d-38a7-a925-027c2093002f_850-548x365.jpg",548,365,true],"large":["https:\/\/arantv.az\/wp-content\/uploads\/2022\/09\/aec37d28-797d-38a7-a925-027c2093002f_850.jpg",620,413,false],"1536x1536":["https:\/\/arantv.az\/wp-content\/uploads\/2022\/09\/aec37d28-797d-38a7-a925-027c2093002f_850.jpg",620,413,false],"2048x2048":["https:\/\/arantv.az\/wp-content\/uploads\/2022\/09\/aec37d28-797d-38a7-a925-027c2093002f_850.jpg",620,413,false],"post-thumbnail":["https:\/\/arantv.az\/wp-content\/uploads\/2022\/09\/aec37d28-797d-38a7-a925-027c2093002f_850-240x172.jpg",240,172,true],"advps-thumb-one":["https:\/\/arantv.az\/wp-content\/uploads\/2022\/09\/aec37d28-797d-38a7-a925-027c2093002f_850.jpg",620,413,false]},"rttpg_author":{"display_name":"V\u00fcsal Rafiqo\u011flu","author_link":"https:\/\/arantv.az\/?author=2"},"rttpg_comment":0,"rttpg_category":"<a href=\"https:\/\/arantv.az\/?cat=4\" rel=\"category\">Siyas\u0259t<\/a>","rttpg_excerpt":"\u201cBiz ta Murov da\u011f\u0131ndan Araz \u00e7ay\u0131na q\u0259d\u0259r Az\u0259rbaycan-Erm\u0259nistan s\u0259rh\u0259dind\u0259 \u0259lveri\u015fli m\u00f6vqel\u0259rd\u0259yik\u201d. AZ\u018fRTAC\u00a0x\u0259b\u0259r verir ki, bu bar\u0259d\u0259 Az\u0259rbaycan Prezidenti\u00a0\u0130lham \u018fliyev\u00a0La\u00e7\u0131n \u015f\u0259h\u0259rind\u0259 Az\u0259rbaycan Bayra\u011f\u0131n\u0131 ucaldark\u0259n \u00e7\u0131x\u0131\u015f\u0131 zaman\u0131 deyib. \u201cSon aylar \u0259rzind\u0259 d\u0259f\u0259l\u0259rl\u0259 biz\u0259 qar\u015f\u0131 h\u0259rbi t\u0259xribatlar t\u00f6r\u0259dilirdi. T\u0259kc\u0259 La\u00e7\u0131n rayonu \u0259razisind\u0259 1400-d\u0259n \u00e7ox yeni mina d\u00f6\u015f\u0259nmi\u015fdir v\u0259 bu minalar 2021-ci ild\u0259 basd\u0131r\u0131lm\u0131\u015fd\u0131r, y\u0259ni, m\u00fcharib\u0259d\u0259n sonra. Bu, Az\u0259rbaycana&hellip;","_links":{"self":[{"href":"https:\/\/arantv.az\/index.php?rest_route=\/wp\/v2\/posts\/515835"}],"collection":[{"href":"https:\/\/arantv.az\/index.php?rest_route=\/wp\/v2\/posts"}],"about":[{"href":"https:\/\/arantv.az\/index.php?rest_route=\/wp\/v2\/types\/post"}],"author":[{"embeddable":true,"href":"https:\/\/arantv.az\/index.php?rest_route=\/wp\/v2\/users\/2"}],"replies":[{"embeddable":true,"href":"https:\/\/arantv.az\/index.php?rest_route=%2Fwp%2Fv2%2Fcomments&post=515835"}],"version-history":[{"count":0,"href":"https:\/\/arantv.az\/index.php?rest_route=\/wp\/v2\/posts\/515835\/revisions"}],"wp:featuredmedia":[{"embeddable":true,"href":"https:\/\/arantv.az\/index.php?rest_route=\/wp\/v2\/media\/515839"}],"wp:attachment":[{"href":"https:\/\/arantv.az\/index.php?rest_route=%2Fwp%2Fv2%2Fmedia&parent=515835"}],"wp:term":[{"taxonomy":"category","embeddable":true,"href":"https:\/\/arantv.az\/index.php?rest_route=%2Fwp%2Fv2%2Fcategories&post=515835"},{"taxonomy":"post_tag","embeddable":true,"href":"https:\/\/arantv.az\/index.php?rest_route=%2Fwp%2Fv2%2Ftags&post=515835"}],"curies":[{"name":"wp","href":"https:\/\/api.w.org\/{rel}","templated":true}]}}