{"id":515838,"date":"2022-09-21T19:21:44","date_gmt":"2022-09-21T16:21:44","guid":{"rendered":"https:\/\/arantv.az\/?p=515838"},"modified":"2022-09-21T19:21:44","modified_gmt":"2022-09-21T16:21:44","slug":"az%c9%99rbaycan-prezidenti-lacin-qovsaq-yarimstansiyasinin-t%c9%99m%c9%99lini-qoyub-foto","status":"publish","type":"post","link":"https:\/\/arantv.az\/?p=515838","title":{"rendered":"Az\u0259rbaycan Prezidenti \u201cLa\u00e7\u0131n\u201d Qov\u015faq Yar\u0131mstansiyas\u0131n\u0131n t\u0259m\u0259lini qoyub &#8211; FOTO"},"content":{"rendered":"<p>Sentyabr\u0131n 21-d\u0259 Az\u0259rbaycan Respublikas\u0131n\u0131n Prezidenti\u00a0<strong>\u0130lham \u018fliyev<\/strong>\u00a0\u201cAz\u0259renerji\u201d A\u00e7\u0131q S\u0259hmdar C\u0259miyy\u0259ti t\u0259r\u0259find\u0259n La\u00e7\u0131n \u015f\u0259h\u0259rind\u0259 in\u015fa edil\u0259c\u0259k 110\/35\/10 kV-luq \u201cLa\u00e7\u0131n\u201d Qov\u015faq Yar\u0131mstansiyas\u0131n\u0131n t\u0259m\u0259lqoyma m\u0259rasimind\u0259 i\u015ftirak edib.<\/p>\n<p>Bu bar\u0259d\u0259\u00a0<a href=\"https:\/\/azertag.az\/xeber\/Lachin_Qovsaq_Yarimstansiyasinin_temeli_qoyulub__Prezident_Ilham_Aliyev_tedbirde_istirak_edib-2301377\" target=\"_blank\" rel=\"noopener\">AZ\u018fRTAC<\/a>\u00a0m\u0259lumat verib.<\/p>\n<div class=\"AdviadNativeVideo\"><\/div>\n<p>Bildirilib ki, d\u00f6vl\u0259timizin ba\u015f\u00e7\u0131s\u0131 \u201cLa\u00e7\u0131n\u201d Qov\u015faq Yar\u0131mstansiyas\u0131n\u0131n t\u0259m\u0259lini qoydu.<\/p>\n<p>\u201cAz\u0259renerji\u201d A\u00e7\u0131q S\u0259hmdar C\u0259miyy\u0259tinin prezidenti Baba Rzayev Prezident \u0130lham \u018fliyev\u0259 \u201cLa\u00e7\u0131n\u201d Qov\u015faq Yar\u0131mstansiyas\u0131 haqq\u0131nda m\u0259lumat verdi.<\/p>\n<p>Bildirildi ki, La\u00e7\u0131n \u015f\u0259h\u0259rinin v\u0259 \u0259traf k\u0259ndl\u0259rin Az\u0259rbaycan\u0131n \u00fcmumi enerji sistemin\u0259 qo\u015fulmas\u0131, dayan\u0131ql\u0131 v\u0259 fasil\u0259siz elektrik enerjisi il\u0259 t\u0259chiz edilm\u0259si \u00fc\u00e7\u00fcn \u015f\u0259h\u0259rin c\u0259nub giri\u015find\u0259 in\u015fa olunacaq r\u0259q\u0259msal yar\u0131mstansiya \u015e\u0259h\u0259rsalma v\u0259 Arxitektura Komit\u0259si il\u0259 raz\u0131la\u015fd\u0131r\u0131lm\u0131\u015f layih\u0259 \u00fczr\u0259 tikil\u0259c\u0259k. \u00dcmumi g\u00fcc\u00fc 80 meqavatamper olacaq bu yar\u0131mstansiya qov\u015faq funksiyas\u0131n\u0131 da\u015f\u0131yacaq. Bel\u0259 ki, F\u00fczulid\u0259ki \u201c\u015e\u00fck\u00fcrb\u0259yli\u201d yar\u0131mstansiyas\u0131ndan \u00e7\u0131xaraq \u201cC\u0259bray\u0131l\u201d, \u201cZ\u0259ngilan\u201d, \u201cQubadl\u0131\u201d yar\u0131mstansiyalar\u0131na, oradan is\u0259 \u201cG\u00fcl\u0259bird\u201d Su Elektrik Stansiyas\u0131 il\u0259 \u0259laq\u0259l\u0259n\u0259n 110 kV-luq ikid\u00f6vr\u0259li x\u0259tt, \u201cDa\u015fk\u0259s\u0259n\u201d yar\u0131mstansiyas\u0131ndan \u201cK\u0259lb\u0259c\u0259r\u201d v\u0259 \u201cQor\u00e7u\u201d yar\u0131mstansiyalar\u0131na \u00e7\u0259kil\u0259n 110 kV-luq ikid\u00f6vr\u0259li x\u0259tt, h\u0259m\u00e7inin \u201c\u015e\u00fck\u00fcrb\u0259yli\u201d yar\u0131mstansiyas\u0131ndan \u201cF\u00fczuli\u201d v\u0259 \u201c\u015eu\u015fa\u201d yar\u0131mstansiyalar\u0131na g\u0259tiril\u0259n 110 kV-luq ikid\u00f6vr\u0259li x\u0259tt \u201cLa\u00e7\u0131n\u201d \u015f\u0259h\u0259r yar\u0131mstansiyas\u0131 il\u0259 \u0259laq\u0259l\u0259ndiril\u0259c\u0259k. Bel\u0259likl\u0259, 44 g\u00fcnl\u00fck V\u0259t\u0259n m\u00fcharib\u0259sind\u0259n sonra Qaraba\u011fda v\u0259 \u015e\u0259rqi Z\u0259ng\u0259zurda tikil\u0259n yar\u0131mstansiyalar\u0131n v\u0259 yeni \u00e7\u0259kil\u0259n 400 kilometrd\u0259n \u00e7ox y\u00fcks\u0259kg\u0259rginlikli ikid\u00f6vr\u0259li x\u0259tl\u0259rin dair\u0259vi elektrik t\u0259chizat\u0131 yarad\u0131lacaq. Bununla da, i\u015f\u011faldan azad olunmu\u015f \u0259razil\u0259rd\u0259ki y\u00fcks\u0259kg\u0259rginlikli x\u0259tl\u0259rd\u0259n birind\u0259 q\u0259za ba\u015f ver\u0259rs\u0259, d\u0259rhal dig\u0259r istiqam\u0259td\u0259n g\u0259l\u0259n x\u0259tt vasit\u0259sil\u0259 oraya g\u0259rginlik veril\u0259c\u0259k. Bununla da Qaraba\u011fda v\u0259 \u015e\u0259rqi Z\u0259ng\u0259zurda enerjinin verili\u015find\u0259 fasil\u0259 yaranmayacaq.<\/p>\n<p>Diqq\u0259t\u0259 \u00e7atd\u0131r\u0131ld\u0131 ki, strateji \u0259h\u0259miyy\u0259t\u0259 malik bu yar\u0131mstansiyada m\u00fcasir mikroprosessor tipli r\u0259q\u0259msal idar\u0259etm\u0259, m\u00fchafiz\u0259 v\u0259 avtomatika sisteml\u0259ri, sabit v\u0259 d\u0259yi\u015f\u0259n c\u0259r\u0259yan qur\u011fular\u0131, 35 kV-luq v\u0259 10 kV-luq qapal\u0131 paylay\u0131c\u0131 qur\u011fular il\u0259 t\u0259chiz olunmu\u015f \u0130dar\u0259etm\u0259 M\u0259rk\u0259zi, \u0259n m\u00fcasir avadanl\u0131qlardan ibar\u0259t 110 kV-luq a\u00e7\u0131q paylay\u0131c\u0131 qur\u011fu yarad\u0131lacaq, h\u0259m\u00e7inin i\u015f\u00e7i hey\u0259t \u00fc\u00e7\u00fcn x\u00fcsusi yataqxana korpusu tikil\u0259c\u0259k.<\/p>\n<p>Yar\u0131mstansiyan\u0131n i\u015f rejimin\u0259 real zamanda n\u0259zar\u0259t olunmas\u0131 v\u0259 g\u00f6st\u0259ricil\u0259rin \u201cAz\u0259renerji\u201d ASC-nin SCADA sistemin\u0259 \u00f6t\u00fcr\u00fclm\u0259si m\u0259qs\u0259dil\u0259 yerli mikro-SCADA dispet\u00e7er idar\u0259etm\u0259 sistemi qurulacaq v\u0259 enerjisistemin m\u0259rk\u0259zi SCADA sistemin\u0259 inteqrasiya olunacaq.<\/p>\n<p>\u201cLa\u00e7\u0131n\u201d Qov\u015faq Yar\u0131mstansiyas\u0131nda yan\u011f\u0131n t\u0259hl\u00fck\u0259sizliyinin t\u0259min olunmas\u0131 m\u0259qs\u0259dil\u0259 nasosxana binas\u0131, yan\u011f\u0131n su hovuzu, q\u0259za ya\u011f tutumu, yan\u011f\u0131ndan m\u00fchafiz\u0259 v\u0259 yan\u011f\u0131n x\u0259b\u0259rverici sisteml\u0259ri d\u0259 qura\u015fd\u0131r\u0131lacaq.<\/p>\n<p>&nbsp;<\/p>\n<div class=\"gallery\">\n<div class=\"gallery-i\"><img src=\"https:\/\/cdn.oxu.az\/uploads\/W1siZiIsIjIwMjIvMDkvMjEvMTgvNDEvMDAvMjlkYmQ4MmUtMDExYS00NTFiLWFiZjktZWJlYzFmOWUwYzEzLzE2NjM3NzA4NDM2NDI1MjU4MjIyXzEwMDB4NjY5LmpwZyJdLFsicCIsImVuY29kZSIsImpwZyIsIi1xdWFsaXR5IDgwIl0sWyJwIiwidGh1bWIiLCI1OTB4NTkwXHUwMDNlIl1d?sha=6b15e3984ca9f017\" \/><\/p>\n<div class=\"gallery-i-caption\"><\/div>\n<\/div>\n<div class=\"gallery-i\"><img src=\"https:\/\/cdn.oxu.az\/uploads\/W1siZiIsIjIwMjIvMDkvMjEvMTgvNDEvMDAvMzk0NjM1NDYtMWVkOS00ZWFhLWFkN2UtYTY4ODI1Mjc5ZDJlLzE2NjM3NzA4NDMzNTUyNTQzMTU5XzEwMDB4NjY5LmpwZyJdLFsicCIsImVuY29kZSIsImpwZyIsIi1xdWFsaXR5IDgwIl0sWyJwIiwidGh1bWIiLCI1OTB4NTkwXHUwMDNlIl1d?sha=5e53c2935c66ec23\" \/><\/p>\n<div class=\"gallery-i-caption\"><\/div>\n<\/div>\n<div class=\"gallery-i\"><img src=\"https:\/\/cdn.oxu.az\/uploads\/W1siZiIsIjIwMjIvMDkvMjEvMTgvNDEvMDAvYWI0MjdjN2UtYTExMy00MWJlLThmOWItOTA4YzExYThjY2YxLzE2NjM3NzA4NDM0NzM5MjIyODY4XzEwMDB4NjY5LmpwZyJdLFsicCIsImVuY29kZSIsImpwZyIsIi1xdWFsaXR5IDgwIl0sWyJwIiwidGh1bWIiLCI1OTB4NTkwXHUwMDNlIl1d?sha=9c0818c53f20da2c\" \/><\/p>\n<div class=\"gallery-i-caption\"><\/div>\n<\/div>\n<div class=\"gallery-i\"><img src=\"https:\/\/cdn.oxu.az\/uploads\/W1siZiIsIjIwMjIvMDkvMjEvMTgvNDEvMDEvMjk5NTQ1OWQtNWViOS00MzUxLWE1YTktMmU4NWVhNTExZDUwLzE2NjM3NzA4NDMzODg1NTM1OTkzXzEwMDB4NjY5LmpwZyJdLFsicCIsImVuY29kZSIsImpwZyIsIi1xdWFsaXR5IDgwIl0sWyJwIiwidGh1bWIiLCI1OTB4NTkwXHUwMDNlIl1d?sha=8a727735f9d5bef0\" \/><\/div>\n<\/div>\n","protected":false},"excerpt":{"rendered":"<p>Sentyabr\u0131n 21-d\u0259 Az\u0259rbaycan Respublikas\u0131n\u0131n Prezidenti\u00a0\u0130lham \u018fliyev\u00a0\u201cAz\u0259renerji\u201d A\u00e7\u0131q S\u0259hmdar C\u0259miyy\u0259ti t\u0259r\u0259find\u0259n La\u00e7\u0131n \u015f\u0259h\u0259rind\u0259 in\u015fa edil\u0259c\u0259k 110\/35\/10 kV-luq \u201cLa\u00e7\u0131n\u201d Qov\u015faq Yar\u0131mstansiyas\u0131n\u0131n t\u0259m\u0259lqoyma m\u0259rasimind\u0259 i\u015ftirak edib. Bu bar\u0259d\u0259\u00a0AZ\u018fRTAC\u00a0m\u0259lumat verib. Bildirilib ki, d\u00f6vl\u0259timizin ba\u015f\u00e7\u0131s\u0131 \u201cLa\u00e7\u0131n\u201d Qov\u015faq Yar\u0131mstansiyas\u0131n\u0131n t\u0259m\u0259lini qoydu. \u201cAz\u0259renerji\u201d A\u00e7\u0131q S\u0259hmdar C\u0259miyy\u0259tinin prezidenti Baba Rzayev Prezident \u0130lham \u018fliyev\u0259 \u201cLa\u00e7\u0131n\u201d Qov\u015faq Yar\u0131mstansiyas\u0131 haqq\u0131nda m\u0259lumat verdi. Bildirildi ki, La\u00e7\u0131n \u015f\u0259h\u0259rinin v\u0259 \u0259traf k\u0259ndl\u0259rin Az\u0259rbaycan\u0131n \u00fcmumi enerji sistemin\u0259 qo\u015fulmas\u0131, dayan\u0131ql\u0131 v\u0259 fasil\u0259siz elektrik enerjisi il\u0259 t\u0259chiz edilm\u0259si \u00fc\u00e7\u00fcn \u015f\u0259h\u0259rin c\u0259nub giri\u015find\u0259 in\u015fa olunacaq r\u0259q\u0259msal yar\u0131mstansiya \u015e\u0259h\u0259rsalma v\u0259 Arxitektura Komit\u0259si il\u0259 raz\u0131la\u015fd\u0131r\u0131lm\u0131\u015f layih\u0259 \u00fczr\u0259 tikil\u0259c\u0259k. \u00dcmumi g\u00fcc\u00fc&hellip;<\/p>\n","protected":false},"author":2,"featured_media":515842,"comment_status":"closed","ping_status":"closed","sticky":false,"template":"","format":"standard","meta":{"om_disable_all_campaigns":false,"_monsterinsights_skip_tracking":false,"_monsterinsights_sitenote_active":false,"_monsterinsights_sitenote_note":"","_monsterinsights_sitenote_category":0},"categories":[4],"tags":[],"aioseo_notices":[],"gutentor_comment":0,"rttpg_featured_image_url":{"full":["https:\/\/arantv.az\/wp-content\/uploads\/2022\/09\/FotoJet-2022-09-21T183611.591.jpg",620,413,false],"landscape":["https:\/\/arantv.az\/wp-content\/uploads\/2022\/09\/FotoJet-2022-09-21T183611.591.jpg",620,413,false],"portraits":["https:\/\/arantv.az\/wp-content\/uploads\/2022\/09\/FotoJet-2022-09-21T183611.591.jpg",620,413,false],"thumbnail":["https:\/\/arantv.az\/wp-content\/uploads\/2022\/09\/FotoJet-2022-09-21T183611.591-500x280.jpg",500,280,true],"medium":["https:\/\/arantv.az\/wp-content\/uploads\/2022\/09\/FotoJet-2022-09-21T183611.591-548x365.jpg",548,365,true],"large":["https:\/\/arantv.az\/wp-content\/uploads\/2022\/09\/FotoJet-2022-09-21T183611.591.jpg",620,413,false],"1536x1536":["https:\/\/arantv.az\/wp-content\/uploads\/2022\/09\/FotoJet-2022-09-21T183611.591.jpg",620,413,false],"2048x2048":["https:\/\/arantv.az\/wp-content\/uploads\/2022\/09\/FotoJet-2022-09-21T183611.591.jpg",620,413,false],"post-thumbnail":["https:\/\/arantv.az\/wp-content\/uploads\/2022\/09\/FotoJet-2022-09-21T183611.591-240x172.jpg",240,172,true],"advps-thumb-one":["https:\/\/arantv.az\/wp-content\/uploads\/2022\/09\/FotoJet-2022-09-21T183611.591.jpg",620,413,false]},"rttpg_author":{"display_name":"V\u00fcsal Rafiqo\u011flu","author_link":"https:\/\/arantv.az\/?author=2"},"rttpg_comment":0,"rttpg_category":"<a href=\"https:\/\/arantv.az\/?cat=4\" rel=\"category\">Siyas\u0259t<\/a>","rttpg_excerpt":"Sentyabr\u0131n 21-d\u0259 Az\u0259rbaycan Respublikas\u0131n\u0131n Prezidenti\u00a0\u0130lham \u018fliyev\u00a0\u201cAz\u0259renerji\u201d A\u00e7\u0131q S\u0259hmdar C\u0259miyy\u0259ti t\u0259r\u0259find\u0259n La\u00e7\u0131n \u015f\u0259h\u0259rind\u0259 in\u015fa edil\u0259c\u0259k 110\/35\/10 kV-luq \u201cLa\u00e7\u0131n\u201d Qov\u015faq Yar\u0131mstansiyas\u0131n\u0131n t\u0259m\u0259lqoyma m\u0259rasimind\u0259 i\u015ftirak edib. Bu bar\u0259d\u0259\u00a0AZ\u018fRTAC\u00a0m\u0259lumat verib. Bildirilib ki, d\u00f6vl\u0259timizin ba\u015f\u00e7\u0131s\u0131 \u201cLa\u00e7\u0131n\u201d Qov\u015faq Yar\u0131mstansiyas\u0131n\u0131n t\u0259m\u0259lini qoydu. \u201cAz\u0259renerji\u201d A\u00e7\u0131q S\u0259hmdar C\u0259miyy\u0259tinin prezidenti Baba Rzayev Prezident \u0130lham \u018fliyev\u0259 \u201cLa\u00e7\u0131n\u201d Qov\u015faq Yar\u0131mstansiyas\u0131 haqq\u0131nda m\u0259lumat verdi. Bildirildi ki, La\u00e7\u0131n \u015f\u0259h\u0259rinin&hellip;","_links":{"self":[{"href":"https:\/\/arantv.az\/index.php?rest_route=\/wp\/v2\/posts\/515838"}],"collection":[{"href":"https:\/\/arantv.az\/index.php?rest_route=\/wp\/v2\/posts"}],"about":[{"href":"https:\/\/arantv.az\/index.php?rest_route=\/wp\/v2\/types\/post"}],"author":[{"embeddable":true,"href":"https:\/\/arantv.az\/index.php?rest_route=\/wp\/v2\/users\/2"}],"replies":[{"embeddable":true,"href":"https:\/\/arantv.az\/index.php?rest_route=%2Fwp%2Fv2%2Fcomments&post=515838"}],"version-history":[{"count":0,"href":"https:\/\/arantv.az\/index.php?rest_route=\/wp\/v2\/posts\/515838\/revisions"}],"wp:featuredmedia":[{"embeddable":true,"href":"https:\/\/arantv.az\/index.php?rest_route=\/wp\/v2\/media\/515842"}],"wp:attachment":[{"href":"https:\/\/arantv.az\/index.php?rest_route=%2Fwp%2Fv2%2Fmedia&parent=515838"}],"wp:term":[{"taxonomy":"category","embeddable":true,"href":"https:\/\/arantv.az\/index.php?rest_route=%2Fwp%2Fv2%2Fcategories&post=515838"},{"taxonomy":"post_tag","embeddable":true,"href":"https:\/\/arantv.az\/index.php?rest_route=%2Fwp%2Fv2%2Ftags&post=515838"}],"curies":[{"name":"wp","href":"https:\/\/api.w.org\/{rel}","templated":true}]}}