{"id":515849,"date":"2022-09-21T19:24:34","date_gmt":"2022-09-21T16:24:34","guid":{"rendered":"https:\/\/arantv.az\/?p=515849"},"modified":"2022-09-21T19:24:34","modified_gmt":"2022-09-21T16:24:34","slug":"aaaf-parkda-18-yasli-qiz-ozunu-binadan-atdi-yenil%c9%99nib","status":"publish","type":"post","link":"https:\/\/arantv.az\/?p=515849","title":{"rendered":"\u201cAAAF Park\u201dda 18 ya\u015fl\u0131 q\u0131z \u00f6z\u00fcn\u00fc binadan atd\u0131 &#8211; YEN\u0130L\u018fN\u0130B"},"content":{"rendered":"<p>X\u0131rdalanda intihar ed\u0259n 18 ya\u015fl\u0131 q\u0131z\u0131n fotosu yay\u0131l\u0131b.<\/p>\n<p>Lent.az\u00a0x\u0259b\u0259r verir ki, \u00f6z\u00fcn\u00fc \u201cAAAF Park\u201d\u00a0ya\u015fay\u0131\u015f kompleksind\u0259ki binan\u0131n be\u015finci m\u0259rt\u0259b\u0259sind\u0259n ataraq h\u0259yat\u0131na son qoyan M.S\u0259f\u0259rli \u0130smay\u0131ll\u0131 rayonu T\u0259z\u0259k\u0259nd k\u0259nd m\u0259kt\u0259binin m\u0259zunu olub.<\/p>\n<div class=\"AdviadNativeVideo\"><\/div>\n<p><strong>11:06<\/strong><\/p>\n<p>Ab\u015feronda intihar hadis\u0259si olub.<\/p>\n<p>Lent.az x\u0259b\u0259r verir ki, hadis\u0259 X\u0131rdalan \u015f\u0259h\u0259rind\u0259 yerl\u0259\u015f\u0259n \u201cAAAF Park\u201d\u00a0ya\u015fay\u0131\u015f kompleksind\u0259 ba\u015f verib. Burada ya\u015fayan 18 ya\u015fl\u0131 S\u0259f\u0259rli M\u0259tan\u0259t M\u0259h\u0259rr\u0259m q\u0131z\u0131 be\u015finci m\u0259rt\u0259b\u0259d\u0259n \u00f6z\u00fcn\u00fc ataraq intihar edib.<\/p>\n<p>Faktla ba\u011fl\u0131 ara\u015fd\u0131rma apar\u0131l\u0131r.<\/p>\n","protected":false},"excerpt":{"rendered":"<p>X\u0131rdalanda intihar ed\u0259n 18 ya\u015fl\u0131 q\u0131z\u0131n fotosu yay\u0131l\u0131b. Lent.az\u00a0x\u0259b\u0259r verir ki, \u00f6z\u00fcn\u00fc \u201cAAAF Park\u201d\u00a0ya\u015fay\u0131\u015f kompleksind\u0259ki binan\u0131n be\u015finci m\u0259rt\u0259b\u0259sind\u0259n ataraq h\u0259yat\u0131na son qoyan M.S\u0259f\u0259rli \u0130smay\u0131ll\u0131 rayonu T\u0259z\u0259k\u0259nd k\u0259nd m\u0259kt\u0259binin m\u0259zunu olub. 11:06 Ab\u015feronda intihar hadis\u0259si olub. Lent.az x\u0259b\u0259r verir ki, hadis\u0259 X\u0131rdalan \u015f\u0259h\u0259rind\u0259 yerl\u0259\u015f\u0259n \u201cAAAF Park\u201d\u00a0ya\u015fay\u0131\u015f kompleksind\u0259 ba\u015f verib. Burada ya\u015fayan 18 ya\u015fl\u0131 S\u0259f\u0259rli M\u0259tan\u0259t M\u0259h\u0259rr\u0259m q\u0131z\u0131 be\u015finci m\u0259rt\u0259b\u0259d\u0259n \u00f6z\u00fcn\u00fc ataraq intihar edib. Faktla ba\u011fl\u0131 ara\u015fd\u0131rma apar\u0131l\u0131r.<\/p>\n","protected":false},"author":2,"featured_media":515853,"comment_status":"closed","ping_status":"closed","sticky":false,"template":"","format":"standard","meta":{"om_disable_all_campaigns":false,"_monsterinsights_skip_tracking":false,"_monsterinsights_sitenote_active":false,"_monsterinsights_sitenote_note":"","_monsterinsights_sitenote_category":0},"categories":[5],"tags":[],"aioseo_notices":[],"gutentor_comment":0,"rttpg_featured_image_url":{"full":["https:\/\/arantv.az\/wp-content\/uploads\/2022\/09\/FotoJet-2-14.jpg",620,413,false],"landscape":["https:\/\/arantv.az\/wp-content\/uploads\/2022\/09\/FotoJet-2-14.jpg",620,413,false],"portraits":["https:\/\/arantv.az\/wp-content\/uploads\/2022\/09\/FotoJet-2-14.jpg",620,413,false],"thumbnail":["https:\/\/arantv.az\/wp-content\/uploads\/2022\/09\/FotoJet-2-14-500x280.jpg",500,280,true],"medium":["https:\/\/arantv.az\/wp-content\/uploads\/2022\/09\/FotoJet-2-14-548x365.jpg",548,365,true],"large":["https:\/\/arantv.az\/wp-content\/uploads\/2022\/09\/FotoJet-2-14.jpg",620,413,false],"1536x1536":["https:\/\/arantv.az\/wp-content\/uploads\/2022\/09\/FotoJet-2-14.jpg",620,413,false],"2048x2048":["https:\/\/arantv.az\/wp-content\/uploads\/2022\/09\/FotoJet-2-14.jpg",620,413,false],"post-thumbnail":["https:\/\/arantv.az\/wp-content\/uploads\/2022\/09\/FotoJet-2-14-240x172.jpg",240,172,true],"advps-thumb-one":["https:\/\/arantv.az\/wp-content\/uploads\/2022\/09\/FotoJet-2-14.jpg",620,413,false]},"rttpg_author":{"display_name":"V\u00fcsal Rafiqo\u011flu","author_link":"https:\/\/arantv.az\/?author=2"},"rttpg_comment":0,"rttpg_category":"<a href=\"https:\/\/arantv.az\/?cat=5\" rel=\"category\">Hadis\u0259<\/a>","rttpg_excerpt":"X\u0131rdalanda intihar ed\u0259n 18 ya\u015fl\u0131 q\u0131z\u0131n fotosu yay\u0131l\u0131b. Lent.az\u00a0x\u0259b\u0259r verir ki, \u00f6z\u00fcn\u00fc \u201cAAAF Park\u201d\u00a0ya\u015fay\u0131\u015f kompleksind\u0259ki binan\u0131n be\u015finci m\u0259rt\u0259b\u0259sind\u0259n ataraq h\u0259yat\u0131na son qoyan M.S\u0259f\u0259rli \u0130smay\u0131ll\u0131 rayonu T\u0259z\u0259k\u0259nd k\u0259nd m\u0259kt\u0259binin m\u0259zunu olub. 11:06 Ab\u015feronda intihar hadis\u0259si olub. Lent.az x\u0259b\u0259r verir ki, hadis\u0259 X\u0131rdalan \u015f\u0259h\u0259rind\u0259 yerl\u0259\u015f\u0259n \u201cAAAF Park\u201d\u00a0ya\u015fay\u0131\u015f kompleksind\u0259 ba\u015f verib. Burada ya\u015fayan 18 ya\u015fl\u0131 S\u0259f\u0259rli M\u0259tan\u0259t M\u0259h\u0259rr\u0259m&hellip;","_links":{"self":[{"href":"https:\/\/arantv.az\/index.php?rest_route=\/wp\/v2\/posts\/515849"}],"collection":[{"href":"https:\/\/arantv.az\/index.php?rest_route=\/wp\/v2\/posts"}],"about":[{"href":"https:\/\/arantv.az\/index.php?rest_route=\/wp\/v2\/types\/post"}],"author":[{"embeddable":true,"href":"https:\/\/arantv.az\/index.php?rest_route=\/wp\/v2\/users\/2"}],"replies":[{"embeddable":true,"href":"https:\/\/arantv.az\/index.php?rest_route=%2Fwp%2Fv2%2Fcomments&post=515849"}],"version-history":[{"count":0,"href":"https:\/\/arantv.az\/index.php?rest_route=\/wp\/v2\/posts\/515849\/revisions"}],"wp:featuredmedia":[{"embeddable":true,"href":"https:\/\/arantv.az\/index.php?rest_route=\/wp\/v2\/media\/515853"}],"wp:attachment":[{"href":"https:\/\/arantv.az\/index.php?rest_route=%2Fwp%2Fv2%2Fmedia&parent=515849"}],"wp:term":[{"taxonomy":"category","embeddable":true,"href":"https:\/\/arantv.az\/index.php?rest_route=%2Fwp%2Fv2%2Fcategories&post=515849"},{"taxonomy":"post_tag","embeddable":true,"href":"https:\/\/arantv.az\/index.php?rest_route=%2Fwp%2Fv2%2Ftags&post=515849"}],"curies":[{"name":"wp","href":"https:\/\/api.w.org\/{rel}","templated":true}]}}