{"id":515856,"date":"2022-09-21T19:26:32","date_gmt":"2022-09-21T16:26:32","guid":{"rendered":"https:\/\/arantv.az\/?p=515856"},"modified":"2022-09-21T19:26:32","modified_gmt":"2022-09-21T16:26:32","slug":"m%c9%99tbuat-surasi-idar%c9%99-hey%c9%99tin%c9%99-namiz%c9%99dl%c9%99rin-adlari-aciqlanib-siyahi","status":"publish","type":"post","link":"https:\/\/arantv.az\/?p=515856","title":{"rendered":"M\u0259tbuat \u015euras\u0131 \u0130dar\u0259 Hey\u0259tin\u0259 namiz\u0259dl\u0259rin adlar\u0131 a\u00e7\u0131qlan\u0131b &#8211; S\u0130YAHI"},"content":{"rendered":"<p>Bu g\u00fcn Az\u0259rbaycan jurnalistl\u0259rinin VIII qurultay\u0131n\u0131n ke\u00e7irilm\u0259si \u00fczr\u0259 T\u0259\u015fkilat Komit\u0259sinin n\u00f6vb\u0259ti iclas\u0131 ke\u00e7irilib. Toplant\u0131da \u00fc\u00e7 m\u0259s\u0259l\u0259 m\u00fczakir\u0259y\u0259 \u00e7\u0131xar\u0131l\u0131b.<\/p>\n<p>Bu bar\u0259d\u0259 M\u0259tbuat \u015euras\u0131 m\u0259lumat yay\u0131b.<\/p>\n<div class=\"AdviadNativeVideo\"><\/div>\n<p>\u0130clasda birinci m\u0259s\u0259l\u0259 il\u0259 \u0259laq\u0259dar m\u0259lumat verilib ki, m\u00fcxt\u0259lif media t\u0259msil\u00e7il\u0259ri qurultay\u0131 i\u015f\u0131qland\u0131rmaq ist\u0259y\u0259n jurnalistl\u0259rin ali m\u0259clisd\u0259 i\u015ftirak\u0131 il\u0259 ba\u011fl\u0131 suallar \u00fcnvanlay\u0131rlar. Onlar\u0131n s\u0259rb\u0259st f\u0259aliyy\u0259tl\u0259rinin t\u0259min edilm\u0259si \u015f\u0259rtdir. Bu zaman qurultay\u0131n ke\u00e7irilm\u0259 yerinin imkanlar\u0131 n\u0259z\u0259r\u0259 al\u0131nmal\u0131d\u0131r. T\u0259\u015fkilat Komit\u0259si ali m\u0259clisi i\u015f\u0131qland\u0131racaq jurnalistl\u0259rin ayr\u0131ca qeydiyyat\u0131n\u0131n apar\u0131lmas\u0131n\u0131 m\u0259qbul say\u0131b. Bel\u0259 ki, K\u0130V-l\u0259r bununla ba\u011fl\u0131\u00a0info@pressocuncil.az\u00a0e-mailin\u0259 23 sentyabr 2022-ci il saat 15.00-d\u0259k yaz\u0131l\u0131 m\u0259lumat g\u00f6nd\u0259rm\u0259lidirl\u0259r. M\u0259lumatda qurultayda jurnalist kimi i\u015ftirak ed\u0259c\u0259k \u0259m\u0259kda\u015flar\u0131n adlar\u0131 qeyd edilm\u0259lidir. M\u0259lumat K\u0130V-in r\u0259smi blank\u0131nda olmal\u0131, m\u00f6h\u00fcr v\u0259 imza il\u0259 t\u0259sdiql\u0259nm\u0259lidir. Telekanallar \u00fc\u00e7, g\u00fcnd\u0259lik q\u0259zetl\u0259r v\u0259 informasiya agentlikl\u0259ri iki, dig\u0259r informasiya resurslar\u0131 is\u0259 qurultay\u0131 i\u015f\u0131qland\u0131racaq bir n\u00fcmay\u0259nd\u0259 g\u00f6nd\u0259r\u0259 bil\u0259rl\u0259r.<\/p>\n<p>\u0130clasda m\u00fczakir\u0259y\u0259 \u00e7\u0131xar\u0131lm\u0131\u015f ikinci m\u0259s\u0259l\u0259 M\u015e \u0130dar\u0259 Hey\u0259tin\u0259 namiz\u0259dl\u0259rin siyah\u0131s\u0131 olub. T\u0259\u015fkilat Komit\u0259si yekun se\u00e7ki b\u00fclletenin\u0259 \u0259n \u00e7ox s\u0259s toplam\u0131\u015f 46 namiz\u0259din ad\u0131n\u0131 daxil edib. Qeyd ed\u0259k ki, qurultayda M\u015e \u0130dar\u0259 Hey\u0259tin\u0259 28 jurnalist namiz\u0259dd\u0259n 14-\u00fc, 18 ictimaiyy\u0259t n\u00fcmay\u0259nd\u0259si olan namiz\u0259dd\u0259n is\u0259 9-u se\u00e7il\u0259c\u0259k. Namiz\u0259dl\u0259rin siyah\u0131s\u0131 onlar\u0131n toplad\u0131qlar\u0131 s\u0259s say\u0131na g\u00f6r\u0259 a\u015fa\u011f\u0131dak\u0131 kimidir:<\/p>\n<p>&nbsp;<\/p>\n<div class=\"gallery\">\n<div class=\"gallery-i\"><img src=\"https:\/\/cdn.oxu.az\/uploads\/W1siZiIsIjIwMjIvMDkvMjEvMTcvMjgvMTYvMGQ3Njk2NTItZmNiYS00ZTgxLTk0NzctYWYzYjQzYTkwZTUzL0ZvdG9KZXQgKDc3KS5qcGciXSxbInAiLCJlbmNvZGUiLCJqcGciLCItcXVhbGl0eSA4MCJdLFsicCIsInRodW1iIiwiNTkweDU5MFx1MDAzZSJdXQ?sha=1accd216eee7515a\" alt=\"\" \/><\/p>\n<div class=\"gallery-i-caption\"><\/div>\n<\/div>\n<div class=\"gallery-i\"><img src=\"https:\/\/cdn.oxu.az\/uploads\/W1siZiIsIjIwMjIvMDkvMjEvMTcvMjgvMjIvNzc3NjdlZWYtYjI1My00OWQxLTkxYjMtNTNlZGMyNTZmNmYwL0ZvdG9KZXQgKDc4KS5qcGciXSxbInAiLCJlbmNvZGUiLCJqcGciLCItcXVhbGl0eSA4MCJdLFsicCIsInRodW1iIiwiNTkweDU5MFx1MDAzZSJdXQ?sha=ffadcbb844649a80\" alt=\"\" \/><\/p>\n<div class=\"gallery-i-caption\"><\/div>\n<\/div>\n<div class=\"gallery-i\"><img src=\"https:\/\/cdn.oxu.az\/uploads\/W1siZiIsIjIwMjIvMDkvMjEvMTcvMjgvMjcvNDc4NzcwMGUtNzRiMi00ZDUxLWJmN2YtZjViNjgwODI2MjljL0ZvdG9KZXQgKDc5KS5qcGciXSxbInAiLCJlbmNvZGUiLCJqcGciLCItcXVhbGl0eSA4MCJdLFsicCIsInRodW1iIiwiNTkweDU5MFx1MDAzZSJdXQ?sha=6aabebd3f1f201df\" alt=\"\" \/><\/p>\n<div class=\"gallery-i-caption\"><\/div>\n<\/div>\n<div class=\"gallery-i\"><img src=\"https:\/\/cdn.oxu.az\/uploads\/W1siZiIsIjIwMjIvMDkvMjEvMTcvMjgvMzIvNTVjMjcyZWEtNmZiZi00MjUxLTg4NmQtMzhjZjY0Y2VjNjU3L0ZvdG9KZXQgKDgwKS5qcGciXSxbInAiLCJlbmNvZGUiLCJqcGciLCItcXVhbGl0eSA4MCJdLFsicCIsInRodW1iIiwiNTkweDU5MFx1MDAzZSJdXQ?sha=7cd122503cd17cd5\" alt=\"\" \/><\/p>\n<div class=\"gallery-i-caption\"><\/div>\n<\/div>\n<\/div>\n<p>\u0130clasda qurultay n\u00fcmay\u0259nd\u0259l\u0259rinin siyah\u0131s\u0131 da n\u0259z\u0259rd\u0259n ke\u00e7irilib. TK-n\u0131n q\u0259rar\u0131na \u0259sas\u0259n, siyah\u0131 23 sentyabr 2022-ci il tarixind\u0259 M\u0259tbuat \u015euras\u0131n\u0131n presscouncil.az sayt\u0131nda yerl\u0259\u015fdiril\u0259c\u0259k.<\/p>\n<p>Qeyd ed\u0259k ki, Az\u0259rbaycan jurnalistl\u0259rinin VIII qurultay\u0131 24 sentyabr 2022-ci il tarixd\u0259 Beyn\u0259lxalq Mu\u011fam M\u0259rk\u0259zind\u0259 (Neft\u00e7il\u0259r prospekti 30, D\u0259nizk\u0259nar\u0131 Milli Park) ke\u00e7iril\u0259c\u0259k. Qeydiyyat saat 09:00-dan 10:00-d\u0259k apar\u0131lacaq. Saat 10:00-da qurultay i\u015fin\u0259 ba\u015flayacaq.<\/p>\n","protected":false},"excerpt":{"rendered":"<p>Bu g\u00fcn Az\u0259rbaycan jurnalistl\u0259rinin VIII qurultay\u0131n\u0131n ke\u00e7irilm\u0259si \u00fczr\u0259 T\u0259\u015fkilat Komit\u0259sinin n\u00f6vb\u0259ti iclas\u0131 ke\u00e7irilib. Toplant\u0131da \u00fc\u00e7 m\u0259s\u0259l\u0259 m\u00fczakir\u0259y\u0259 \u00e7\u0131xar\u0131l\u0131b. Bu bar\u0259d\u0259 M\u0259tbuat \u015euras\u0131 m\u0259lumat yay\u0131b. \u0130clasda birinci m\u0259s\u0259l\u0259 il\u0259 \u0259laq\u0259dar m\u0259lumat verilib ki, m\u00fcxt\u0259lif media t\u0259msil\u00e7il\u0259ri qurultay\u0131 i\u015f\u0131qland\u0131rmaq ist\u0259y\u0259n jurnalistl\u0259rin ali m\u0259clisd\u0259 i\u015ftirak\u0131 il\u0259 ba\u011fl\u0131 suallar \u00fcnvanlay\u0131rlar. Onlar\u0131n s\u0259rb\u0259st f\u0259aliyy\u0259tl\u0259rinin t\u0259min edilm\u0259si \u015f\u0259rtdir. Bu zaman qurultay\u0131n ke\u00e7irilm\u0259 yerinin imkanlar\u0131 n\u0259z\u0259r\u0259 al\u0131nmal\u0131d\u0131r. T\u0259\u015fkilat Komit\u0259si ali m\u0259clisi i\u015f\u0131qland\u0131racaq jurnalistl\u0259rin ayr\u0131ca qeydiyyat\u0131n\u0131n apar\u0131lmas\u0131n\u0131 m\u0259qbul say\u0131b. Bel\u0259 ki, K\u0130V-l\u0259r bununla ba\u011fl\u0131\u00a0info@pressocuncil.az\u00a0e-mailin\u0259 23 sentyabr 2022-ci il saat 15.00-d\u0259k yaz\u0131l\u0131 m\u0259lumat g\u00f6nd\u0259rm\u0259lidirl\u0259r. M\u0259lumatda qurultayda jurnalist kimi i\u015ftirak&hellip;<\/p>\n","protected":false},"author":2,"featured_media":342401,"comment_status":"closed","ping_status":"closed","sticky":false,"template":"","format":"standard","meta":{"om_disable_all_campaigns":false,"_monsterinsights_skip_tracking":false,"_monsterinsights_sitenote_active":false,"_monsterinsights_sitenote_note":"","_monsterinsights_sitenote_category":0},"categories":[1],"tags":[],"aioseo_notices":[],"gutentor_comment":0,"rttpg_featured_image_url":{"full":["https:\/\/arantv.az\/wp-content\/uploads\/2021\/06\/qazetler.jpg",620,349,false],"landscape":["https:\/\/arantv.az\/wp-content\/uploads\/2021\/06\/qazetler.jpg",620,349,false],"portraits":["https:\/\/arantv.az\/wp-content\/uploads\/2021\/06\/qazetler.jpg",620,349,false],"thumbnail":["https:\/\/arantv.az\/wp-content\/uploads\/2021\/06\/qazetler-500x280.jpg",500,280,true],"medium":["https:\/\/arantv.az\/wp-content\/uploads\/2021\/06\/qazetler.jpg",620,349,false],"large":["https:\/\/arantv.az\/wp-content\/uploads\/2021\/06\/qazetler.jpg",620,349,false],"1536x1536":["https:\/\/arantv.az\/wp-content\/uploads\/2021\/06\/qazetler.jpg",620,349,false],"2048x2048":["https:\/\/arantv.az\/wp-content\/uploads\/2021\/06\/qazetler.jpg",620,349,false],"post-thumbnail":["https:\/\/arantv.az\/wp-content\/uploads\/2021\/06\/qazetler-240x172.jpg",240,172,true],"advps-thumb-one":["https:\/\/arantv.az\/wp-content\/uploads\/2021\/06\/qazetler.jpg",620,349,false]},"rttpg_author":{"display_name":"V\u00fcsal Rafiqo\u011flu","author_link":"https:\/\/arantv.az\/?author=2"},"rttpg_comment":0,"rttpg_category":"<a href=\"https:\/\/arantv.az\/?cat=1\" rel=\"category\">C\u0259miyy\u0259t<\/a>","rttpg_excerpt":"Bu g\u00fcn Az\u0259rbaycan jurnalistl\u0259rinin VIII qurultay\u0131n\u0131n ke\u00e7irilm\u0259si \u00fczr\u0259 T\u0259\u015fkilat Komit\u0259sinin n\u00f6vb\u0259ti iclas\u0131 ke\u00e7irilib. Toplant\u0131da \u00fc\u00e7 m\u0259s\u0259l\u0259 m\u00fczakir\u0259y\u0259 \u00e7\u0131xar\u0131l\u0131b. Bu bar\u0259d\u0259 M\u0259tbuat \u015euras\u0131 m\u0259lumat yay\u0131b. \u0130clasda birinci m\u0259s\u0259l\u0259 il\u0259 \u0259laq\u0259dar m\u0259lumat verilib ki, m\u00fcxt\u0259lif media t\u0259msil\u00e7il\u0259ri qurultay\u0131 i\u015f\u0131qland\u0131rmaq ist\u0259y\u0259n jurnalistl\u0259rin ali m\u0259clisd\u0259 i\u015ftirak\u0131 il\u0259 ba\u011fl\u0131 suallar \u00fcnvanlay\u0131rlar. Onlar\u0131n s\u0259rb\u0259st f\u0259aliyy\u0259tl\u0259rinin t\u0259min edilm\u0259si \u015f\u0259rtdir. Bu zaman qurultay\u0131n&hellip;","_links":{"self":[{"href":"https:\/\/arantv.az\/index.php?rest_route=\/wp\/v2\/posts\/515856"}],"collection":[{"href":"https:\/\/arantv.az\/index.php?rest_route=\/wp\/v2\/posts"}],"about":[{"href":"https:\/\/arantv.az\/index.php?rest_route=\/wp\/v2\/types\/post"}],"author":[{"embeddable":true,"href":"https:\/\/arantv.az\/index.php?rest_route=\/wp\/v2\/users\/2"}],"replies":[{"embeddable":true,"href":"https:\/\/arantv.az\/index.php?rest_route=%2Fwp%2Fv2%2Fcomments&post=515856"}],"version-history":[{"count":0,"href":"https:\/\/arantv.az\/index.php?rest_route=\/wp\/v2\/posts\/515856\/revisions"}],"wp:featuredmedia":[{"embeddable":true,"href":"https:\/\/arantv.az\/index.php?rest_route=\/wp\/v2\/media\/342401"}],"wp:attachment":[{"href":"https:\/\/arantv.az\/index.php?rest_route=%2Fwp%2Fv2%2Fmedia&parent=515856"}],"wp:term":[{"taxonomy":"category","embeddable":true,"href":"https:\/\/arantv.az\/index.php?rest_route=%2Fwp%2Fv2%2Fcategories&post=515856"},{"taxonomy":"post_tag","embeddable":true,"href":"https:\/\/arantv.az\/index.php?rest_route=%2Fwp%2Fv2%2Ftags&post=515856"}],"curies":[{"name":"wp","href":"https:\/\/api.w.org\/{rel}","templated":true}]}}