{"id":515858,"date":"2022-09-21T19:27:27","date_gmt":"2022-09-21T16:27:27","guid":{"rendered":"https:\/\/arantv.az\/?p=515858"},"modified":"2022-09-21T19:27:27","modified_gmt":"2022-09-21T16:27:27","slug":"az%c9%99rbaycanda-kisi-hamil%c9%99-arvadini-doyub-foto","status":"publish","type":"post","link":"https:\/\/arantv.az\/?p=515858","title":{"rendered":"Az\u0259rbaycanda ki\u015fi hamil\u0259 arvad\u0131n\u0131 d\u00f6y\u00fcb &#8211; FOTO"},"content":{"rendered":"<p>Az\u0259rbaycanda ki\u015fi hamil\u0259 v\u0259 \u0259qli z\u0259ifliyi olan arvad\u0131n\u0131 d\u00f6y\u00fcb.<\/p>\n<div class=\"AdviadNativeVideo\"><\/div>\n<p><b>ARANTV.AZ <\/b>x\u0259b\u0259r verir ki, bu bar\u0259d\u0259 \u201cT\u0259miz D\u00fcnya\u201d Qad\u0131nlara Yard\u0131m \u0130ctimai Birliyinin s\u0259dri Mehriban Zeynalova sosial \u015f\u0259b\u0259k\u0259d\u0259 m\u0259lumat yay\u0131b.<\/p>\n<p>O bildirib ki, qad\u0131n\u0131n b\u0259d\u0259ninin b\u00fct\u00fcn nahiy\u0259l\u0259rind\u0259 d\u00f6y\u00fclm\u0259 izl\u0259ri var.<\/p>\n<p>Qad\u0131n \u0259rinin onu d\u0259f\u0259l\u0259rl\u0259 da\u015fla vurdu\u011funu deyib.<\/p>\n<p>&nbsp;<\/p>\n<div class=\"gallery\">\n<div class=\"gallery-i\"><img src=\"https:\/\/cdn.oxu.az\/uploads\/W1siZiIsIjIwMjIvMDkvMjEvMTcvMTIvMDIvYzllMWYyYTgtMWY0Mi00ZTFmLTgwMTYtMzVhZDNkMzQzMWZiLzMwNjg5Mjk5OF8yMzEwOTYzNDgyNDEyNzk3XzQxNjM0OTU0OTY5MzQ3MTM0NzJfbi5qcGciXSxbInAiLCJlbmNvZGUiLCJqcGciLCItcXVhbGl0eSA4MCJdLFsicCIsInRodW1iIiwiNTkweDU5MFx1MDAzZSJdXQ?sha=1c3d1791a6a49342\" alt=\"\" \/><\/p>\n<div class=\"gallery-i-caption\"><\/div>\n<\/div>\n<div class=\"gallery-i\"><img src=\"https:\/\/cdn.oxu.az\/uploads\/W1siZiIsIjIwMjIvMDkvMjEvMTcvMTIvMDMvYWViNzk1ZjEtNzI3ZS00OTZmLTk5ZjYtMTk1YzU3YjI2OTEwLzMwNjg2MDQ5NV8yMzEwOTYzNTk1NzQ2MTE5XzM0Mzk5ODMxMTMxMjQ2MTYzMDNfbi5qcGciXSxbInAiLCJlbmNvZGUiLCJqcGciLCItcXVhbGl0eSA4MCJdLFsicCIsInRodW1iIiwiNTkweDU5MFx1MDAzZSJdXQ?sha=b258edcb39367f92\" alt=\"\" \/><\/p>\n<div class=\"gallery-i-caption\"><\/div>\n<\/div>\n<div class=\"gallery-i\"><img src=\"https:\/\/cdn.oxu.az\/uploads\/W1siZiIsIjIwMjIvMDkvMjEvMTcvMTIvMDMvZTQ5ZjMyNWEtNTVkMS00ZmZlLTliMGMtMzc5YzMyNDQ3YzljLzMwNjg0NjczNl8yMzEwOTYzNTM1NzQ2MTI1XzI4ODQzNTg5NDI4NzM3NDc2NTFfbi5qcGciXSxbInAiLCJlbmNvZGUiLCJqcGciLCItcXVhbGl0eSA4MCJdLFsicCIsInRodW1iIiwiNTkweDU5MFx1MDAzZSJdXQ?sha=8887052bac76d941\" alt=\"\" \/><\/div>\n<\/div>\n","protected":false},"excerpt":{"rendered":"<p>Az\u0259rbaycanda ki\u015fi hamil\u0259 v\u0259 \u0259qli z\u0259ifliyi olan arvad\u0131n\u0131 d\u00f6y\u00fcb. ARANTV.AZ x\u0259b\u0259r verir ki, bu bar\u0259d\u0259 \u201cT\u0259miz D\u00fcnya\u201d Qad\u0131nlara Yard\u0131m \u0130ctimai Birliyinin s\u0259dri Mehriban Zeynalova sosial \u015f\u0259b\u0259k\u0259d\u0259 m\u0259lumat yay\u0131b. O bildirib ki, qad\u0131n\u0131n b\u0259d\u0259ninin b\u00fct\u00fcn nahiy\u0259l\u0259rind\u0259 d\u00f6y\u00fclm\u0259 izl\u0259ri var. Qad\u0131n \u0259rinin onu d\u0259f\u0259l\u0259rl\u0259 da\u015fla vurdu\u011funu deyib. &nbsp;<\/p>\n","protected":false},"author":2,"featured_media":515861,"comment_status":"closed","ping_status":"closed","sticky":false,"template":"","format":"standard","meta":{"om_disable_all_campaigns":false,"_monsterinsights_skip_tracking":false,"_monsterinsights_sitenote_active":false,"_monsterinsights_sitenote_note":"","_monsterinsights_sitenote_category":0},"categories":[5],"tags":[],"aioseo_notices":[],"gutentor_comment":0,"rttpg_featured_image_url":{"full":["https:\/\/arantv.az\/wp-content\/uploads\/2022\/09\/FotoJet-76-2.jpg",620,413,false],"landscape":["https:\/\/arantv.az\/wp-content\/uploads\/2022\/09\/FotoJet-76-2.jpg",620,413,false],"portraits":["https:\/\/arantv.az\/wp-content\/uploads\/2022\/09\/FotoJet-76-2.jpg",620,413,false],"thumbnail":["https:\/\/arantv.az\/wp-content\/uploads\/2022\/09\/FotoJet-76-2-500x280.jpg",500,280,true],"medium":["https:\/\/arantv.az\/wp-content\/uploads\/2022\/09\/FotoJet-76-2-548x365.jpg",548,365,true],"large":["https:\/\/arantv.az\/wp-content\/uploads\/2022\/09\/FotoJet-76-2.jpg",620,413,false],"1536x1536":["https:\/\/arantv.az\/wp-content\/uploads\/2022\/09\/FotoJet-76-2.jpg",620,413,false],"2048x2048":["https:\/\/arantv.az\/wp-content\/uploads\/2022\/09\/FotoJet-76-2.jpg",620,413,false],"post-thumbnail":["https:\/\/arantv.az\/wp-content\/uploads\/2022\/09\/FotoJet-76-2-240x172.jpg",240,172,true],"advps-thumb-one":["https:\/\/arantv.az\/wp-content\/uploads\/2022\/09\/FotoJet-76-2.jpg",620,413,false]},"rttpg_author":{"display_name":"V\u00fcsal Rafiqo\u011flu","author_link":"https:\/\/arantv.az\/?author=2"},"rttpg_comment":0,"rttpg_category":"<a href=\"https:\/\/arantv.az\/?cat=5\" rel=\"category\">Hadis\u0259<\/a>","rttpg_excerpt":"Az\u0259rbaycanda ki\u015fi hamil\u0259 v\u0259 \u0259qli z\u0259ifliyi olan arvad\u0131n\u0131 d\u00f6y\u00fcb. ARANTV.AZ x\u0259b\u0259r verir ki, bu bar\u0259d\u0259 \u201cT\u0259miz D\u00fcnya\u201d Qad\u0131nlara Yard\u0131m \u0130ctimai Birliyinin s\u0259dri Mehriban Zeynalova sosial \u015f\u0259b\u0259k\u0259d\u0259 m\u0259lumat yay\u0131b. O bildirib ki, qad\u0131n\u0131n b\u0259d\u0259ninin b\u00fct\u00fcn nahiy\u0259l\u0259rind\u0259 d\u00f6y\u00fclm\u0259 izl\u0259ri var. Qad\u0131n \u0259rinin onu d\u0259f\u0259l\u0259rl\u0259 da\u015fla vurdu\u011funu deyib. &nbsp;","_links":{"self":[{"href":"https:\/\/arantv.az\/index.php?rest_route=\/wp\/v2\/posts\/515858"}],"collection":[{"href":"https:\/\/arantv.az\/index.php?rest_route=\/wp\/v2\/posts"}],"about":[{"href":"https:\/\/arantv.az\/index.php?rest_route=\/wp\/v2\/types\/post"}],"author":[{"embeddable":true,"href":"https:\/\/arantv.az\/index.php?rest_route=\/wp\/v2\/users\/2"}],"replies":[{"embeddable":true,"href":"https:\/\/arantv.az\/index.php?rest_route=%2Fwp%2Fv2%2Fcomments&post=515858"}],"version-history":[{"count":0,"href":"https:\/\/arantv.az\/index.php?rest_route=\/wp\/v2\/posts\/515858\/revisions"}],"wp:featuredmedia":[{"embeddable":true,"href":"https:\/\/arantv.az\/index.php?rest_route=\/wp\/v2\/media\/515861"}],"wp:attachment":[{"href":"https:\/\/arantv.az\/index.php?rest_route=%2Fwp%2Fv2%2Fmedia&parent=515858"}],"wp:term":[{"taxonomy":"category","embeddable":true,"href":"https:\/\/arantv.az\/index.php?rest_route=%2Fwp%2Fv2%2Fcategories&post=515858"},{"taxonomy":"post_tag","embeddable":true,"href":"https:\/\/arantv.az\/index.php?rest_route=%2Fwp%2Fv2%2Ftags&post=515858"}],"curies":[{"name":"wp","href":"https:\/\/api.w.org\/{rel}","templated":true}]}}