{"id":515920,"date":"2022-09-22T08:15:22","date_gmt":"2022-09-22T05:15:22","guid":{"rendered":"https:\/\/arantv.az\/?p=515920"},"modified":"2022-09-22T08:15:22","modified_gmt":"2022-09-22T05:15:22","slug":"az%c9%99rbaycan-millisi-bu-gun-slovakiya-il%c9%99-qarsilasacaq","status":"publish","type":"post","link":"https:\/\/arantv.az\/?p=515920","title":{"rendered":"Az\u0259rbaycan millisi bu g\u00fcn Slovakiya il\u0259 qar\u015f\u0131la\u015facaq"},"content":{"rendered":"<p>Az\u0259rbaycan y\u0131\u011fmas\u0131 bu g\u00fcn UEFA Mill\u0259tl\u0259r Liqas\u0131nda n\u00f6vb\u0259ti oyununu ke\u00e7ir\u0259c\u0259k.<\/p>\n<p>Canni De Byazinin ba\u015f m\u0259\u015fq\u00e7i oldu\u011fu komanda C Liqas\u0131n\u0131n 1-ci qrupunda Slovakiyan\u0131n qona\u011f\u0131 olacaq.<\/p>\n<div class=\"AdviadNativeVideo\"><\/div>\n<p>Trnava \u015f\u0259h\u0259rind\u0259ki Antona Malatinski stadionunda oynan\u0131lacaq qar\u015f\u0131la\u015fma Bak\u0131 vaxt\u0131 il\u0259 saat 22:45-d\u0259 ba\u015flayacaq. G\u00f6r\u00fc\u015f\u00fc Uilyam Kollam\u0131n ba\u015f\u00e7\u0131l\u0131q etdiyi \u015fotlandiyal\u0131 hakiml\u0259r briqadas\u0131 idar\u0259 ed\u0259c\u0259k.<\/p>\n<p>Meydan sahibl\u0259rind\u0259 c\u0259zal\u0131 Yuray Ku\u00e7ka, Az\u0259rbaycan komandas\u0131nda is\u0259 Mahir Emreli eyni s\u0259b\u0259bd\u0259n meydana \u00e7\u0131xa bilm\u0259y\u0259c\u0259k. Qrupun dig\u0259r mat\u00e7\u0131nda Belarus y\u0131\u011fmas\u0131 Qazax\u0131stan se\u00e7m\u0259sinin qona\u011f\u0131 olacaq.<\/p>\n<p><strong>22 sentyabr<\/strong><\/p>\n<p><strong>UEFA Mill\u0259tl\u0259r Liqas\u0131<\/strong><\/p>\n<p><strong>V tur<\/strong><\/p>\n<p><strong>22:45. Slovakiya &#8211; Az\u0259rbaycan<\/strong><\/p>\n<p><strong>Ba\u015f hakim: Uilyam Kollam<\/strong><\/p>\n<p><strong>Trnava. Antona Malatinski stadionu<\/strong><\/p>\n<p>Qeyd ed\u0259k ki, Az\u0259rbaycan y\u0131\u011fmas\u0131 sentyabr\u0131n 25-d\u0259 VI &#8211; sonuncu turda Qazax\u0131stan\u0131, Slovakiya is\u0259 Belarusu q\u0259bul ed\u0259c\u0259k. Qazax\u0131stan 10 xalla qrupun lideridir. Slovakiya 6 xalla ikinci, Az\u0259rbaycan 4 xalla \u00fc\u00e7\u00fcnc\u00fc, Belarus is\u0259 2 xalla sonuncu pill\u0259d\u0259 q\u0259rarla\u015f\u0131b.<\/p>\n","protected":false},"excerpt":{"rendered":"<p>Az\u0259rbaycan y\u0131\u011fmas\u0131 bu g\u00fcn UEFA Mill\u0259tl\u0259r Liqas\u0131nda n\u00f6vb\u0259ti oyununu ke\u00e7ir\u0259c\u0259k. Canni De Byazinin ba\u015f m\u0259\u015fq\u00e7i oldu\u011fu komanda C Liqas\u0131n\u0131n 1-ci qrupunda Slovakiyan\u0131n qona\u011f\u0131 olacaq. Trnava \u015f\u0259h\u0259rind\u0259ki Antona Malatinski stadionunda oynan\u0131lacaq qar\u015f\u0131la\u015fma Bak\u0131 vaxt\u0131 il\u0259 saat 22:45-d\u0259 ba\u015flayacaq. G\u00f6r\u00fc\u015f\u00fc Uilyam Kollam\u0131n ba\u015f\u00e7\u0131l\u0131q etdiyi \u015fotlandiyal\u0131 hakiml\u0259r briqadas\u0131 idar\u0259 ed\u0259c\u0259k. Meydan sahibl\u0259rind\u0259 c\u0259zal\u0131 Yuray Ku\u00e7ka, Az\u0259rbaycan komandas\u0131nda is\u0259 Mahir Emreli eyni s\u0259b\u0259bd\u0259n meydana \u00e7\u0131xa bilm\u0259y\u0259c\u0259k. Qrupun dig\u0259r mat\u00e7\u0131nda Belarus y\u0131\u011fmas\u0131 Qazax\u0131stan se\u00e7m\u0259sinin qona\u011f\u0131 olacaq. 22 sentyabr UEFA Mill\u0259tl\u0259r Liqas\u0131 V tur 22:45. Slovakiya &#8211; Az\u0259rbaycan Ba\u015f hakim: Uilyam Kollam Trnava. Antona Malatinski stadionu&hellip;<\/p>\n","protected":false},"author":2,"featured_media":515921,"comment_status":"closed","ping_status":"closed","sticky":false,"template":"","format":"standard","meta":{"om_disable_all_campaigns":false,"_monsterinsights_skip_tracking":false,"_monsterinsights_sitenote_active":false,"_monsterinsights_sitenote_note":"","_monsterinsights_sitenote_category":0},"categories":[6],"tags":[],"aioseo_notices":[],"gutentor_comment":0,"rttpg_featured_image_url":{"full":["https:\/\/arantv.az\/wp-content\/uploads\/2022\/09\/0cdd2648-c235-3f4e-9ba7-76f457422e47_850.jpg",620,413,false],"landscape":["https:\/\/arantv.az\/wp-content\/uploads\/2022\/09\/0cdd2648-c235-3f4e-9ba7-76f457422e47_850.jpg",620,413,false],"portraits":["https:\/\/arantv.az\/wp-content\/uploads\/2022\/09\/0cdd2648-c235-3f4e-9ba7-76f457422e47_850.jpg",620,413,false],"thumbnail":["https:\/\/arantv.az\/wp-content\/uploads\/2022\/09\/0cdd2648-c235-3f4e-9ba7-76f457422e47_850-500x280.jpg",500,280,true],"medium":["https:\/\/arantv.az\/wp-content\/uploads\/2022\/09\/0cdd2648-c235-3f4e-9ba7-76f457422e47_850-548x365.jpg",548,365,true],"large":["https:\/\/arantv.az\/wp-content\/uploads\/2022\/09\/0cdd2648-c235-3f4e-9ba7-76f457422e47_850.jpg",620,413,false],"1536x1536":["https:\/\/arantv.az\/wp-content\/uploads\/2022\/09\/0cdd2648-c235-3f4e-9ba7-76f457422e47_850.jpg",620,413,false],"2048x2048":["https:\/\/arantv.az\/wp-content\/uploads\/2022\/09\/0cdd2648-c235-3f4e-9ba7-76f457422e47_850.jpg",620,413,false],"post-thumbnail":["https:\/\/arantv.az\/wp-content\/uploads\/2022\/09\/0cdd2648-c235-3f4e-9ba7-76f457422e47_850-240x172.jpg",240,172,true],"advps-thumb-one":["https:\/\/arantv.az\/wp-content\/uploads\/2022\/09\/0cdd2648-c235-3f4e-9ba7-76f457422e47_850.jpg",620,413,false]},"rttpg_author":{"display_name":"V\u00fcsal Rafiqo\u011flu","author_link":"https:\/\/arantv.az\/?author=2"},"rttpg_comment":0,"rttpg_category":"<a href=\"https:\/\/arantv.az\/?cat=6\" rel=\"category\">\u0130dman<\/a>","rttpg_excerpt":"Az\u0259rbaycan y\u0131\u011fmas\u0131 bu g\u00fcn UEFA Mill\u0259tl\u0259r Liqas\u0131nda n\u00f6vb\u0259ti oyununu ke\u00e7ir\u0259c\u0259k. Canni De Byazinin ba\u015f m\u0259\u015fq\u00e7i oldu\u011fu komanda C Liqas\u0131n\u0131n 1-ci qrupunda Slovakiyan\u0131n qona\u011f\u0131 olacaq. Trnava \u015f\u0259h\u0259rind\u0259ki Antona Malatinski stadionunda oynan\u0131lacaq qar\u015f\u0131la\u015fma Bak\u0131 vaxt\u0131 il\u0259 saat 22:45-d\u0259 ba\u015flayacaq. G\u00f6r\u00fc\u015f\u00fc Uilyam Kollam\u0131n ba\u015f\u00e7\u0131l\u0131q etdiyi \u015fotlandiyal\u0131 hakiml\u0259r briqadas\u0131 idar\u0259 ed\u0259c\u0259k. Meydan sahibl\u0259rind\u0259 c\u0259zal\u0131 Yuray Ku\u00e7ka, Az\u0259rbaycan komandas\u0131nda is\u0259&hellip;","_links":{"self":[{"href":"https:\/\/arantv.az\/index.php?rest_route=\/wp\/v2\/posts\/515920"}],"collection":[{"href":"https:\/\/arantv.az\/index.php?rest_route=\/wp\/v2\/posts"}],"about":[{"href":"https:\/\/arantv.az\/index.php?rest_route=\/wp\/v2\/types\/post"}],"author":[{"embeddable":true,"href":"https:\/\/arantv.az\/index.php?rest_route=\/wp\/v2\/users\/2"}],"replies":[{"embeddable":true,"href":"https:\/\/arantv.az\/index.php?rest_route=%2Fwp%2Fv2%2Fcomments&post=515920"}],"version-history":[{"count":0,"href":"https:\/\/arantv.az\/index.php?rest_route=\/wp\/v2\/posts\/515920\/revisions"}],"wp:featuredmedia":[{"embeddable":true,"href":"https:\/\/arantv.az\/index.php?rest_route=\/wp\/v2\/media\/515921"}],"wp:attachment":[{"href":"https:\/\/arantv.az\/index.php?rest_route=%2Fwp%2Fv2%2Fmedia&parent=515920"}],"wp:term":[{"taxonomy":"category","embeddable":true,"href":"https:\/\/arantv.az\/index.php?rest_route=%2Fwp%2Fv2%2Fcategories&post=515920"},{"taxonomy":"post_tag","embeddable":true,"href":"https:\/\/arantv.az\/index.php?rest_route=%2Fwp%2Fv2%2Ftags&post=515920"}],"curies":[{"name":"wp","href":"https:\/\/api.w.org\/{rel}","templated":true}]}}