{"id":51665,"date":"2019-04-19T14:02:59","date_gmt":"2019-04-19T11:02:59","guid":{"rendered":"http:\/\/arantv.az\/?p=51665"},"modified":"2019-04-19T14:02:59","modified_gmt":"2019-04-19T11:02:59","slug":"turkiy%c9%99-v%c9%99-az%c9%99rbaycan-arasinda-aviareysl%c9%99rin-sayi-artirilacaq-nazir","status":"publish","type":"post","link":"https:\/\/arantv.az\/?p=51665","title":{"rendered":"T\u00fcrkiy\u0259 v\u0259 Az\u0259rbaycan aras\u0131nda aviareysl\u0259rin say\u0131 art\u0131r\u0131lacaq &#8211; Nazir"},"content":{"rendered":"<p><strong>&#8220;T\u00fcrkiy\u0259 v\u0259 Az\u0259rbaycan aras\u0131nda aviareysl\u0259rin say\u0131 h\u0259ft\u0259d\u0259 115-d\u0259k art\u0131r\u0131lacaq&#8221;.<\/strong><\/p>\n<p><strong>ARANTV.AZ<\/strong>\u00a0\u00a0<a href=\"https:\/\/az.trend.az\/\" target=\"_blank\" rel=\"noopener\"><span style=\"color: #000000;\">Trend<\/span><\/a>-\u0259 istinad\u0259n x\u0259b\u0259r verir ki, bunu T\u00fcrkiy\u0259nin n\u0259qliyyat v\u0259 infrastruktur naziri Mehmet Cahit Turhan deyib.<\/p>\n<p>Nazir bildirib ki, reysl\u0259rin say\u0131 yay m\u00f6vs\u00fcm\u00fcnd\u0259 art\u0131r\u0131lacaq. M.Cahit \u0259lav\u0259 edib ki, haz\u0131rda T\u00fcrkiy\u0259 il\u0259 Az\u0259rbaycan aras\u0131nda h\u0259ft\u0259d\u0259 90 aviareys h\u0259yata ke\u00e7irilir.<\/p>\n<p>Nazirin s\u00f6zl\u0259rin\u0259 g\u00f6r\u0259, aprelin 22-d\u0259n ba\u015flayaraq is\u0259 T\u00fcrkiy\u0259nin &#8220;Pegasus&#8221; avia\u015firk\u0259ti t\u0259r\u0259find\u0259n Ankara-Bak\u0131 birba\u015fa reysl\u0259ri i\u015f\u0259 d\u00fc\u015f\u0259c\u0259k.<\/p>\n","protected":false},"excerpt":{"rendered":"<p>&#8220;T\u00fcrkiy\u0259 v\u0259 Az\u0259rbaycan aras\u0131nda aviareysl\u0259rin say\u0131 h\u0259ft\u0259d\u0259 115-d\u0259k art\u0131r\u0131lacaq&#8221;. ARANTV.AZ\u00a0\u00a0Trend-\u0259 istinad\u0259n x\u0259b\u0259r verir ki, bunu T\u00fcrkiy\u0259nin n\u0259qliyyat v\u0259 infrastruktur naziri Mehmet Cahit Turhan deyib. Nazir bildirib ki, reysl\u0259rin say\u0131 yay m\u00f6vs\u00fcm\u00fcnd\u0259 art\u0131r\u0131lacaq. M.Cahit \u0259lav\u0259 edib ki, haz\u0131rda T\u00fcrkiy\u0259 il\u0259 Az\u0259rbaycan aras\u0131nda h\u0259ft\u0259d\u0259 90 aviareys h\u0259yata ke\u00e7irilir. Nazirin s\u00f6zl\u0259rin\u0259 g\u00f6r\u0259, aprelin 22-d\u0259n ba\u015flayaraq is\u0259 T\u00fcrkiy\u0259nin &#8220;Pegasus&#8221; avia\u015firk\u0259ti t\u0259r\u0259find\u0259n Ankara-Bak\u0131 birba\u015fa reysl\u0259ri i\u015f\u0259 d\u00fc\u015f\u0259c\u0259k.<\/p>\n","protected":false},"author":2,"featured_media":51666,"comment_status":"closed","ping_status":"closed","sticky":false,"template":"","format":"standard","meta":{"om_disable_all_campaigns":false,"_monsterinsights_skip_tracking":false,"_monsterinsights_sitenote_active":false,"_monsterinsights_sitenote_note":"","_monsterinsights_sitenote_category":0},"categories":[1],"tags":[],"aioseo_notices":[],"gutentor_comment":0,"rttpg_featured_image_url":{"full":["https:\/\/arantv.az\/wp-content\/uploads\/2019\/04\/teyyare_474-2.jpg",800,600,false],"landscape":["https:\/\/arantv.az\/wp-content\/uploads\/2019\/04\/teyyare_474-2.jpg",800,600,false],"portraits":["https:\/\/arantv.az\/wp-content\/uploads\/2019\/04\/teyyare_474-2.jpg",800,600,false],"thumbnail":["https:\/\/arantv.az\/wp-content\/uploads\/2019\/04\/teyyare_474-2-150x150.jpg",150,150,true],"medium":["https:\/\/arantv.az\/wp-content\/uploads\/2019\/04\/teyyare_474-2-300x225.jpg",300,225,true],"large":["https:\/\/arantv.az\/wp-content\/uploads\/2019\/04\/teyyare_474-2.jpg",640,480,false],"1536x1536":["https:\/\/arantv.az\/wp-content\/uploads\/2019\/04\/teyyare_474-2.jpg",800,600,false],"2048x2048":["https:\/\/arantv.az\/wp-content\/uploads\/2019\/04\/teyyare_474-2.jpg",800,600,false],"post-thumbnail":["https:\/\/arantv.az\/wp-content\/uploads\/2019\/04\/teyyare_474-2-240x172.jpg",240,172,true],"advps-thumb-one":["https:\/\/arantv.az\/wp-content\/uploads\/2019\/04\/teyyare_474-2.jpg",800,600,false]},"rttpg_author":{"display_name":"V\u00fcsal Rafiqo\u011flu","author_link":"https:\/\/arantv.az\/?author=2"},"rttpg_comment":0,"rttpg_category":"<a href=\"https:\/\/arantv.az\/?cat=1\" rel=\"category\">C\u0259miyy\u0259t<\/a>","rttpg_excerpt":"&#8220;T\u00fcrkiy\u0259 v\u0259 Az\u0259rbaycan aras\u0131nda aviareysl\u0259rin say\u0131 h\u0259ft\u0259d\u0259 115-d\u0259k art\u0131r\u0131lacaq&#8221;. ARANTV.AZ\u00a0\u00a0Trend-\u0259 istinad\u0259n x\u0259b\u0259r verir ki, bunu T\u00fcrkiy\u0259nin n\u0259qliyyat v\u0259 infrastruktur naziri Mehmet Cahit Turhan deyib. Nazir bildirib ki, reysl\u0259rin say\u0131 yay m\u00f6vs\u00fcm\u00fcnd\u0259 art\u0131r\u0131lacaq. M.Cahit \u0259lav\u0259 edib ki, haz\u0131rda T\u00fcrkiy\u0259 il\u0259 Az\u0259rbaycan aras\u0131nda h\u0259ft\u0259d\u0259 90 aviareys h\u0259yata ke\u00e7irilir. Nazirin s\u00f6zl\u0259rin\u0259 g\u00f6r\u0259, aprelin 22-d\u0259n ba\u015flayaraq is\u0259 T\u00fcrkiy\u0259nin &#8220;Pegasus&#8221;&hellip;","_links":{"self":[{"href":"https:\/\/arantv.az\/index.php?rest_route=\/wp\/v2\/posts\/51665"}],"collection":[{"href":"https:\/\/arantv.az\/index.php?rest_route=\/wp\/v2\/posts"}],"about":[{"href":"https:\/\/arantv.az\/index.php?rest_route=\/wp\/v2\/types\/post"}],"author":[{"embeddable":true,"href":"https:\/\/arantv.az\/index.php?rest_route=\/wp\/v2\/users\/2"}],"replies":[{"embeddable":true,"href":"https:\/\/arantv.az\/index.php?rest_route=%2Fwp%2Fv2%2Fcomments&post=51665"}],"version-history":[{"count":0,"href":"https:\/\/arantv.az\/index.php?rest_route=\/wp\/v2\/posts\/51665\/revisions"}],"wp:featuredmedia":[{"embeddable":true,"href":"https:\/\/arantv.az\/index.php?rest_route=\/wp\/v2\/media\/51666"}],"wp:attachment":[{"href":"https:\/\/arantv.az\/index.php?rest_route=%2Fwp%2Fv2%2Fmedia&parent=51665"}],"wp:term":[{"taxonomy":"category","embeddable":true,"href":"https:\/\/arantv.az\/index.php?rest_route=%2Fwp%2Fv2%2Fcategories&post=51665"},{"taxonomy":"post_tag","embeddable":true,"href":"https:\/\/arantv.az\/index.php?rest_route=%2Fwp%2Fv2%2Ftags&post=51665"}],"curies":[{"name":"wp","href":"https:\/\/api.w.org\/{rel}","templated":true}]}}