{"id":51668,"date":"2019-04-19T14:08:07","date_gmt":"2019-04-19T11:08:07","guid":{"rendered":"http:\/\/arantv.az\/?p=51668"},"modified":"2019-04-19T14:08:07","modified_gmt":"2019-04-19T11:08:07","slug":"icra-bascisindan-yeni-kadr-t%c9%99yinati","status":"publish","type":"post","link":"https:\/\/arantv.az\/?p=51668","title":{"rendered":"\u0130cra ba\u015f\u00e7\u0131s\u0131ndan yeni kadr t\u0259yinat\u0131"},"content":{"rendered":"<p>\u015eamax\u0131 rayon icra hakimiyy\u0259tinin ba\u015f\u00e7\u0131s\u0131 Tahir M\u0259mm\u0259dov yeni kadr t\u0259yinat\u0131na imza at\u0131b.<\/p>\n<p><b>ARANTV.AZ\u00a0<\/b>\u00a0teleqraf.com-a istinad\u0259n x\u0259b\u0259r verir ki, onun \u0259mri il\u0259 Yaqub Arif o\u011flu Yaqubov \u015eamax\u0131 rayon icra hakimiyy\u0259ti ba\u015f\u00e7\u0131s\u0131n\u0131n k\u00f6m\u0259k\u00e7isi t\u0259yin olunub.<\/p>\n<p>Qeyd ed\u0259k ki, ziyal\u0131 ail\u0259sind\u0259 anadan olan Yaqub Yaqubov siyasi elml\u0259r \u00fczre f\u0259ls\u0259f\u0259 doktorudur, rus v\u0259 ingilis dill\u0259rind\u0259 s\u0259rb\u0259st dan\u0131\u015f\u0131r.<\/p>\n<p>Tahir M\u0259mm\u0259dov Az\u0259rbaycan Prezidenti \u0130lham \u018fliyevin 30 oktyabr 2018-ci il tarixli s\u0259r\u0259ncam\u0131 il\u0259 \u015eamax\u0131 Rayon \u0130cra Hakimiyy\u0259tinin ba\u015f\u00e7\u0131s\u0131 v\u0259zif\u0259sin\u0259 t\u0259yin olunub.<\/p>\n","protected":false},"excerpt":{"rendered":"<p>\u015eamax\u0131 rayon icra hakimiyy\u0259tinin ba\u015f\u00e7\u0131s\u0131 Tahir M\u0259mm\u0259dov yeni kadr t\u0259yinat\u0131na imza at\u0131b. ARANTV.AZ\u00a0\u00a0teleqraf.com-a istinad\u0259n x\u0259b\u0259r verir ki, onun \u0259mri il\u0259 Yaqub Arif o\u011flu Yaqubov \u015eamax\u0131 rayon icra hakimiyy\u0259ti ba\u015f\u00e7\u0131s\u0131n\u0131n k\u00f6m\u0259k\u00e7isi t\u0259yin olunub. Qeyd ed\u0259k ki, ziyal\u0131 ail\u0259sind\u0259 anadan olan Yaqub Yaqubov siyasi elml\u0259r \u00fczre f\u0259ls\u0259f\u0259 doktorudur, rus v\u0259 ingilis dill\u0259rind\u0259 s\u0259rb\u0259st dan\u0131\u015f\u0131r. Tahir M\u0259mm\u0259dov Az\u0259rbaycan Prezidenti \u0130lham \u018fliyevin 30 oktyabr 2018-ci il tarixli s\u0259r\u0259ncam\u0131 il\u0259 \u015eamax\u0131 Rayon \u0130cra Hakimiyy\u0259tinin ba\u015f\u00e7\u0131s\u0131 v\u0259zif\u0259sin\u0259 t\u0259yin olunub.<\/p>\n","protected":false},"author":2,"featured_media":51669,"comment_status":"closed","ping_status":"closed","sticky":false,"template":"","format":"standard","meta":{"om_disable_all_campaigns":false,"_monsterinsights_skip_tracking":false,"_monsterinsights_sitenote_active":false,"_monsterinsights_sitenote_note":"","_monsterinsights_sitenote_category":0},"categories":[1],"tags":[],"aioseo_notices":[],"gutentor_comment":0,"rttpg_featured_image_url":{"full":["https:\/\/arantv.az\/wp-content\/uploads\/2019\/04\/1555671383_kreslo_201214.jpg",649,365,false],"landscape":["https:\/\/arantv.az\/wp-content\/uploads\/2019\/04\/1555671383_kreslo_201214.jpg",649,365,false],"portraits":["https:\/\/arantv.az\/wp-content\/uploads\/2019\/04\/1555671383_kreslo_201214.jpg",649,365,false],"thumbnail":["https:\/\/arantv.az\/wp-content\/uploads\/2019\/04\/1555671383_kreslo_201214-150x150.jpg",150,150,true],"medium":["https:\/\/arantv.az\/wp-content\/uploads\/2019\/04\/1555671383_kreslo_201214-300x169.jpg",300,169,true],"large":["https:\/\/arantv.az\/wp-content\/uploads\/2019\/04\/1555671383_kreslo_201214.jpg",640,360,false],"1536x1536":["https:\/\/arantv.az\/wp-content\/uploads\/2019\/04\/1555671383_kreslo_201214.jpg",649,365,false],"2048x2048":["https:\/\/arantv.az\/wp-content\/uploads\/2019\/04\/1555671383_kreslo_201214.jpg",649,365,false],"post-thumbnail":["https:\/\/arantv.az\/wp-content\/uploads\/2019\/04\/1555671383_kreslo_201214-240x172.jpg",240,172,true],"advps-thumb-one":["https:\/\/arantv.az\/wp-content\/uploads\/2019\/04\/1555671383_kreslo_201214.jpg",649,365,false]},"rttpg_author":{"display_name":"V\u00fcsal Rafiqo\u011flu","author_link":"https:\/\/arantv.az\/?author=2"},"rttpg_comment":0,"rttpg_category":"<a href=\"https:\/\/arantv.az\/?cat=1\" rel=\"category\">C\u0259miyy\u0259t<\/a>","rttpg_excerpt":"\u015eamax\u0131 rayon icra hakimiyy\u0259tinin ba\u015f\u00e7\u0131s\u0131 Tahir M\u0259mm\u0259dov yeni kadr t\u0259yinat\u0131na imza at\u0131b. ARANTV.AZ\u00a0\u00a0teleqraf.com-a istinad\u0259n x\u0259b\u0259r verir ki, onun \u0259mri il\u0259 Yaqub Arif o\u011flu Yaqubov \u015eamax\u0131 rayon icra hakimiyy\u0259ti ba\u015f\u00e7\u0131s\u0131n\u0131n k\u00f6m\u0259k\u00e7isi t\u0259yin olunub. Qeyd ed\u0259k ki, ziyal\u0131 ail\u0259sind\u0259 anadan olan Yaqub Yaqubov siyasi elml\u0259r \u00fczre f\u0259ls\u0259f\u0259 doktorudur, rus v\u0259 ingilis dill\u0259rind\u0259 s\u0259rb\u0259st dan\u0131\u015f\u0131r. Tahir M\u0259mm\u0259dov Az\u0259rbaycan&hellip;","_links":{"self":[{"href":"https:\/\/arantv.az\/index.php?rest_route=\/wp\/v2\/posts\/51668"}],"collection":[{"href":"https:\/\/arantv.az\/index.php?rest_route=\/wp\/v2\/posts"}],"about":[{"href":"https:\/\/arantv.az\/index.php?rest_route=\/wp\/v2\/types\/post"}],"author":[{"embeddable":true,"href":"https:\/\/arantv.az\/index.php?rest_route=\/wp\/v2\/users\/2"}],"replies":[{"embeddable":true,"href":"https:\/\/arantv.az\/index.php?rest_route=%2Fwp%2Fv2%2Fcomments&post=51668"}],"version-history":[{"count":0,"href":"https:\/\/arantv.az\/index.php?rest_route=\/wp\/v2\/posts\/51668\/revisions"}],"wp:featuredmedia":[{"embeddable":true,"href":"https:\/\/arantv.az\/index.php?rest_route=\/wp\/v2\/media\/51669"}],"wp:attachment":[{"href":"https:\/\/arantv.az\/index.php?rest_route=%2Fwp%2Fv2%2Fmedia&parent=51668"}],"wp:term":[{"taxonomy":"category","embeddable":true,"href":"https:\/\/arantv.az\/index.php?rest_route=%2Fwp%2Fv2%2Fcategories&post=51668"},{"taxonomy":"post_tag","embeddable":true,"href":"https:\/\/arantv.az\/index.php?rest_route=%2Fwp%2Fv2%2Ftags&post=51668"}],"curies":[{"name":"wp","href":"https:\/\/api.w.org\/{rel}","templated":true}]}}