{"id":51675,"date":"2019-04-19T14:45:00","date_gmt":"2019-04-19T11:45:00","guid":{"rendered":"http:\/\/arantv.az\/?p=51675"},"modified":"2019-04-19T14:45:00","modified_gmt":"2019-04-19T11:45:00","slug":"formula-1d%c9%99-pilotlari-r%c9%99qqaslar-musayi%c9%99t-ed%c9%99c%c9%99k","status":"publish","type":"post","link":"https:\/\/arantv.az\/?p=51675","title":{"rendered":"\u201cFormula-1\u201dd\u0259 pilotlar\u0131 r\u0259qqaslar m\u00fc\u015fayi\u0259t ed\u0259c\u0259k"},"content":{"rendered":"<p>Bak\u0131da ke\u00e7iril\u0259c\u0259k \u201cFormula-1\u201d\u00a0yar\u0131\u015f\u0131ndan \u00f6nc\u0259 s\u00fcr\u00fcc\u00fcl\u0259rin parad\u0131 ke\u00e7iril\u0259c\u0259k.<\/p>\n<p><strong>ARANTV.AZ<\/strong>-\u0131n x\u0259b\u0259rin\u0259 g\u00f6r\u0259, i\u015ftirak\u00e7\u0131 olan pilotlar yar\u0131\u015f g\u00fcn\u00fc &#8211; aprelin 28-d\u0259 x\u00fcsusi xal\u00e7a \u00fcz\u0259rind\u0259 y\u00fcr\u00fc\u015f ed\u0259c\u0259k.<\/p>\n<p>Xal\u00e7a \u00fcz\u0259rind\u0259 1001 r\u0259q\u0259mi yaz\u0131lacaq. Bu is\u0259 Az\u0259rbaycan Qran-Prisinin 1001-ci yar\u0131\u015f olmas\u0131 il\u0259 \u0259laq\u0259dard\u0131r.<\/p>\n<div id=\"AdviadNativeVideo0\" class=\"AdviadNativeVideo\"><\/div>\n<p>Onlar\u0131 25 r\u0259qqas m\u00fc\u015fayi\u0259t ed\u0259c\u0259k.<\/p>\n<p>Bundan ba\u015fqa, Az\u0259rbaycan Respublikas\u0131n\u0131n himni yen\u0259 qeyri-adi \u015f\u0259kild\u0259 s\u0259sl\u0259ndiril\u0259c\u0259k. Bel\u0259 ki, himn\u00a0B\u0259yimxan\u0131m V\u0259liyeva v\u0259 Nurlan N\u00f6vr\u0259sli t\u0259r\u0259find\u0259n oxunacaq.<\/p>\n<p>Himn\u00a0tar, na\u011fara, violan\u00e7el v\u0259 timpani al\u0259tl\u0259ri vasit\u0259sil\u0259 \u00e7al\u0131nacaq.oxu.az<\/p>\n","protected":false},"excerpt":{"rendered":"<p>Bak\u0131da ke\u00e7iril\u0259c\u0259k \u201cFormula-1\u201d\u00a0yar\u0131\u015f\u0131ndan \u00f6nc\u0259 s\u00fcr\u00fcc\u00fcl\u0259rin parad\u0131 ke\u00e7iril\u0259c\u0259k. ARANTV.AZ-\u0131n x\u0259b\u0259rin\u0259 g\u00f6r\u0259, i\u015ftirak\u00e7\u0131 olan pilotlar yar\u0131\u015f g\u00fcn\u00fc &#8211; aprelin 28-d\u0259 x\u00fcsusi xal\u00e7a \u00fcz\u0259rind\u0259 y\u00fcr\u00fc\u015f ed\u0259c\u0259k. Xal\u00e7a \u00fcz\u0259rind\u0259 1001 r\u0259q\u0259mi yaz\u0131lacaq. Bu is\u0259 Az\u0259rbaycan Qran-Prisinin 1001-ci yar\u0131\u015f olmas\u0131 il\u0259 \u0259laq\u0259dard\u0131r. Onlar\u0131 25 r\u0259qqas m\u00fc\u015fayi\u0259t ed\u0259c\u0259k. Bundan ba\u015fqa, Az\u0259rbaycan Respublikas\u0131n\u0131n himni yen\u0259 qeyri-adi \u015f\u0259kild\u0259 s\u0259sl\u0259ndiril\u0259c\u0259k. Bel\u0259 ki, himn\u00a0B\u0259yimxan\u0131m V\u0259liyeva v\u0259 Nurlan N\u00f6vr\u0259sli t\u0259r\u0259find\u0259n oxunacaq. Himn\u00a0tar, na\u011fara, violan\u00e7el v\u0259 timpani al\u0259tl\u0259ri vasit\u0259sil\u0259 \u00e7al\u0131nacaq.oxu.az<\/p>\n","protected":false},"author":2,"featured_media":51676,"comment_status":"closed","ping_status":"closed","sticky":false,"template":"","format":"standard","meta":{"om_disable_all_campaigns":false,"_monsterinsights_skip_tracking":false,"_monsterinsights_sitenote_active":false,"_monsterinsights_sitenote_note":"","_monsterinsights_sitenote_category":0},"categories":[1],"tags":[],"aioseo_notices":[],"gutentor_comment":0,"rttpg_featured_image_url":{"full":["https:\/\/arantv.az\/wp-content\/uploads\/2019\/04\/Screen-Shot-2019-02-07-at-2.45.23-AM.jpg",620,463,false],"landscape":["https:\/\/arantv.az\/wp-content\/uploads\/2019\/04\/Screen-Shot-2019-02-07-at-2.45.23-AM.jpg",620,463,false],"portraits":["https:\/\/arantv.az\/wp-content\/uploads\/2019\/04\/Screen-Shot-2019-02-07-at-2.45.23-AM.jpg",620,463,false],"thumbnail":["https:\/\/arantv.az\/wp-content\/uploads\/2019\/04\/Screen-Shot-2019-02-07-at-2.45.23-AM-150x150.jpg",150,150,true],"medium":["https:\/\/arantv.az\/wp-content\/uploads\/2019\/04\/Screen-Shot-2019-02-07-at-2.45.23-AM-300x224.jpg",300,224,true],"large":["https:\/\/arantv.az\/wp-content\/uploads\/2019\/04\/Screen-Shot-2019-02-07-at-2.45.23-AM.jpg",620,463,false],"1536x1536":["https:\/\/arantv.az\/wp-content\/uploads\/2019\/04\/Screen-Shot-2019-02-07-at-2.45.23-AM.jpg",620,463,false],"2048x2048":["https:\/\/arantv.az\/wp-content\/uploads\/2019\/04\/Screen-Shot-2019-02-07-at-2.45.23-AM.jpg",620,463,false],"post-thumbnail":["https:\/\/arantv.az\/wp-content\/uploads\/2019\/04\/Screen-Shot-2019-02-07-at-2.45.23-AM-240x172.jpg",240,172,true],"advps-thumb-one":["https:\/\/arantv.az\/wp-content\/uploads\/2019\/04\/Screen-Shot-2019-02-07-at-2.45.23-AM.jpg",620,463,false]},"rttpg_author":{"display_name":"V\u00fcsal Rafiqo\u011flu","author_link":"https:\/\/arantv.az\/?author=2"},"rttpg_comment":0,"rttpg_category":"<a href=\"https:\/\/arantv.az\/?cat=1\" rel=\"category\">C\u0259miyy\u0259t<\/a>","rttpg_excerpt":"Bak\u0131da ke\u00e7iril\u0259c\u0259k \u201cFormula-1\u201d\u00a0yar\u0131\u015f\u0131ndan \u00f6nc\u0259 s\u00fcr\u00fcc\u00fcl\u0259rin parad\u0131 ke\u00e7iril\u0259c\u0259k. ARANTV.AZ-\u0131n x\u0259b\u0259rin\u0259 g\u00f6r\u0259, i\u015ftirak\u00e7\u0131 olan pilotlar yar\u0131\u015f g\u00fcn\u00fc &#8211; aprelin 28-d\u0259 x\u00fcsusi xal\u00e7a \u00fcz\u0259rind\u0259 y\u00fcr\u00fc\u015f ed\u0259c\u0259k. Xal\u00e7a \u00fcz\u0259rind\u0259 1001 r\u0259q\u0259mi yaz\u0131lacaq. Bu is\u0259 Az\u0259rbaycan Qran-Prisinin 1001-ci yar\u0131\u015f olmas\u0131 il\u0259 \u0259laq\u0259dard\u0131r. Onlar\u0131 25 r\u0259qqas m\u00fc\u015fayi\u0259t ed\u0259c\u0259k. Bundan ba\u015fqa, Az\u0259rbaycan Respublikas\u0131n\u0131n himni yen\u0259 qeyri-adi \u015f\u0259kild\u0259 s\u0259sl\u0259ndiril\u0259c\u0259k. Bel\u0259 ki, himn\u00a0B\u0259yimxan\u0131m V\u0259liyeva&hellip;","_links":{"self":[{"href":"https:\/\/arantv.az\/index.php?rest_route=\/wp\/v2\/posts\/51675"}],"collection":[{"href":"https:\/\/arantv.az\/index.php?rest_route=\/wp\/v2\/posts"}],"about":[{"href":"https:\/\/arantv.az\/index.php?rest_route=\/wp\/v2\/types\/post"}],"author":[{"embeddable":true,"href":"https:\/\/arantv.az\/index.php?rest_route=\/wp\/v2\/users\/2"}],"replies":[{"embeddable":true,"href":"https:\/\/arantv.az\/index.php?rest_route=%2Fwp%2Fv2%2Fcomments&post=51675"}],"version-history":[{"count":0,"href":"https:\/\/arantv.az\/index.php?rest_route=\/wp\/v2\/posts\/51675\/revisions"}],"wp:featuredmedia":[{"embeddable":true,"href":"https:\/\/arantv.az\/index.php?rest_route=\/wp\/v2\/media\/51676"}],"wp:attachment":[{"href":"https:\/\/arantv.az\/index.php?rest_route=%2Fwp%2Fv2%2Fmedia&parent=51675"}],"wp:term":[{"taxonomy":"category","embeddable":true,"href":"https:\/\/arantv.az\/index.php?rest_route=%2Fwp%2Fv2%2Fcategories&post=51675"},{"taxonomy":"post_tag","embeddable":true,"href":"https:\/\/arantv.az\/index.php?rest_route=%2Fwp%2Fv2%2Ftags&post=51675"}],"curies":[{"name":"wp","href":"https:\/\/api.w.org\/{rel}","templated":true}]}}