{"id":51695,"date":"2019-04-19T15:12:22","date_gmt":"2019-04-19T12:12:22","guid":{"rendered":"http:\/\/arantv.az\/?p=51695"},"modified":"2019-04-19T15:12:22","modified_gmt":"2019-04-19T12:12:22","slug":"az%c9%99rbaycanda-ogul-araq-almaq-ucun-ona-pul-verm%c9%99y%c9%99n-anasini-doy%c9%99r%c9%99k-oldurdu","status":"publish","type":"post","link":"https:\/\/arantv.az\/?p=51695","title":{"rendered":"Az\u0259rbaycanda o\u011ful araq almaq \u00fc\u00e7\u00fcn ona pul verm\u0259y\u0259n anas\u0131n\u0131 d\u00f6y\u0259r\u0259k \u00f6ld\u00fcrd\u00fc"},"content":{"rendered":"<p>Qarada\u011f rayonunda anas\u0131n\u0131 d\u00f6y\u0259r\u0259k \u00f6ld\u00fcrm\u0259kd\u0259 t\u0259qsirli bilin\u0259n C\u0259mil \u0130slamov Apellyasiya m\u0259hk\u0259m\u0259sin\u0259 \u015fikay\u0259t edib.<br \/>\n<b>ARANTV.AZ\u00a0<\/b>\u00a0&#8220;\u00d6lk\u0259.Az&#8221;a istinad\u0259n x\u0259b\u0259r verir ki, t\u0259qsirl\u0259ndiril\u0259n \u015f\u0259xsin \u015fikay\u0259ti il\u0259 ba\u011fl\u0131 m\u0259hk\u0259m\u0259 bax\u0131\u015f iclas\u0131 aprel ay\u0131n\u0131n 23-d\u0259 hakim \u018fmir Bayramovu s\u0259drliyi il\u0259 ke\u00e7iril\u0259c\u0259k.<br \/>\nQeyd ed\u0259k ki,Bak\u0131 A\u011f\u0131r Cinay\u0259tl\u0259r M\u0259hk\u0259m\u0259sind\u0259 anas\u0131n\u0131 d\u00f6y\u0259-d\u00f6y\u0259 \u00f6ld\u00fcrm\u0259kd\u0259 t\u0259qsirli bilin\u0259n C\u0259mil \u0130slamova h\u00f6km oxunub.<\/p>\n<p>Hakim Mahmud A\u011falarovun s\u0259drliyi il\u0259 ke\u00e7iril\u0259n prosesd\u0259 m\u0259hk\u0259m\u0259nin h\u00f6km\u00fc il\u0259 C\u0259mil \u0130slamov 17 il m\u00fcdd\u0259tin\u0259 azadl\u0131qdan m\u0259hrum edilib.<br \/>\nHadis\u0259 \u00f6t\u0259n il fevral\u0131n 25-d\u0259 Qarada\u011f rayonunun \u018fl\u0259t q\u0259s\u0259b\u0259sind\u0259 ba\u015f verib. Q\u0259s\u0259b\u0259d\u0259 ya\u015fayan 34 ya\u015fl\u0131 C\u0259mil \u0130slamov m\u00fcnaqi\u015f\u0259 z\u0259minind\u0259 anas\u0131, 1944-c\u00fc il t\u0259v\u0259ll\u00fcdl\u00fc Z\u0259rni\u015fan Allahver\u0259n q\u0131z\u0131n\u0131 \u0130slamovan\u0131 d\u00f6y\u00fcb. Bel\u0259 ki, o\u011ful \u0259vv\u0259lc\u0259 anas\u0131n\u0131n ba\u015f\u0131na taxta par\u00e7as\u0131 il\u0259 bir ne\u00e7\u0259 d\u0259f\u0259 z\u0259rb\u0259 endirib, ard\u0131nca is\u0259 qad\u0131n\u0131 bo\u011fub. Z\u0259r\u0259r\u00e7\u0259kmi\u015f dig\u0259r o\u011flunun k\u00f6m\u0259kliyi il\u0259 x\u0259st\u0259xanaya apar\u0131l\u0131b, ancaq qad\u0131n\u0131n x\u0259sar\u0259tl\u0259ri a\u011f\u0131r oldu\u011fundan fevral\u0131n 26-da d\u00fcnyas\u0131n\u0131 d\u0259yi\u015fib.<\/p>\n<p>C\u0259mil \u0130slamova Cinay\u0259t M\u0259c\u0259ll\u0259sinin 120.2.2-ci ( xuliqanl\u0131q niyy\u0259ti il\u0259 adam \u00f6ld\u00fcrm\u0259) madd\u0259si il\u0259 ittiham verilib. M\u0259lum olub ki, i\u00e7kili v\u0259ziyy\u0259td\u0259 olan C\u0259mil yenid\u0259n i\u00e7ki i\u00e7m\u0259k \u00fc\u00e7\u00fcn anas\u0131ndan pul ist\u0259yib. Ancaq anas\u0131 onda pul olmad\u0131\u011f\u0131n\u0131 dey\u0259nd\u0259 o\u011ful taxta par\u00e7as\u0131 il\u0259 ya\u015fl\u0131 qad\u0131n\u0131 d\u00f6ym\u0259y\u0259 ba\u015flay\u0131b.<\/p>\n","protected":false},"excerpt":{"rendered":"<p>Qarada\u011f rayonunda anas\u0131n\u0131 d\u00f6y\u0259r\u0259k \u00f6ld\u00fcrm\u0259kd\u0259 t\u0259qsirli bilin\u0259n C\u0259mil \u0130slamov Apellyasiya m\u0259hk\u0259m\u0259sin\u0259 \u015fikay\u0259t edib. ARANTV.AZ\u00a0\u00a0&#8220;\u00d6lk\u0259.Az&#8221;a istinad\u0259n x\u0259b\u0259r verir ki, t\u0259qsirl\u0259ndiril\u0259n \u015f\u0259xsin \u015fikay\u0259ti il\u0259 ba\u011fl\u0131 m\u0259hk\u0259m\u0259 bax\u0131\u015f iclas\u0131 aprel ay\u0131n\u0131n 23-d\u0259 hakim \u018fmir Bayramovu s\u0259drliyi il\u0259 ke\u00e7iril\u0259c\u0259k. Qeyd ed\u0259k ki,Bak\u0131 A\u011f\u0131r Cinay\u0259tl\u0259r M\u0259hk\u0259m\u0259sind\u0259 anas\u0131n\u0131 d\u00f6y\u0259-d\u00f6y\u0259 \u00f6ld\u00fcrm\u0259kd\u0259 t\u0259qsirli bilin\u0259n C\u0259mil \u0130slamova h\u00f6km oxunub. Hakim Mahmud A\u011falarovun s\u0259drliyi il\u0259 ke\u00e7iril\u0259n prosesd\u0259 m\u0259hk\u0259m\u0259nin h\u00f6km\u00fc il\u0259 C\u0259mil \u0130slamov 17 il m\u00fcdd\u0259tin\u0259 azadl\u0131qdan m\u0259hrum edilib. Hadis\u0259 \u00f6t\u0259n il fevral\u0131n 25-d\u0259 Qarada\u011f rayonunun \u018fl\u0259t q\u0259s\u0259b\u0259sind\u0259 ba\u015f verib. Q\u0259s\u0259b\u0259d\u0259 ya\u015fayan 34 ya\u015fl\u0131 C\u0259mil \u0130slamov m\u00fcnaqi\u015f\u0259 z\u0259minind\u0259 anas\u0131, 1944-c\u00fc il&hellip;<\/p>\n","protected":false},"author":2,"featured_media":51696,"comment_status":"closed","ping_status":"closed","sticky":false,"template":"","format":"standard","meta":{"om_disable_all_campaigns":false,"_monsterinsights_skip_tracking":false,"_monsterinsights_sitenote_active":false,"_monsterinsights_sitenote_note":"","_monsterinsights_sitenote_category":0},"categories":[5],"tags":[],"aioseo_notices":[],"gutentor_comment":0,"rttpg_featured_image_url":{"full":["https:\/\/arantv.az\/wp-content\/uploads\/2019\/04\/1555674725unnamed_3.jpg",141,85,false],"landscape":["https:\/\/arantv.az\/wp-content\/uploads\/2019\/04\/1555674725unnamed_3.jpg",141,85,false],"portraits":["https:\/\/arantv.az\/wp-content\/uploads\/2019\/04\/1555674725unnamed_3.jpg",141,85,false],"thumbnail":["https:\/\/arantv.az\/wp-content\/uploads\/2019\/04\/1555674725unnamed_3.jpg",141,85,false],"medium":["https:\/\/arantv.az\/wp-content\/uploads\/2019\/04\/1555674725unnamed_3.jpg",141,85,false],"large":["https:\/\/arantv.az\/wp-content\/uploads\/2019\/04\/1555674725unnamed_3.jpg",141,85,false],"1536x1536":["https:\/\/arantv.az\/wp-content\/uploads\/2019\/04\/1555674725unnamed_3.jpg",141,85,false],"2048x2048":["https:\/\/arantv.az\/wp-content\/uploads\/2019\/04\/1555674725unnamed_3.jpg",141,85,false],"post-thumbnail":["https:\/\/arantv.az\/wp-content\/uploads\/2019\/04\/1555674725unnamed_3.jpg",141,85,false],"advps-thumb-one":["https:\/\/arantv.az\/wp-content\/uploads\/2019\/04\/1555674725unnamed_3.jpg",141,85,false]},"rttpg_author":{"display_name":"V\u00fcsal Rafiqo\u011flu","author_link":"https:\/\/arantv.az\/?author=2"},"rttpg_comment":0,"rttpg_category":"<a href=\"https:\/\/arantv.az\/?cat=5\" rel=\"category\">Hadis\u0259<\/a>","rttpg_excerpt":"Qarada\u011f rayonunda anas\u0131n\u0131 d\u00f6y\u0259r\u0259k \u00f6ld\u00fcrm\u0259kd\u0259 t\u0259qsirli bilin\u0259n C\u0259mil \u0130slamov Apellyasiya m\u0259hk\u0259m\u0259sin\u0259 \u015fikay\u0259t edib. ARANTV.AZ\u00a0\u00a0&#8220;\u00d6lk\u0259.Az&#8221;a istinad\u0259n x\u0259b\u0259r verir ki, t\u0259qsirl\u0259ndiril\u0259n \u015f\u0259xsin \u015fikay\u0259ti il\u0259 ba\u011fl\u0131 m\u0259hk\u0259m\u0259 bax\u0131\u015f iclas\u0131 aprel ay\u0131n\u0131n 23-d\u0259 hakim \u018fmir Bayramovu s\u0259drliyi il\u0259 ke\u00e7iril\u0259c\u0259k. Qeyd ed\u0259k ki,Bak\u0131 A\u011f\u0131r Cinay\u0259tl\u0259r M\u0259hk\u0259m\u0259sind\u0259 anas\u0131n\u0131 d\u00f6y\u0259-d\u00f6y\u0259 \u00f6ld\u00fcrm\u0259kd\u0259 t\u0259qsirli bilin\u0259n C\u0259mil \u0130slamova h\u00f6km oxunub. Hakim Mahmud A\u011falarovun s\u0259drliyi il\u0259&hellip;","_links":{"self":[{"href":"https:\/\/arantv.az\/index.php?rest_route=\/wp\/v2\/posts\/51695"}],"collection":[{"href":"https:\/\/arantv.az\/index.php?rest_route=\/wp\/v2\/posts"}],"about":[{"href":"https:\/\/arantv.az\/index.php?rest_route=\/wp\/v2\/types\/post"}],"author":[{"embeddable":true,"href":"https:\/\/arantv.az\/index.php?rest_route=\/wp\/v2\/users\/2"}],"replies":[{"embeddable":true,"href":"https:\/\/arantv.az\/index.php?rest_route=%2Fwp%2Fv2%2Fcomments&post=51695"}],"version-history":[{"count":0,"href":"https:\/\/arantv.az\/index.php?rest_route=\/wp\/v2\/posts\/51695\/revisions"}],"wp:featuredmedia":[{"embeddable":true,"href":"https:\/\/arantv.az\/index.php?rest_route=\/wp\/v2\/media\/51696"}],"wp:attachment":[{"href":"https:\/\/arantv.az\/index.php?rest_route=%2Fwp%2Fv2%2Fmedia&parent=51695"}],"wp:term":[{"taxonomy":"category","embeddable":true,"href":"https:\/\/arantv.az\/index.php?rest_route=%2Fwp%2Fv2%2Fcategories&post=51695"},{"taxonomy":"post_tag","embeddable":true,"href":"https:\/\/arantv.az\/index.php?rest_route=%2Fwp%2Fv2%2Ftags&post=51695"}],"curies":[{"name":"wp","href":"https:\/\/api.w.org\/{rel}","templated":true}]}}