{"id":51701,"date":"2019-04-19T15:26:17","date_gmt":"2019-04-19T12:26:17","guid":{"rendered":"http:\/\/arantv.az\/?p=51701"},"modified":"2019-04-19T15:26:17","modified_gmt":"2019-04-19T12:26:17","slug":"deputat-sinif-yoldasimi-bicaqlamisdim","status":"publish","type":"post","link":"https:\/\/arantv.az\/?p=51701","title":{"rendered":"Deputat: Sinif yolda\u015f\u0131m\u0131 b\u0131\u00e7aqlam\u0131\u015fd\u0131m"},"content":{"rendered":"<p>M\u0259kt\u0259bd\u0259 oxuyanda sinif yolda\u015f\u0131mla dala\u015fm\u0131\u015fd\u0131m, ona g\u00fcc\u00fcm \u00e7atmad\u0131\u011f\u0131 \u00fc\u00e7\u00fcn bud nahiy\u0259sin\u0259 b\u0131\u00e7aqla x\u0259sar\u0259t yetirmi\u015fdim.<\/p>\n<p><b>ARANTV.AZ<\/b>-\u0131n m\u0259lumat\u0131na g\u00f6r\u0259, bunu deputat F\u0259zail A\u011famal\u0131 azvision.az-a deyib.<\/p>\n<p>Deputat bildirib ki, o \u0259n s\u0259rt sistemin d\u00f6vr\u00fcnd\u0259 orta m\u0259kt\u0259bd\u0259 oxuyub:<\/p>\n<p>&#8220;Tam m\u0259suliyy\u0259tl\u0259 deyir\u0259m, d\u0259c\u0259l oldu\u011fum \u00fc\u00e7\u00fcn danlanm\u0131\u015fam. H\u0259tta m\u0259kt\u0259bd\u0259n 10 g\u00fcnl\u00fck uzaqla\u015fd\u0131r\u0131lm\u0131\u015fam. Sinif yolda\u015f\u0131mla dala\u015fm\u0131\u015fd\u0131m, ona g\u00fcc\u00fcm \u00e7atmad\u0131\u011f\u0131 \u00fc\u00e7\u00fcn bud nahiy\u0259sin\u0259 b\u0131\u00e7aqla x\u0259sar\u0259t yetirmi\u015fdim. R\u0259hm\u0259tlik babam t\u0259kid etdi ki, u\u015faq m\u0259kt\u0259b\u0259 qaytar\u0131lmal\u0131d\u0131r. Dedi, m\u0259nim u\u015fa\u011f\u0131m\u0131 d\u00f6y\u00fcbl\u0259r, he\u00e7 kim aralamay\u0131b, o da m\u0259cbur olub b\u0131\u00e7aqdan istifad\u0259 edib. Ancaq he\u00e7 zaman valideynl\u0259rim v\u0259 ya m\u00fc\u0259lliml\u0259rim d\u0259rs\u0259 g\u00f6r\u0259 m\u0259ni c\u0259zaland\u0131rmay\u0131blar. Bir d\u0259f\u0259 qarda\u015f\u0131m\u0131 m\u00fcdafi\u0259 edib \u00f6z\u00fcmd\u0259n b\u00f6y\u00fck bir o\u011flan\u0131 d\u00f6ym\u00fc\u015fd\u00fcm. M\u0259ni atama \u015fikay\u0259t etmi\u015fdil\u0259r. Atam da m\u0259ni c\u0259zaland\u0131rm\u0131\u015fd\u0131. Yaln\u0131z onda atam\u0131 3-4 g\u00fcn dan\u0131\u015fd\u0131rmam\u0131\u015fam&#8221;.<\/p>\n","protected":false},"excerpt":{"rendered":"<p>M\u0259kt\u0259bd\u0259 oxuyanda sinif yolda\u015f\u0131mla dala\u015fm\u0131\u015fd\u0131m, ona g\u00fcc\u00fcm \u00e7atmad\u0131\u011f\u0131 \u00fc\u00e7\u00fcn bud nahiy\u0259sin\u0259 b\u0131\u00e7aqla x\u0259sar\u0259t yetirmi\u015fdim. ARANTV.AZ-\u0131n m\u0259lumat\u0131na g\u00f6r\u0259, bunu deputat F\u0259zail A\u011famal\u0131 azvision.az-a deyib. Deputat bildirib ki, o \u0259n s\u0259rt sistemin d\u00f6vr\u00fcnd\u0259 orta m\u0259kt\u0259bd\u0259 oxuyub: &#8220;Tam m\u0259suliyy\u0259tl\u0259 deyir\u0259m, d\u0259c\u0259l oldu\u011fum \u00fc\u00e7\u00fcn danlanm\u0131\u015fam. H\u0259tta m\u0259kt\u0259bd\u0259n 10 g\u00fcnl\u00fck uzaqla\u015fd\u0131r\u0131lm\u0131\u015fam. Sinif yolda\u015f\u0131mla dala\u015fm\u0131\u015fd\u0131m, ona g\u00fcc\u00fcm \u00e7atmad\u0131\u011f\u0131 \u00fc\u00e7\u00fcn bud nahiy\u0259sin\u0259 b\u0131\u00e7aqla x\u0259sar\u0259t yetirmi\u015fdim. R\u0259hm\u0259tlik babam t\u0259kid etdi ki, u\u015faq m\u0259kt\u0259b\u0259 qaytar\u0131lmal\u0131d\u0131r. Dedi, m\u0259nim u\u015fa\u011f\u0131m\u0131 d\u00f6y\u00fcbl\u0259r, he\u00e7 kim aralamay\u0131b, o da m\u0259cbur olub b\u0131\u00e7aqdan istifad\u0259 edib. Ancaq he\u00e7 zaman valideynl\u0259rim v\u0259 ya m\u00fc\u0259lliml\u0259rim d\u0259rs\u0259 g\u00f6r\u0259 m\u0259ni&hellip;<\/p>\n","protected":false},"author":2,"featured_media":51702,"comment_status":"closed","ping_status":"closed","sticky":false,"template":"","format":"standard","meta":{"om_disable_all_campaigns":false,"_monsterinsights_skip_tracking":false,"_monsterinsights_sitenote_active":false,"_monsterinsights_sitenote_note":"","_monsterinsights_sitenote_category":0},"categories":[1],"tags":[],"aioseo_notices":[],"gutentor_comment":0,"rttpg_featured_image_url":{"full":["https:\/\/arantv.az\/wp-content\/uploads\/2019\/04\/1555675383_1.jpg",550,297,false],"landscape":["https:\/\/arantv.az\/wp-content\/uploads\/2019\/04\/1555675383_1.jpg",550,297,false],"portraits":["https:\/\/arantv.az\/wp-content\/uploads\/2019\/04\/1555675383_1.jpg",550,297,false],"thumbnail":["https:\/\/arantv.az\/wp-content\/uploads\/2019\/04\/1555675383_1-150x150.jpg",150,150,true],"medium":["https:\/\/arantv.az\/wp-content\/uploads\/2019\/04\/1555675383_1-300x162.jpg",300,162,true],"large":["https:\/\/arantv.az\/wp-content\/uploads\/2019\/04\/1555675383_1.jpg",550,297,false],"1536x1536":["https:\/\/arantv.az\/wp-content\/uploads\/2019\/04\/1555675383_1.jpg",550,297,false],"2048x2048":["https:\/\/arantv.az\/wp-content\/uploads\/2019\/04\/1555675383_1.jpg",550,297,false],"post-thumbnail":["https:\/\/arantv.az\/wp-content\/uploads\/2019\/04\/1555675383_1-240x172.jpg",240,172,true],"advps-thumb-one":["https:\/\/arantv.az\/wp-content\/uploads\/2019\/04\/1555675383_1.jpg",550,297,false]},"rttpg_author":{"display_name":"V\u00fcsal Rafiqo\u011flu","author_link":"https:\/\/arantv.az\/?author=2"},"rttpg_comment":0,"rttpg_category":"<a href=\"https:\/\/arantv.az\/?cat=1\" rel=\"category\">C\u0259miyy\u0259t<\/a>","rttpg_excerpt":"M\u0259kt\u0259bd\u0259 oxuyanda sinif yolda\u015f\u0131mla dala\u015fm\u0131\u015fd\u0131m, ona g\u00fcc\u00fcm \u00e7atmad\u0131\u011f\u0131 \u00fc\u00e7\u00fcn bud nahiy\u0259sin\u0259 b\u0131\u00e7aqla x\u0259sar\u0259t yetirmi\u015fdim. ARANTV.AZ-\u0131n m\u0259lumat\u0131na g\u00f6r\u0259, bunu deputat F\u0259zail A\u011famal\u0131 azvision.az-a deyib. Deputat bildirib ki, o \u0259n s\u0259rt sistemin d\u00f6vr\u00fcnd\u0259 orta m\u0259kt\u0259bd\u0259 oxuyub: &#8220;Tam m\u0259suliyy\u0259tl\u0259 deyir\u0259m, d\u0259c\u0259l oldu\u011fum \u00fc\u00e7\u00fcn danlanm\u0131\u015fam. H\u0259tta m\u0259kt\u0259bd\u0259n 10 g\u00fcnl\u00fck uzaqla\u015fd\u0131r\u0131lm\u0131\u015fam. Sinif yolda\u015f\u0131mla dala\u015fm\u0131\u015fd\u0131m, ona g\u00fcc\u00fcm \u00e7atmad\u0131\u011f\u0131 \u00fc\u00e7\u00fcn bud nahiy\u0259sin\u0259&hellip;","_links":{"self":[{"href":"https:\/\/arantv.az\/index.php?rest_route=\/wp\/v2\/posts\/51701"}],"collection":[{"href":"https:\/\/arantv.az\/index.php?rest_route=\/wp\/v2\/posts"}],"about":[{"href":"https:\/\/arantv.az\/index.php?rest_route=\/wp\/v2\/types\/post"}],"author":[{"embeddable":true,"href":"https:\/\/arantv.az\/index.php?rest_route=\/wp\/v2\/users\/2"}],"replies":[{"embeddable":true,"href":"https:\/\/arantv.az\/index.php?rest_route=%2Fwp%2Fv2%2Fcomments&post=51701"}],"version-history":[{"count":0,"href":"https:\/\/arantv.az\/index.php?rest_route=\/wp\/v2\/posts\/51701\/revisions"}],"wp:featuredmedia":[{"embeddable":true,"href":"https:\/\/arantv.az\/index.php?rest_route=\/wp\/v2\/media\/51702"}],"wp:attachment":[{"href":"https:\/\/arantv.az\/index.php?rest_route=%2Fwp%2Fv2%2Fmedia&parent=51701"}],"wp:term":[{"taxonomy":"category","embeddable":true,"href":"https:\/\/arantv.az\/index.php?rest_route=%2Fwp%2Fv2%2Fcategories&post=51701"},{"taxonomy":"post_tag","embeddable":true,"href":"https:\/\/arantv.az\/index.php?rest_route=%2Fwp%2Fv2%2Ftags&post=51701"}],"curies":[{"name":"wp","href":"https:\/\/api.w.org\/{rel}","templated":true}]}}