{"id":51710,"date":"2019-04-19T15:43:46","date_gmt":"2019-04-19T12:43:46","guid":{"rendered":"http:\/\/arantv.az\/?p=51710"},"modified":"2019-04-19T15:43:46","modified_gmt":"2019-04-19T12:43:46","slug":"prezident-ilham-%c9%99liyev-beyn%c9%99lxalq-munasib%c9%99tl%c9%99rin-t%c9%99hlili-m%c9%99rk%c9%99zinin-f%c9%99aliyy%c9%99tinin-t%c9%99min-edilm%c9%99si-haqqinda-f%c9%99rman-imzalayib","status":"publish","type":"post","link":"https:\/\/arantv.az\/?p=51710","title":{"rendered":"Prezident \u0130lham \u018fliyev Beyn\u0259lxalq M\u00fcnasib\u0259tl\u0259rin T\u0259hlili M\u0259rk\u0259zinin f\u0259aliyy\u0259tinin t\u0259min edilm\u0259si haqq\u0131nda f\u0259rman imzalay\u0131b"},"content":{"rendered":"<p>Prezident \u0130lham \u018fliyev Beyn\u0259lxalq M\u00fcnasib\u0259tl\u0259rin T\u0259hlili M\u0259rk\u0259zinin f\u0259aliyy\u0259tinin t\u0259min edilm\u0259si haqq\u0131nda f\u0259rman imzalay\u0131b.<\/p>\n<p><strong>ARANTV.AZ<\/strong> az\u0259rtac-a istinad\u0259n bildirir ki,\u00a0bu f\u0259rmanla &#8220;Beyn\u0259lxalq M\u00fcnasib\u0259tl\u0259rin T\u0259hlili M\u0259rk\u0259zinin Nizamnam\u0259si&#8221; t\u0259sdiq edilir, Beyn\u0259lxalq M\u00fcnasib\u0259tl\u0259rin T\u0259hlili M\u0259rk\u0259zind\u0259 t\u0259sis\u00e7inin s\u0259lahiyy\u0259tl\u0259rinin h\u0259yata ke\u00e7irilm\u0259si a\u015fa\u011f\u0131dak\u0131lara h\u0259val\u0259 edilir:<\/p>\n<p>Az\u0259rbaycan Prezidentin\u0259:<\/p>\n<p>&#8211; M\u0259rk\u0259zin nizamnam\u0259sinin t\u0259sdiqi;<br \/>\n&#8211; nizamnam\u0259 fondunun miqdar\u0131n\u0131n m\u00fc\u0259yy\u0259n edilm\u0259si;<br \/>\n&#8211; icra orqanlar\u0131n\u0131n yarad\u0131lmas\u0131, onlar\u0131n s\u0259lahiyy\u0259tl\u0259rinin m\u00fc\u0259yy\u0259nl\u0259\u015fdirilm\u0259si v\u0259 s\u0259lahiyy\u0259tl\u0259rin\u0259 vaxt\u0131ndan \u0259vv\u0259l xitam verilm\u0259si;<br \/>\n&#8211; M\u0259rk\u0259zin yenid\u0259n t\u0259\u015fkili v\u0259 l\u0259\u011fvi;<\/p>\n<p>Nazirl\u0259r Kabinetin\u0259:<\/p>\n<p>&#8211; M\u0259rk\u0259zin illik maliyy\u0259 hesabatlar\u0131n\u0131n t\u0259sdiq edilm\u0259si;<br \/>\n&#8211; t\u0259s\u0259rr\u00fcfat c\u0259miyy\u0259tl\u0259rinin yarad\u0131lmas\u0131na v\u0259 ya onlarda i\u015ftirak etm\u0259y\u0259, idar\u0259, filial v\u0259 n\u00fcmay\u0259nd\u0259likl\u0259rin yarad\u0131lmas\u0131na raz\u0131l\u0131q verilm\u0259si;<br \/>\n&#8211; xalis aktivl\u0259rinin d\u0259y\u0259rinin 25 faizind\u0259n art\u0131q m\u0259bl\u0259\u011fd\u0259 olan \u0259qdin (x\u00fcsusi \u0259h\u0259miyy\u0259tli \u0259qdin) v\u0259 aidiyy\u0259ti \u015f\u0259xsl\u0259 d\u0259y\u0259ri aktivl\u0259rinin 5 faiz v\u0259 daha \u00e7ox hiss\u0259sini t\u0259\u015fkil ed\u0259n \u0259qdin ba\u011flanmas\u0131na raz\u0131l\u0131q verilm\u0259si;<\/p>\n<p>M\u0259rk\u0259z\u0259:<\/p>\n<p>&#8211; inki\u015faf istiqam\u0259tl\u0259rinin, strateji m\u0259qs\u0259dl\u0259rinin v\u0259 f\u0259aliyy\u0259t planlar\u0131n\u0131n Az\u0259rbaycan Prezidenti il\u0259 raz\u0131la\u015fd\u0131rmaqla m\u00fc\u0259yy\u0259nl\u0259\u015fdirilm\u0259si;<br \/>\n&#8211; strukturunun Az\u0259rbaycan Prezidenti il\u0259 raz\u0131la\u015fd\u0131rmaqla t\u0259sdiq edilm\u0259si.<\/p>\n<p>Nazirl\u0259r Kabineti:<\/p>\n<p>&#8211; Az\u0259rbaycan Respublikas\u0131 Prezidentinin aktlar\u0131n\u0131n bu f\u0259rmana uy\u011funla\u015fd\u0131r\u0131lmas\u0131 il\u0259 ba\u011fl\u0131 t\u0259klifl\u0259rini \u00fc\u00e7 ay m\u00fcdd\u0259tind\u0259 haz\u0131rlay\u0131b Az\u0259rbaycan Respublikas\u0131n\u0131n Prezidentin\u0259 t\u0259qdim etsin;<\/p>\n<p>M\u0259rk\u0259zin i\u015f\u00e7il\u0259rinin say h\u0259ddini v\u0259 \u0259m\u0259khaqq\u0131 fondunu Az\u0259rbaycan Respublikas\u0131n\u0131n Prezidenti il\u0259 raz\u0131la\u015fd\u0131rmaqla iki ay m\u00fcdd\u0259tind\u0259 t\u0259sdiq etsin;<\/p>\n<p>3.3. Az\u0259rbaycan Respublikas\u0131 Nazirl\u0259r Kabinetinin normativ h\u00fcquqi aktlar\u0131n\u0131n bu F\u0259rmana uy\u011funla\u015fd\u0131r\u0131lmas\u0131n\u0131 \u00fc\u00e7 ay m\u00fcdd\u0259tind\u0259 t\u0259min edib Az\u0259rbaycan Respublikas\u0131n\u0131n Prezidentin\u0259 m\u0259lumat versin;<\/p>\n<p>3.4. d\u00f6vl\u0259t qeydiyyat\u0131na al\u0131nd\u0131\u011f\u0131 g\u00fcnd\u0259n bir ay m\u00fcdd\u0259tind\u0259 M\u0259rk\u0259zin inzibati bina il\u0259 t\u0259min olunmas\u0131 v\u0259 maddi texniki bazas\u0131n\u0131n m\u00f6hk\u0259ml\u0259ndirilm\u0259si \u00fc\u00e7\u00fcn m\u00fcvafiq t\u0259dbirl\u0259r g\u00f6rs\u00fcn;<\/p>\n<p>3.5. bu F\u0259rman\u0131n 3.4-c\u00fc b\u0259ndin\u0259 uy\u011fun olaraq M\u0259rk\u0259zin balans\u0131na veril\u0259n d\u00f6vl\u0259t \u0259mlak\u0131n\u0131n qiym\u0259tl\u0259ndiril\u0259r\u0259k onun nizamnam\u0259 fondunda n\u0259z\u0259r\u0259 al\u0131nmas\u0131 \u00fc\u00e7\u00fcn m\u00fcvafiq t\u0259klifl\u0259rini M\u0259rk\u0259z d\u00f6vl\u0259t qeydiyyat\u0131na al\u0131nd\u0131\u011f\u0131 g\u00fcnd\u0259n iki ay m\u00fcdd\u0259tind\u0259 Az\u0259rbaycan Respublikas\u0131n\u0131n Prezidentin\u0259 t\u0259qdim etsin;<\/p>\n<p>3.6. m\u0259rk\u0259zi icra hakimiyy\u0259ti orqanlar\u0131n\u0131n normativ h\u00fcquqi aktlar\u0131n\u0131n bu F\u0259rmana uy\u011funla\u015fd\u0131r\u0131lmas\u0131n\u0131 n\u0259zar\u0259td\u0259 saxlas\u0131n v\u0259 bunun icras\u0131 bar\u0259d\u0259 be\u015f ay m\u00fcdd\u0259tind\u0259 Az\u0259rbaycan Respublikas\u0131n\u0131n Prezidentin\u0259 m\u0259lumat versin;<\/p>\n<p>3.7. bu F\u0259rmandan ir\u0259li g\u0259l\u0259n dig\u0259r m\u0259s\u0259l\u0259l\u0259ri h\u0259ll etsin.<\/p>\n<p>4. M\u0259rk\u0259z:<\/p>\n<p>4.1. d\u00f6vl\u0259t qeydiyyat\u0131na al\u0131nmas\u0131 \u00fc\u00e7\u00fcn bu F\u0259rman\u0131n q\u00fcvv\u0259y\u0259 mindiyi tarixd\u0259n \u00fc\u00e7 g\u00fcn m\u00fcdd\u0259tind\u0259 &#8220;H\u00fcquqi \u015f\u0259xsl\u0259rin d\u00f6vl\u0259t qeydiyyat\u0131 v\u0259 d\u00f6vl\u0259t reyestri haqq\u0131nda&#8221; Az\u0259rbaycan Respublikas\u0131n\u0131n Qanunu il\u0259 m\u00fc\u0259yy\u0259n edilmi\u015f qaydada Az\u0259rbaycan Respublikas\u0131n\u0131n Vergil\u0259r Nazirliyin\u0259 m\u00fcraci\u0259t etsin;<\/p>\n<p>4.2. bu F\u0259rmandan ir\u0259li g\u0259l\u0259n dig\u0259r m\u0259s\u0259l\u0259l\u0259ri h\u0259ll etsin.<\/p>\n<p>5. Az\u0259rbaycan Respublikas\u0131n\u0131n Maliyy\u0259 Nazirliyi bu F\u0259rmanla t\u0259sdiq edilmi\u015f Nizamnam\u0259nin 5.1-ci b\u0259ndind\u0259 g\u00f6st\u0259ril\u0259n m\u0259bl\u0259\u011fd\u0259 maliyy\u0259l\u0259\u015fm\u0259ni t\u0259min etsin.<\/p>\n<p>6. Az\u0259rbaycan Respublikas\u0131n\u0131n \u018fdliyy\u0259 Nazirliyi m\u0259rk\u0259zi icra hakimiyy\u0259ti orqanlar\u0131n\u0131n normativ h\u00fcquqi aktlar\u0131n\u0131n v\u0259 normativ xarakterli aktlar\u0131n bu F\u0259rmana uy\u011funla\u015fd\u0131r\u0131lmas\u0131n\u0131 t\u0259min edib Az\u0259rbaycan Respublikas\u0131n\u0131n Nazirl\u0259r Kabinetin\u0259 m\u0259lumat versin.<\/p>\n","protected":false},"excerpt":{"rendered":"<p>Prezident \u0130lham \u018fliyev Beyn\u0259lxalq M\u00fcnasib\u0259tl\u0259rin T\u0259hlili M\u0259rk\u0259zinin f\u0259aliyy\u0259tinin t\u0259min edilm\u0259si haqq\u0131nda f\u0259rman imzalay\u0131b. ARANTV.AZ az\u0259rtac-a istinad\u0259n bildirir ki,\u00a0bu f\u0259rmanla &#8220;Beyn\u0259lxalq M\u00fcnasib\u0259tl\u0259rin T\u0259hlili M\u0259rk\u0259zinin Nizamnam\u0259si&#8221; t\u0259sdiq edilir, Beyn\u0259lxalq M\u00fcnasib\u0259tl\u0259rin T\u0259hlili M\u0259rk\u0259zind\u0259 t\u0259sis\u00e7inin s\u0259lahiyy\u0259tl\u0259rinin h\u0259yata ke\u00e7irilm\u0259si a\u015fa\u011f\u0131dak\u0131lara h\u0259val\u0259 edilir: Az\u0259rbaycan Prezidentin\u0259: &#8211; M\u0259rk\u0259zin nizamnam\u0259sinin t\u0259sdiqi; &#8211; nizamnam\u0259 fondunun miqdar\u0131n\u0131n m\u00fc\u0259yy\u0259n edilm\u0259si; &#8211; icra orqanlar\u0131n\u0131n yarad\u0131lmas\u0131, onlar\u0131n s\u0259lahiyy\u0259tl\u0259rinin m\u00fc\u0259yy\u0259nl\u0259\u015fdirilm\u0259si v\u0259 s\u0259lahiyy\u0259tl\u0259rin\u0259 vaxt\u0131ndan \u0259vv\u0259l xitam verilm\u0259si; &#8211; M\u0259rk\u0259zin yenid\u0259n t\u0259\u015fkili v\u0259 l\u0259\u011fvi; Nazirl\u0259r Kabinetin\u0259: &#8211; M\u0259rk\u0259zin illik maliyy\u0259 hesabatlar\u0131n\u0131n t\u0259sdiq edilm\u0259si; &#8211; t\u0259s\u0259rr\u00fcfat c\u0259miyy\u0259tl\u0259rinin yarad\u0131lmas\u0131na v\u0259 ya onlarda i\u015ftirak etm\u0259y\u0259, idar\u0259, filial v\u0259 n\u00fcmay\u0259nd\u0259likl\u0259rin&hellip;<\/p>\n","protected":false},"author":2,"featured_media":51711,"comment_status":"closed","ping_status":"closed","sticky":false,"template":"","format":"standard","meta":{"om_disable_all_campaigns":false,"_monsterinsights_skip_tracking":false,"_monsterinsights_sitenote_active":false,"_monsterinsights_sitenote_note":"","_monsterinsights_sitenote_category":0},"categories":[4],"tags":[],"aioseo_notices":[],"gutentor_comment":0,"rttpg_featured_image_url":{"full":["https:\/\/arantv.az\/wp-content\/uploads\/2019\/04\/2018_ilham_aliyev_05-7.jpg",1200,900,false],"landscape":["https:\/\/arantv.az\/wp-content\/uploads\/2019\/04\/2018_ilham_aliyev_05-7.jpg",1200,900,false],"portraits":["https:\/\/arantv.az\/wp-content\/uploads\/2019\/04\/2018_ilham_aliyev_05-7.jpg",1200,900,false],"thumbnail":["https:\/\/arantv.az\/wp-content\/uploads\/2019\/04\/2018_ilham_aliyev_05-7-150x150.jpg",150,150,true],"medium":["https:\/\/arantv.az\/wp-content\/uploads\/2019\/04\/2018_ilham_aliyev_05-7-300x225.jpg",300,225,true],"large":["https:\/\/arantv.az\/wp-content\/uploads\/2019\/04\/2018_ilham_aliyev_05-7-1024x768.jpg",640,480,true],"1536x1536":["https:\/\/arantv.az\/wp-content\/uploads\/2019\/04\/2018_ilham_aliyev_05-7.jpg",1200,900,false],"2048x2048":["https:\/\/arantv.az\/wp-content\/uploads\/2019\/04\/2018_ilham_aliyev_05-7.jpg",1200,900,false],"post-thumbnail":["https:\/\/arantv.az\/wp-content\/uploads\/2019\/04\/2018_ilham_aliyev_05-7-240x172.jpg",240,172,true],"advps-thumb-one":["https:\/\/arantv.az\/wp-content\/uploads\/2019\/04\/2018_ilham_aliyev_05-7-1200x620.jpg",1200,620,true]},"rttpg_author":{"display_name":"V\u00fcsal Rafiqo\u011flu","author_link":"https:\/\/arantv.az\/?author=2"},"rttpg_comment":0,"rttpg_category":"<a href=\"https:\/\/arantv.az\/?cat=4\" rel=\"category\">Siyas\u0259t<\/a>","rttpg_excerpt":"Prezident \u0130lham \u018fliyev Beyn\u0259lxalq M\u00fcnasib\u0259tl\u0259rin T\u0259hlili M\u0259rk\u0259zinin f\u0259aliyy\u0259tinin t\u0259min edilm\u0259si haqq\u0131nda f\u0259rman imzalay\u0131b. ARANTV.AZ az\u0259rtac-a istinad\u0259n bildirir ki,\u00a0bu f\u0259rmanla &#8220;Beyn\u0259lxalq M\u00fcnasib\u0259tl\u0259rin T\u0259hlili M\u0259rk\u0259zinin Nizamnam\u0259si&#8221; t\u0259sdiq edilir, Beyn\u0259lxalq M\u00fcnasib\u0259tl\u0259rin T\u0259hlili M\u0259rk\u0259zind\u0259 t\u0259sis\u00e7inin s\u0259lahiyy\u0259tl\u0259rinin h\u0259yata ke\u00e7irilm\u0259si a\u015fa\u011f\u0131dak\u0131lara h\u0259val\u0259 edilir: Az\u0259rbaycan Prezidentin\u0259: &#8211; M\u0259rk\u0259zin nizamnam\u0259sinin t\u0259sdiqi; &#8211; nizamnam\u0259 fondunun miqdar\u0131n\u0131n m\u00fc\u0259yy\u0259n edilm\u0259si; &#8211; icra orqanlar\u0131n\u0131n yarad\u0131lmas\u0131, onlar\u0131n s\u0259lahiyy\u0259tl\u0259rinin&hellip;","_links":{"self":[{"href":"https:\/\/arantv.az\/index.php?rest_route=\/wp\/v2\/posts\/51710"}],"collection":[{"href":"https:\/\/arantv.az\/index.php?rest_route=\/wp\/v2\/posts"}],"about":[{"href":"https:\/\/arantv.az\/index.php?rest_route=\/wp\/v2\/types\/post"}],"author":[{"embeddable":true,"href":"https:\/\/arantv.az\/index.php?rest_route=\/wp\/v2\/users\/2"}],"replies":[{"embeddable":true,"href":"https:\/\/arantv.az\/index.php?rest_route=%2Fwp%2Fv2%2Fcomments&post=51710"}],"version-history":[{"count":0,"href":"https:\/\/arantv.az\/index.php?rest_route=\/wp\/v2\/posts\/51710\/revisions"}],"wp:featuredmedia":[{"embeddable":true,"href":"https:\/\/arantv.az\/index.php?rest_route=\/wp\/v2\/media\/51711"}],"wp:attachment":[{"href":"https:\/\/arantv.az\/index.php?rest_route=%2Fwp%2Fv2%2Fmedia&parent=51710"}],"wp:term":[{"taxonomy":"category","embeddable":true,"href":"https:\/\/arantv.az\/index.php?rest_route=%2Fwp%2Fv2%2Fcategories&post=51710"},{"taxonomy":"post_tag","embeddable":true,"href":"https:\/\/arantv.az\/index.php?rest_route=%2Fwp%2Fv2%2Ftags&post=51710"}],"curies":[{"name":"wp","href":"https:\/\/api.w.org\/{rel}","templated":true}]}}