{"id":51714,"date":"2019-04-19T15:47:01","date_gmt":"2019-04-19T12:47:01","guid":{"rendered":"http:\/\/arantv.az\/?p=51714"},"modified":"2019-04-19T15:47:01","modified_gmt":"2019-04-19T12:47:01","slug":"icra-bascisindan-yeni-kadr-t%c9%99yinati-2","status":"publish","type":"post","link":"https:\/\/arantv.az\/?p=51714","title":{"rendered":"\u0130cra ba\u015f\u00e7\u0131s\u0131ndan yeni kadr t\u0259yinat\u0131"},"content":{"rendered":"<p><strong>\u015eamax\u0131 rayon icra hakimiyy\u0259tinin ba\u015f\u00e7\u0131s\u0131 Tahir M\u0259mm\u0259dovun \u0259mri il\u0259 Yaqub Arif o\u011flu Yaqubov \u015eamax\u0131 rayon icra hakimiyy\u0259ti ba\u015f\u00e7\u0131s\u0131n\u0131n k\u00f6m\u0259k\u00e7isi t\u0259yin olunub.<\/strong><\/p>\n<p><strong>ARANTV.AZ<\/strong> x\u0259b\u0259r verir ki, bu bar\u0259d\u0259<span style=\"color: #000000;\">\u00a0<a style=\"color: #000000;\" href=\"http:\/\/teleqraf.com\/\" target=\"_blank\" rel=\"noopener\">Teleqraf.com<\/a>\u00a0<\/span>m\u0259lumat yay\u0131b.<\/p>\n<p>Qeyd ed\u0259k ki, ziyal\u0131 ail\u0259sind\u0259 anadan olan Y.Yaqubov siyasi elml\u0259r \u00fczr\u0259 f\u0259ls\u0259f\u0259 doktorudur, rus v\u0259 ingilis dill\u0259rind\u0259 s\u0259rb\u0259st dan\u0131\u015f\u0131r.<\/p>\n<p>Xat\u0131rladaq ki, Tahir M\u0259mm\u0259dov Prezident \u0130lham \u018fliyevin 30 oktyabr 2018-ci il tarixli\u00a0<a href=\"https:\/\/axar.az\/news\/toplum\/320151.html\" target=\"_blank\" rel=\"noopener\">s\u0259r\u0259ncam<\/a>\u0131 il\u0259 \u015eamax\u0131 Rayon \u0130cra Hakimiyy\u0259tinin ba\u015f\u00e7\u0131s\u0131 v\u0259zif\u0259sin\u0259 t\u0259yin olunub.<\/p>\n","protected":false},"excerpt":{"rendered":"<p>\u015eamax\u0131 rayon icra hakimiyy\u0259tinin ba\u015f\u00e7\u0131s\u0131 Tahir M\u0259mm\u0259dovun \u0259mri il\u0259 Yaqub Arif o\u011flu Yaqubov \u015eamax\u0131 rayon icra hakimiyy\u0259ti ba\u015f\u00e7\u0131s\u0131n\u0131n k\u00f6m\u0259k\u00e7isi t\u0259yin olunub. ARANTV.AZ x\u0259b\u0259r verir ki, bu bar\u0259d\u0259\u00a0Teleqraf.com\u00a0m\u0259lumat yay\u0131b. Qeyd ed\u0259k ki, ziyal\u0131 ail\u0259sind\u0259 anadan olan Y.Yaqubov siyasi elml\u0259r \u00fczr\u0259 f\u0259ls\u0259f\u0259 doktorudur, rus v\u0259 ingilis dill\u0259rind\u0259 s\u0259rb\u0259st dan\u0131\u015f\u0131r. Xat\u0131rladaq ki, Tahir M\u0259mm\u0259dov Prezident \u0130lham \u018fliyevin 30 oktyabr 2018-ci il tarixli\u00a0s\u0259r\u0259ncam\u0131 il\u0259 \u015eamax\u0131 Rayon \u0130cra Hakimiyy\u0259tinin ba\u015f\u00e7\u0131s\u0131 v\u0259zif\u0259sin\u0259 t\u0259yin olunub.<\/p>\n","protected":false},"author":2,"featured_media":51715,"comment_status":"closed","ping_status":"closed","sticky":false,"template":"","format":"standard","meta":{"om_disable_all_campaigns":false,"_monsterinsights_skip_tracking":false,"_monsterinsights_sitenote_active":false,"_monsterinsights_sitenote_note":"","_monsterinsights_sitenote_category":0},"categories":[19],"tags":[],"aioseo_notices":[],"gutentor_comment":0,"rttpg_featured_image_url":{"full":["https:\/\/arantv.az\/wp-content\/uploads\/2019\/04\/tahir-memmedov.jpg",660,387,false],"landscape":["https:\/\/arantv.az\/wp-content\/uploads\/2019\/04\/tahir-memmedov.jpg",660,387,false],"portraits":["https:\/\/arantv.az\/wp-content\/uploads\/2019\/04\/tahir-memmedov.jpg",660,387,false],"thumbnail":["https:\/\/arantv.az\/wp-content\/uploads\/2019\/04\/tahir-memmedov-150x150.jpg",150,150,true],"medium":["https:\/\/arantv.az\/wp-content\/uploads\/2019\/04\/tahir-memmedov-300x176.jpg",300,176,true],"large":["https:\/\/arantv.az\/wp-content\/uploads\/2019\/04\/tahir-memmedov.jpg",640,375,false],"1536x1536":["https:\/\/arantv.az\/wp-content\/uploads\/2019\/04\/tahir-memmedov.jpg",660,387,false],"2048x2048":["https:\/\/arantv.az\/wp-content\/uploads\/2019\/04\/tahir-memmedov.jpg",660,387,false],"post-thumbnail":["https:\/\/arantv.az\/wp-content\/uploads\/2019\/04\/tahir-memmedov-240x172.jpg",240,172,true],"advps-thumb-one":["https:\/\/arantv.az\/wp-content\/uploads\/2019\/04\/tahir-memmedov.jpg",660,387,false]},"rttpg_author":{"display_name":"V\u00fcsal Rafiqo\u011flu","author_link":"https:\/\/arantv.az\/?author=2"},"rttpg_comment":0,"rttpg_category":"<a href=\"https:\/\/arantv.az\/?cat=19\" rel=\"category\">G\u00fcnd\u0259m<\/a>","rttpg_excerpt":"\u015eamax\u0131 rayon icra hakimiyy\u0259tinin ba\u015f\u00e7\u0131s\u0131 Tahir M\u0259mm\u0259dovun \u0259mri il\u0259 Yaqub Arif o\u011flu Yaqubov \u015eamax\u0131 rayon icra hakimiyy\u0259ti ba\u015f\u00e7\u0131s\u0131n\u0131n k\u00f6m\u0259k\u00e7isi t\u0259yin olunub. ARANTV.AZ x\u0259b\u0259r verir ki, bu bar\u0259d\u0259\u00a0Teleqraf.com\u00a0m\u0259lumat yay\u0131b. Qeyd ed\u0259k ki, ziyal\u0131 ail\u0259sind\u0259 anadan olan Y.Yaqubov siyasi elml\u0259r \u00fczr\u0259 f\u0259ls\u0259f\u0259 doktorudur, rus v\u0259 ingilis dill\u0259rind\u0259 s\u0259rb\u0259st dan\u0131\u015f\u0131r. Xat\u0131rladaq ki, Tahir M\u0259mm\u0259dov Prezident \u0130lham \u018fliyevin 30&hellip;","_links":{"self":[{"href":"https:\/\/arantv.az\/index.php?rest_route=\/wp\/v2\/posts\/51714"}],"collection":[{"href":"https:\/\/arantv.az\/index.php?rest_route=\/wp\/v2\/posts"}],"about":[{"href":"https:\/\/arantv.az\/index.php?rest_route=\/wp\/v2\/types\/post"}],"author":[{"embeddable":true,"href":"https:\/\/arantv.az\/index.php?rest_route=\/wp\/v2\/users\/2"}],"replies":[{"embeddable":true,"href":"https:\/\/arantv.az\/index.php?rest_route=%2Fwp%2Fv2%2Fcomments&post=51714"}],"version-history":[{"count":0,"href":"https:\/\/arantv.az\/index.php?rest_route=\/wp\/v2\/posts\/51714\/revisions"}],"wp:featuredmedia":[{"embeddable":true,"href":"https:\/\/arantv.az\/index.php?rest_route=\/wp\/v2\/media\/51715"}],"wp:attachment":[{"href":"https:\/\/arantv.az\/index.php?rest_route=%2Fwp%2Fv2%2Fmedia&parent=51714"}],"wp:term":[{"taxonomy":"category","embeddable":true,"href":"https:\/\/arantv.az\/index.php?rest_route=%2Fwp%2Fv2%2Fcategories&post=51714"},{"taxonomy":"post_tag","embeddable":true,"href":"https:\/\/arantv.az\/index.php?rest_route=%2Fwp%2Fv2%2Ftags&post=51714"}],"curies":[{"name":"wp","href":"https:\/\/api.w.org\/{rel}","templated":true}]}}