{"id":51721,"date":"2019-04-19T15:49:30","date_gmt":"2019-04-19T12:49:30","guid":{"rendered":"http:\/\/arantv.az\/?p=51721"},"modified":"2019-04-19T15:49:30","modified_gmt":"2019-04-19T12:49:30","slug":"c%c9%99brayil-h%c9%99s%c9%99nov-dunya-reytinqind%c9%99-birinci-yer%c9%99-qalxdi","status":"publish","type":"post","link":"https:\/\/arantv.az\/?p=51721","title":{"rendered":"C\u0259bray\u0131l H\u0259s\u0259nov d\u00fcnya reytinqind\u0259 birinci yer\u0259 qalxd\u0131"},"content":{"rendered":"<p>D\u00fcnya G\u00fcl\u0259\u015f Birliyi (UWW) \u00f6t\u0259n h\u0259ft\u0259 Rum\u0131niyan\u0131n paytaxt\u0131 Buxarestd\u0259 ke\u00e7irilmi\u015f Avropa \u00e7empionat\u0131n\u0131n yekunlar\u0131na \u0259sas\u0259n reytinq siyah\u0131s\u0131n\u0131 yenil\u0259yib.<\/p>\n<p><b>ARANTV.AZ\u00a0<\/b>x\u0259b\u0259r verir ki, s\u0259rb\u0259st g\u00fcl\u0259\u015f\u00e7il\u0259rin siyah\u0131s\u0131nda m\u00fcxt\u0259lif \u00e7\u0259kil\u0259r \u00fczr\u0259 ilk \u201c20-lik\u201dd\u0259 11 y\u0131\u011fma \u00fczv\u00fc yer al\u0131b.<\/p>\n<p>Buxarestd\u0259 s\u0259kkiz illik fasil\u0259d\u0259n sonra \u00fc\u00e7\u00fcnc\u00fc Avropa \u00e7empionlu\u011funu qeyd ed\u0259n C\u0259bray\u0131l H\u0259s\u0259nov (-79 kq) xal\u0131n\u0131 60-a \u00e7atd\u0131r\u0131b v\u0259 indi onunla eyni xala malik amerikal\u0131 d\u00fcnya \u00e7empionu Kayl Deykl\u0259 1-2-ci yerl\u0259ri b\u00f6l\u00fc\u015f\u00fcr. Qit\u0259 birinciliyind\u0259 f\u0259xri k\u00fcrs\u00fcn\u00fcn \u0259n y\u00fcks\u0259k pill\u0259sin\u0259 qalxan daha iki s\u0259rb\u0259st g\u00fcl\u0259\u015f\u00e7imiz \u2013 Hac\u0131 \u018fliyev (-65 kq) v\u0259 \u015e\u0259rif \u015e\u0259rifov (-92 kq) da reytinqd\u0259 ir\u0259lil\u0259yib. Hac\u0131 22 xalla 8-ci, \u015e\u0259rif is\u0259 20 xalla 11-ci pill\u0259d\u0259 q\u0259rarla\u015f\u0131b.<\/p>\n<div id=\"AdviadNativeVideo0\" class=\"AdviadNativeVideo\"><\/div>\n<p>Yunan-Roma g\u00fcl\u0259\u015find\u0259 alt\u0131 g\u00fcl\u0259\u015f\u00e7imizin ad\u0131 ilk \u201c20-lik\u201dd\u0259dir. Bu d\u0259f\u0259 Avropa \u00fc\u00e7\u00fcnc\u00fcs\u00fc olan Eld\u0259niz \u018fzizli xal\u0131n\u0131 76-ya \u00e7atd\u0131r\u0131b v\u0259 55 kq-da vahid liderliy\u0259 y\u00fcks\u0259lib. Buxarestd\u0259 b\u00fcr\u00fcnc medal\u0131 boynundan asan Taleh M\u0259mm\u0259dov (-63 kq) 28 xalla ilk \u201c5-liy\u201di qapay\u0131r. Z\u0259d\u0259 s\u0259b\u0259bind\u0259n qit\u0259 birinciliyind\u0259 i\u015ftirak etm\u0259y\u0259n R\u0259sul \u00c7unayev (-72 kq) 25 xalla s\u0259kkizincidir. Elvin M\u00fcrs\u0259liyevin (-77 kq) aktivind\u0259 16 xal var v\u0259 12-ci yerd\u0259dir. Avropa ikincisi olan \u0130slam Abbasov (-87 kq) xal\u0131n\u0131 40-a \u00e7atd\u0131r\u0131b v\u0259 d\u00f6rd\u00fcnc\u00fc pill\u0259y\u0259 y\u00fcks\u0259lib. Orxan Nuriyev (97 kq) is\u0259 16 xalla 16-c\u0131d\u0131r.<\/p>\n<p>Qad\u0131n g\u00fcl\u0259\u015find\u0259 is\u0259 y\u0131\u011fman\u0131n yeddi \u00fczv\u00fc \u00f6n s\u0131ralardad\u0131r. Komandan\u0131n lideri Mariya Stadnik (-50 kq) aktivind\u0259ki 40 xalla ilk \u201c3-l\u00fcy\u201d\u00fc qapay\u0131r. 53 kq-da Anjela Doroqan (14) 16-c\u0131, 57 kq-da Alyona Kolesnik (12) 15-ci, 59 kq-da Elmira Q\u0259mb\u0259rova (16) 12-ci, 62 kq-da Tatyana Omel\u00e7enko (16) 13-c\u00fc, 65 kq-da Elis Manolova (20) 9-cu pill\u0259d\u0259 q\u0259rarla\u015f\u0131b. \u0130rina Netreban\u0131n ad\u0131 is\u0259 h\u0259m 65, h\u0259m d\u0259 68 kq-da ilk \u201c20-lik\u201dd\u0259dir. \u0130rina 65 kq \u00fczr\u0259 25 xalla 6-c\u0131, 68 kq-da is\u0259 14 xalla 18-ci s\u0131radad\u0131r.<\/p>\n<p>Qeyd ed\u0259k ki, Avropa v\u0259 d\u00fcnya \u00e7empionat\u0131 kimi n\u00fcfuzlu yar\u0131\u015flarda p\u00fc\u015fkatma zaman\u0131 reytinq siyah\u0131s\u0131 n\u0259z\u0259r\u0259 al\u0131n\u0131r.oxu.az<\/p>\n","protected":false},"excerpt":{"rendered":"<p>D\u00fcnya G\u00fcl\u0259\u015f Birliyi (UWW) \u00f6t\u0259n h\u0259ft\u0259 Rum\u0131niyan\u0131n paytaxt\u0131 Buxarestd\u0259 ke\u00e7irilmi\u015f Avropa \u00e7empionat\u0131n\u0131n yekunlar\u0131na \u0259sas\u0259n reytinq siyah\u0131s\u0131n\u0131 yenil\u0259yib. ARANTV.AZ\u00a0x\u0259b\u0259r verir ki, s\u0259rb\u0259st g\u00fcl\u0259\u015f\u00e7il\u0259rin siyah\u0131s\u0131nda m\u00fcxt\u0259lif \u00e7\u0259kil\u0259r \u00fczr\u0259 ilk \u201c20-lik\u201dd\u0259 11 y\u0131\u011fma \u00fczv\u00fc yer al\u0131b. Buxarestd\u0259 s\u0259kkiz illik fasil\u0259d\u0259n sonra \u00fc\u00e7\u00fcnc\u00fc Avropa \u00e7empionlu\u011funu qeyd ed\u0259n C\u0259bray\u0131l H\u0259s\u0259nov (-79 kq) xal\u0131n\u0131 60-a \u00e7atd\u0131r\u0131b v\u0259 indi onunla eyni xala malik amerikal\u0131 d\u00fcnya \u00e7empionu Kayl Deykl\u0259 1-2-ci yerl\u0259ri b\u00f6l\u00fc\u015f\u00fcr. Qit\u0259 birinciliyind\u0259 f\u0259xri k\u00fcrs\u00fcn\u00fcn \u0259n y\u00fcks\u0259k pill\u0259sin\u0259 qalxan daha iki s\u0259rb\u0259st g\u00fcl\u0259\u015f\u00e7imiz \u2013 Hac\u0131 \u018fliyev (-65 kq) v\u0259 \u015e\u0259rif \u015e\u0259rifov (-92 kq) da reytinqd\u0259 ir\u0259lil\u0259yib. Hac\u0131&hellip;<\/p>\n","protected":false},"author":2,"featured_media":51722,"comment_status":"closed","ping_status":"closed","sticky":false,"template":"","format":"standard","meta":{"om_disable_all_campaigns":false,"_monsterinsights_skip_tracking":false,"_monsterinsights_sitenote_active":false,"_monsterinsights_sitenote_note":"","_monsterinsights_sitenote_category":0},"categories":[6],"tags":[],"aioseo_notices":[],"gutentor_comment":0,"rttpg_featured_image_url":{"full":["https:\/\/arantv.az\/wp-content\/uploads\/2019\/04\/cebi3.jpg",620,412,false],"landscape":["https:\/\/arantv.az\/wp-content\/uploads\/2019\/04\/cebi3.jpg",620,412,false],"portraits":["https:\/\/arantv.az\/wp-content\/uploads\/2019\/04\/cebi3.jpg",620,412,false],"thumbnail":["https:\/\/arantv.az\/wp-content\/uploads\/2019\/04\/cebi3-150x150.jpg",150,150,true],"medium":["https:\/\/arantv.az\/wp-content\/uploads\/2019\/04\/cebi3-300x199.jpg",300,199,true],"large":["https:\/\/arantv.az\/wp-content\/uploads\/2019\/04\/cebi3.jpg",620,412,false],"1536x1536":["https:\/\/arantv.az\/wp-content\/uploads\/2019\/04\/cebi3.jpg",620,412,false],"2048x2048":["https:\/\/arantv.az\/wp-content\/uploads\/2019\/04\/cebi3.jpg",620,412,false],"post-thumbnail":["https:\/\/arantv.az\/wp-content\/uploads\/2019\/04\/cebi3-240x172.jpg",240,172,true],"advps-thumb-one":["https:\/\/arantv.az\/wp-content\/uploads\/2019\/04\/cebi3.jpg",620,412,false]},"rttpg_author":{"display_name":"V\u00fcsal Rafiqo\u011flu","author_link":"https:\/\/arantv.az\/?author=2"},"rttpg_comment":0,"rttpg_category":"<a href=\"https:\/\/arantv.az\/?cat=6\" rel=\"category\">\u0130dman<\/a>","rttpg_excerpt":"D\u00fcnya G\u00fcl\u0259\u015f Birliyi (UWW) \u00f6t\u0259n h\u0259ft\u0259 Rum\u0131niyan\u0131n paytaxt\u0131 Buxarestd\u0259 ke\u00e7irilmi\u015f Avropa \u00e7empionat\u0131n\u0131n yekunlar\u0131na \u0259sas\u0259n reytinq siyah\u0131s\u0131n\u0131 yenil\u0259yib. ARANTV.AZ\u00a0x\u0259b\u0259r verir ki, s\u0259rb\u0259st g\u00fcl\u0259\u015f\u00e7il\u0259rin siyah\u0131s\u0131nda m\u00fcxt\u0259lif \u00e7\u0259kil\u0259r \u00fczr\u0259 ilk \u201c20-lik\u201dd\u0259 11 y\u0131\u011fma \u00fczv\u00fc yer al\u0131b. Buxarestd\u0259 s\u0259kkiz illik fasil\u0259d\u0259n sonra \u00fc\u00e7\u00fcnc\u00fc Avropa \u00e7empionlu\u011funu qeyd ed\u0259n C\u0259bray\u0131l H\u0259s\u0259nov (-79 kq) xal\u0131n\u0131 60-a \u00e7atd\u0131r\u0131b v\u0259 indi onunla eyni xala&hellip;","_links":{"self":[{"href":"https:\/\/arantv.az\/index.php?rest_route=\/wp\/v2\/posts\/51721"}],"collection":[{"href":"https:\/\/arantv.az\/index.php?rest_route=\/wp\/v2\/posts"}],"about":[{"href":"https:\/\/arantv.az\/index.php?rest_route=\/wp\/v2\/types\/post"}],"author":[{"embeddable":true,"href":"https:\/\/arantv.az\/index.php?rest_route=\/wp\/v2\/users\/2"}],"replies":[{"embeddable":true,"href":"https:\/\/arantv.az\/index.php?rest_route=%2Fwp%2Fv2%2Fcomments&post=51721"}],"version-history":[{"count":0,"href":"https:\/\/arantv.az\/index.php?rest_route=\/wp\/v2\/posts\/51721\/revisions"}],"wp:featuredmedia":[{"embeddable":true,"href":"https:\/\/arantv.az\/index.php?rest_route=\/wp\/v2\/media\/51722"}],"wp:attachment":[{"href":"https:\/\/arantv.az\/index.php?rest_route=%2Fwp%2Fv2%2Fmedia&parent=51721"}],"wp:term":[{"taxonomy":"category","embeddable":true,"href":"https:\/\/arantv.az\/index.php?rest_route=%2Fwp%2Fv2%2Fcategories&post=51721"},{"taxonomy":"post_tag","embeddable":true,"href":"https:\/\/arantv.az\/index.php?rest_route=%2Fwp%2Fv2%2Ftags&post=51721"}],"curies":[{"name":"wp","href":"https:\/\/api.w.org\/{rel}","templated":true}]}}